{"id":67147,"date":"2024-10-13T14:29:11","date_gmt":"2024-10-13T12:29:11","guid":{"rendered":"https:\/\/shunrize.com\/blog\/?p=67147"},"modified":"2025-02-07T12:30:30","modified_gmt":"2025-02-07T11:30:30","slug":"festival-cheries-cheris-programmation-2024","status":"publish","type":"post","link":"https:\/\/shunrize.com\/blog\/festival-cheries-cheris-programmation-2024\/","title":{"rendered":"Ch\u00e9ries-ch\u00e9ris 2024\u00a0: focus sur cette 30e \u00e9dition !"},"content":{"rendered":"\n<p><strong>Pr\u00eat \u00e0 faire le plein d\u2019\u00e9motions et de d\u00e9couvertes ? Ch\u00e9ries-ch\u00e9ris, le festival du Film LGBTQIA&amp;+++ s&rsquo;installe \u00e0 Paris du 15 au 26 novembre 2024.<\/strong><\/p>\n\n\n\n<p>Depuis 30 ans, <strong>Ch\u00e9ries-Ch\u00e9ris<\/strong> nous propose, une s\u00e9lection vari\u00e9e de fictions, documentaires et <a href=\"https:\/\/shunrize.com\/blog\/tag\/court-metrage\/\" target=\"_blank\" rel=\"noopener nofollow\" title=\"courts-m\u00e9trages\">courts-m\u00e9trages<\/a> autour des th\u00e9matiques queer. A l&rsquo;occasion de cette \u00e9dition anniversaire, les cin\u00e9mas <em>Mk2 biblioth\u00e8que<\/em>, <em>Quai de Seine<\/em> et <em>Beaubourg <\/em>s&rsquo;illumineront aux couleurs de l&rsquo;arc-en-ciel durant 12 jours. Avec pas moins de 74 longs-m\u00e9trages et 77 courts-m\u00e9trages, il y a de quoi satisfaire tous les cin\u00e9philes.<\/p>\n\n\n<div class=\"wp-block-image\">\n<figure class=\"aligncenter size-large\"><img data-recalc-dims=\"1\" decoding=\"async\" src=\"https:\/\/i0.wp.com\/www.shunrize.com\/2024\/Affiche-cheries-cheris-2024.jpg?w=700&#038;ssl=1\" alt=\"Affiche festival Ch\u00e9ries-ch\u00e9ris 2024\"\/><\/figure>\n<\/div>\n\n\n<h2 id=\"ouverture-et-cloture-cheries-cheris\" class=\"wp-block-heading\">Ouverture et cl\u00f4ture Ch\u00e9ries-Ch\u00e9ris<\/h2>\n\n\n\n<p><strong>Mika Ex Machina<\/strong> de D\u00e9borah Sa\u00efag &amp; Mika Tard (2024)<br \/>Com\u00e9die, France<br \/>Mardi 19 novembre au MK2 Biblioth\u00e8que<\/p>\n\n\n\n<p><strong>Ego\u00efst <\/strong>de Daishi Matsunaga<br \/>M\u00e9lodrame, Japon<br \/>Mardi 26 novembre au MK2 Biblioth\u00e8que<\/p>\n\n\n<div class=\"wp-block-image\">\n<figure class=\"aligncenter size-large\"><img data-recalc-dims=\"1\" decoding=\"async\" src=\"https:\/\/i0.wp.com\/www.shunrize.com\/2024\/Mika-Ex-Machina-Deborah-Sa%C3%AFag-et-Mika-Tard.jpg?w=700&#038;ssl=1\" alt=\"Mika film Ex-Machinade Deborah Sa\u00efag et Mika-Tard\"\/><figcaption class=\"wp-element-caption\"><strong>Mika Ex Machina<\/strong> de D\u00e9borah Sa\u00efag &amp; Mika Tard<\/figcaption><\/figure>\n<\/div>\n\n\n<h2 id=\"competition-fiction\" class=\"wp-block-heading\">Comp\u00e9tition fiction<\/h2>\n\n\n\n<p>\u2022 <strong>Adversaire <\/strong>de Milad Alami (Su\u00e8de, Norv\u00e8ge)<br \/>\u2022 <strong>Amusement Park<\/strong> de Ricardo Alves jr. (Br\u00e9sil)<br \/>\u2022 <strong>Baby <\/strong>de Marcelo Caetano (Br\u00e9sil) &#8211; Le 24\/11 au MK2 Quai de Seine, en pr\u00e9sence du r\u00e9alisateur<br \/>\u2022 <strong>Cidade; Campo<\/strong> de Juliana Rojas (Br\u00e9sil)<br \/>\u2022 <strong>Comme je ferme les yeux<\/strong> de Konstantin Bojanov (Bulgarie, France, Suisse)<br \/>\u2022 <strong>Concerning my daughter<\/strong> de Lee Mi-rang (Cor\u00e9e du sud)<br \/>\u2022 <strong>Crossing Istanbul <\/strong>de Levan Akin (su\u00e8de, Turquie, G\u00e9orgie) &#8211; Le 22\/11 au MK2 Quai de Seine<br \/>\u2022 <strong>Les reines du drame <\/strong>d\u2019Alexis Langlois (France) &#8211; Le 24\/11 au MK2 Quai de Seine, en pr\u00e9sence de l\u2019\u00e9quipe du film<br \/>\u2022 <strong>Sad Jokes <\/strong>de Fabian Stumm (Allemagne)<br \/>\u2022 <strong>Sebastian <\/strong>de Mikko Makela (Royaume-Uni, Finlande, Belgique)<br \/>\u2022 <strong>Slow <\/strong>de Marija Kavtaradze (Lituanie)<br \/>\u2022 <strong>Tout ira bien<\/strong> de Ray Yeung (Hong Kong) &#8211; Le 21\/11 au MK2 Beaubourg <br \/>\u2022 <strong>Young hearts <\/strong>d\u2019Anthony Schatteman (Belgique, Pays-Bas) &#8211; Le 21\/11 au MK2 Quai de Seine, en pr\u00e9sence du r\u00e9alisateur<\/p>\n\n\n<div class=\"wp-block-image\">\n<figure class=\"aligncenter size-large\"><img data-recalc-dims=\"1\" decoding=\"async\" src=\"https:\/\/i0.wp.com\/www.shunrize.com\/2024\/fictions-cheries-cheris-2024.jpg?w=700&#038;ssl=1\" alt=\"Films en comp\u00e9tition Ch\u00e9ries-Ch\u00e9ris 2024\"\/><figcaption class=\"wp-element-caption\">Films en comp\u00e9tition<\/figcaption><\/figure>\n<\/div>\n\n\n<h2 id=\"competition-documentaire\" class=\"wp-block-heading\">Comp\u00e9tition documentaire<\/h2>\n\n\n\n<p>\u2022 <strong>Avant-Drag ! <\/strong>de Fil Leropoulos (Gr\u00e8ce)<br \/>\u2022 <strong>Black as u r <\/strong>de Micheal Rice (Etats-Unis)<br \/>\u2022 <strong>Ce qui nous lie<\/strong> de Sonam Larcin (Belgique)<br \/>\u2022 <strong>El Polvo<\/strong> de Nicol\u00e1s Torchinsky (Argentine)<br \/>\u2022 <strong>Fragments d\u2019un parcours amoureux <\/strong>de Chlo\u00e9 Barreau (Italie) &#8211; Le 24\/11 au MK2 Beaubourg, en pr\u00e9sence de l\u2019\u00e9quipe du film<br \/>\u2022 <strong>Habibi, chanson pour mes ami.e.s<\/strong> de Florent Gou\u00eblou (France) &#8211; Le 16\/11 au MK2 Beaubourg, en pr\u00e9sence de l\u2019\u00e9quipe du film<br \/>\u2022 <strong>La photo retrouv\u00e9e<\/strong> de Pierre Primetens (France)<br \/>\u2022 <strong>Les madeleines<\/strong> de Arthur Dreyfus (France) &#8211; Le 23\/11 au MK2 Beaubourg, en pr\u00e9sence du r\u00e9alisateur<br \/>\u2022 <strong>Lesvia<\/strong> de Tzeli Hadjidimitriou (Gr\u00e8ce)<br \/>\u2022 <strong>Peaches goes bananas<\/strong> de Marie Losier (France, Belgique) &#8211; Le 23\/11 au MK2 Beaubourg, en pr\u00e9sence du r\u00e9alisatrice<br \/>\u2022 <strong>Trans memoria<\/strong> de Victoria Verseau (Su\u00e8de)<br \/>\u2022 <strong>With my open lungs<\/strong> de Yana Sad (Allemagne)<\/p>\n\n\n<div class=\"wp-block-image\">\n<figure class=\"aligncenter size-large is-resized\"><img data-recalc-dims=\"1\" decoding=\"async\" src=\"https:\/\/i0.wp.com\/www.shunrize.com\/2024\/docus-cheries-cheris-2024.jpg?w=700&#038;ssl=1\" alt=\"Documentaires en comp\u00e9tition Ch\u00e9ries-Ch\u00e9ris 2024\" style=\"width:680px;height:auto\"\/><figcaption class=\"wp-element-caption\">Documentaires en comp\u00e9tition Ch\u00e9ries-ch\u00e9ris 2024<\/figcaption><\/figure>\n<\/div>\n\n\n<h2 id=\"cheries-cheris-evenements\" class=\"wp-block-heading\">Ch\u00e9ries-Ch\u00e9ris \u00e9v\u00e8nements <\/h2>\n\n\n\n<p>\u2022 <strong>Cabo Negro<\/strong> de Abdellah Ta\u00efa (France, Maroc)<br \/>\u2022 <strong>Close to you<\/strong> de Dominic Savage (Canada)<br \/>\u2022 <strong>Fotogenico<\/strong> de Marcia Romano &amp; Beno\u00eet Sabatier (France)<br \/>\u2022 <strong>Les amants astronautes<\/strong> de Marco Berger (Argentine)<br \/>\u2022 <strong>Les jours heureux<\/strong> de Chlo\u00e9 Robichaud (Canada)<br \/>\u2022 <strong>My sunshine <\/strong>de Hiroshi Okuyama (Japon)<br \/>\u2022 <strong>The visitor<\/strong> de Bruce LaBruce (Royaume-Uni)<\/p>\n\n\n<div class=\"wp-block-image\">\n<figure class=\"aligncenter size-large is-resized\"><img data-recalc-dims=\"1\" decoding=\"async\" src=\"https:\/\/i0.wp.com\/www.shunrize.com\/2024\/seance-evenements-cheries-cheris-2024.jpg?w=700&#038;ssl=1\" alt=\"S\u00e9ances \u00e9v\u00e8nements Ch\u00e9ries-Ch\u00e9ris 2024\" style=\"width:680px;height:auto\"\/><figcaption class=\"wp-element-caption\">S\u00e9ances \u00e9v\u00e8nements Ch\u00e9ries-ch\u00e9ris 2024<\/figcaption><\/figure>\n<\/div>\n\n\n<h2 id=\"cinema-queer-lituanien\" class=\"wp-block-heading\">Cin\u00e9ma queer lituanien<\/h2>\n\n\n\n<p>Co-programm\u00e9e par le r\u00e9alisateur <strong>Romas Zabarauskas<\/strong> (<em>Tomber pour Ali<\/em>), Ch\u00e9ries-Ch\u00e9ris pr\u00e9sentera une mini r\u00e9trospective du cin\u00e9ma queer lituanien. En marge de la <a href=\"https:\/\/saisonlituanie.com\/\" target=\"_blank\" rel=\"noopener nofollow\" title=\"Saison de la Lituanie en France\">Saison de la Lituanie en France<\/a> qui aura lieu jusqu\u2019au 12 d\u00e9cembre prochain, 3 longs-m\u00e9trages et 3 courts-m\u00e9trages\u00a0seront ainsi projet\u00e9s.<\/p>\n\n\n\n<p>\u2022 <strong>Julia <\/strong>de Jackie Baier (2013)<br \/>\u2022 <strong>Summer <\/strong>de Alant\u00e9 Kava\u00eft\u00e9 (2015)<br \/>\u2022 <strong>The writer<\/strong> de Romas Zabarauskas (2024)<br \/>\u2022 <strong>Dear friend<\/strong> de Agne Jokse (2019)<br \/>\u2022 <strong>Happy next year !<\/strong> de Lukas Kacinauskas (2023)<br \/>\u2022 <strong>Porno melodrama<\/strong> de Romas Zabarauskas (2011)<\/p>\n\n\n<div class=\"wp-block-image\">\n<figure class=\"aligncenter size-large is-resized\"><img data-recalc-dims=\"1\" decoding=\"async\" src=\"https:\/\/i0.wp.com\/www.shunrize.com\/2024\/Cinema-Lituanien-cheries-cheris-2024.jpg?w=700&#038;ssl=1\" alt=\"R\u00e9tro cin\u00e9ma queer Lituanien Cheries-Cheris 2024\" style=\"width:680px;height:auto\"\/><figcaption class=\"wp-element-caption\">R\u00e9tro cin\u00e9ma queer Lituanien<\/figcaption><\/figure>\n<\/div>\n\n\n<h2 id=\"cheries-cheris-patrimoine\" class=\"wp-block-heading\">Ch\u00e9ries-Ch\u00e9ris Patrimoine<\/h2>\n\n\n\n<p>Le cin\u00e9-club <a href=\"https:\/\/le7egenre.fr\/\" target=\"_blank\" rel=\"noopener nofollow\" title=\"Le 7e genre\">Le 7e genre<\/a> assurera la programmation de la section patrimoine. Avec au menu des projections suivies de d\u00e9bats, de tables rondes.<\/p>\n\n\n\n<p>\u2022 <strong>Go fish<\/strong> de Rose Troche (1994, Etats-Unis)<br \/>\u2022 <strong>L\u2019homme bless\u00e9<\/strong> de Patrice Ch\u00e9reau (1983, France)<br \/>\u2022 <strong>Les corps ouverts<\/strong> de S\u00e9bastien Lifshitz (1997, France)<br \/>\u2022 <strong>Les terres froides<\/strong> de S\u00e9bastien Lifshitz (1999, France)<br \/>\u2022 <strong>Vegas in space<\/strong> de Phillip R. Ford (1991, Etats-Unis)<\/p>\n\n\n<div class=\"wp-block-image\">\n<figure class=\"aligncenter size-large is-resized\"><img data-recalc-dims=\"1\" decoding=\"async\" src=\"https:\/\/i0.wp.com\/www.shunrize.com\/2024\/patrimoine-cheries-cheris-2024.jpg?w=700&#038;ssl=1\" alt=\"S\u00e9ance Patrimoine Cheries-Cheris 2024\" style=\"width:680px;height:auto\"\/><figcaption class=\"wp-element-caption\">S\u00e9ances Patrimoine<\/figcaption><\/figure>\n<\/div>\n\n\n<h2 id=\"panorama\" class=\"wp-block-heading\">Panorama<\/h2>\n\n\n\n<p>\u2022 <strong>A cheap film <\/strong>d\u2019Osama Chami (Espagne)<br \/>\u2022 <strong>Big boys <\/strong>de Corey Sherman (Etats-Unis)<br \/>\u2022 <strong>Bluish <\/strong>de Lilith Kraxner &amp; Milena Czernovsky (Autriche)<br \/>\u2022 <strong>Green night<\/strong> de Han Shuai (Hong Kong, Chine)<br \/>\u2022 <strong>La bella estate<\/strong> de Laura Luchetti (Italie)<br \/>\u2022 <strong>L\u2019\u00e2ge imminent<\/strong> de Collectiu Vig\u00edlia, Clara Serrano Llorens, Gerard Sim\u00f3 Gimeno (Espagne)<br \/>\u2022 <strong>Les d\u00e9mons de l\u2019aube<\/strong> de Juli\u00e1n Hern\u00e1ndez (Mexique)<br \/>\u2022 <strong>L\u2019\u00e9tincelle <\/strong>d\u2019Inari Niemi (Finlande)<br \/>\u2022 <strong>Mascarpone 2 &#8211; The rainbow cake<\/strong> d\u2019Alessandro Guida (Italie)<br \/>\u2022 <strong>Moi, ma m\u00e8re et les autres<\/strong> d\u2019Iair Said (Argentine, Italie, Espagne)<br \/>\u2022 <strong>Out <\/strong>de Dennis Alink (Pays-Bas)<br \/>\u2022 <strong>Prisonni\u00e8res <\/strong>de Lola Arias (Argentine)<br \/>\u2022 <strong>Rossosperanza <\/strong>d\u2019Annarita Zambrano (Italie)<br \/>\u2022 <strong>Sara <\/strong>d\u2019Ismail Basbeth (Indon\u00e9sie)<br \/>\u2022 <strong>Sunflower <\/strong>de Gabriel Carrubba (Australie)<\/p>\n\n\n<div class=\"wp-block-image\">\n<figure class=\"aligncenter size-large is-resized\"><img data-recalc-dims=\"1\" decoding=\"async\" src=\"https:\/\/i0.wp.com\/www.shunrize.com\/2024\/panorama-cheries-cheris-2024.jpg?w=700&#038;ssl=1\" alt=\"S\u00e9ances Panorama fiction Cheries-Cheris 2024\" style=\"width:680px;height:auto\"\/><figcaption class=\"wp-element-caption\">S\u00e9ances Panorama fiction<\/figcaption><\/figure>\n<\/div>\n\n\n<p>Mais ce n\u2019est pas tout, il y aura aussi des moyens m\u00e9trages, un panorama consacr\u00e9 aux documentaires, une comp\u00e9tition courts-m\u00e9trages (queer, gay, gay hot, transgenre, lesbien, lesbo-queer hot), des rencontres, des ateliers et des \u00e9changes. Encourageant la r\u00e9flexion et l&rsquo;ouverture d&rsquo;esprit, <em>Ch\u00e9ries-Ch\u00e9ris 2024<\/em> est un rendez-vous \u00e0 ne pas manquer dans la capitale fran\u00e7aise.<\/p>\n\n\n\n<h2 id=\"a-retenir\" class=\"wp-block-heading\">A retenir<\/h2>\n\n\n\n<p><strong>Ch\u00e9ries-Ch\u00e9ris<\/strong> du 15 au 26 novembre 2024<br \/>MK2 Biblioth\u00e8que 128-162 avenue de France, Paris 13e<br \/>MK2 Beaubourg 50, rue Rambuteau, Paris 3e<br \/>MK2 Quai de Seine 14, quai de la Seine, Paris 19e<br \/>Plus d\u2019infos sur : <a href=\"https:\/\/cheries-cheris.com\/festival\/\" target=\"_blank\" rel=\"noopener nofollow\" title=\"https:\/\/cheries-cheris.com\/festival\/\">https:\/\/cheries-cheris.com\/festival\/<\/a><\/p>\n\n\n\n<p class=\"has-text-align-right\">\u00a9 Art House Distribution \/ Pyramide Distribution. Tous droits r\u00e9serv\u00e9s.<\/p>\n","protected":false},"excerpt":{"rendered":"<p>Pr\u00eat \u00e0 faire le plein d\u2019\u00e9motions et de d\u00e9couvertes ? Ch\u00e9ries-ch\u00e9ris, le festival du Film LGBTQIA&amp;+++ s&rsquo;installe \u00e0 Paris du 15 au 26 novembre 2024. Depuis 30 ans, Ch\u00e9ries-Ch\u00e9ris nous propose, une s\u00e9lection vari\u00e9e de fictions, documentaires et courts-m\u00e9trages autour des th\u00e9matiques queer. A l&rsquo;occasion de cette \u00e9dition anniversaire, les cin\u00e9mas Mk2 biblioth\u00e8que, Quai de [&hellip;]<\/p>\n","protected":false},"author":1,"featured_media":67148,"comment_status":"open","ping_status":"open","sticky":false,"template":"","format":"standard","meta":{"jetpack_post_was_ever_published":false,"_jetpack_newsletter_access":"","_jetpack_dont_email_post_to_subs":false,"_jetpack_newsletter_tier_id":0,"_jetpack_memberships_contains_paywalled_content":false,"csco_page_load_nextpost":"","csco_post_video_location":[],"csco_post_video_location_hash":"","csco_post_video_url":"","csco_post_video_bg_start_time":0,"csco_post_video_bg_end_time":0,"csco_post_text_color":"","_jetpack_memberships_contains_paid_content":false,"footnotes":"","jetpack_publicize_message":"","jetpack_publicize_feature_enabled":true,"jetpack_social_post_already_shared":true,"jetpack_social_options":{"image_generator_settings":{"template":"highway","default_image_id":0,"font":"","enabled":false},"version":2}},"categories":[5149],"tags":[7285,7414,77],"class_list":{"0":"post-67147","1":"post","2":"type-post","3":"status-publish","4":"format-standard","5":"has-post-thumbnail","7":"category-culture","8":"tag-cinema","9":"tag-coree-du-sud","10":"tag-court-metrage","11":"cs-entry","12":"cs-video-wrap"},"aioseo_notices":[],"jetpack_publicize_connections":[],"jetpack_featured_media_url":"https:\/\/i0.wp.com\/shunrize.com\/blog\/wp-content\/uploads\/2024\/10\/Egoist-Daishi-Matsunaga-scaled.jpg?fit=2560%2C1707&ssl=1","jetpack-related-posts":[{"id":40927,"url":"https:\/\/shunrize.com\/blog\/palmares-pifff-2014\/","url_meta":{"origin":67147,"position":0},"title":"PIFFF 2014 &#8211; Le Palmar\u00e8s de cette 4e \u00e9dition","author":"Val\u00e9rie Denise","date":"26\/11\/2014","format":false,"excerpt":"Retrouvez le palmar\u00e8s complet de la 3e \u00e9dition du Paris International Fantastic Film Festival","rel":"","context":"Dans &quot;DEVIANT ZONE&quot;","block_context":{"text":"DEVIANT ZONE","link":"https:\/\/shunrize.com\/blog\/category\/deviant-zone\/"},"img":{"alt_text":"","src":"https:\/\/i0.wp.com\/shunrize.com\/blog\/wp-content\/uploads\/2014\/10\/PIFFF-2014.png?fit=750%2C400&ssl=1&resize=350%2C200","width":350,"height":200,"srcset":"https:\/\/i0.wp.com\/shunrize.com\/blog\/wp-content\/uploads\/2014\/10\/PIFFF-2014.png?fit=750%2C400&ssl=1&resize=350%2C200 1x, https:\/\/i0.wp.com\/shunrize.com\/blog\/wp-content\/uploads\/2014\/10\/PIFFF-2014.png?fit=750%2C400&ssl=1&resize=525%2C300 1.5x, https:\/\/i0.wp.com\/shunrize.com\/blog\/wp-content\/uploads\/2014\/10\/PIFFF-2014.png?fit=750%2C400&ssl=1&resize=700%2C400 2x"},"classes":[]},{"id":37513,"url":"https:\/\/shunrize.com\/blog\/festival-ptit-clap-2014-inscription-court-metrage\/","url_meta":{"origin":67147,"position":1},"title":"Festival Ptit Clap 2014 : Inscrivez votre court-m\u00e9trage","author":"Val\u00e9rie Denise","date":"23\/02\/2014","format":false,"excerpt":"Appel \u00e0 contribution 5e \u00e9dition Festival court-m\u00e9trage Ptit Clap","rel":"","context":"Dans &quot;CULTURE&quot;","block_context":{"text":"CULTURE","link":"https:\/\/shunrize.com\/blog\/category\/culture\/"},"img":{"alt_text":"","src":"https:\/\/i0.wp.com\/shunrize.com\/blog\/wp-content\/uploads\/2014\/02\/ptit-clap2014.png?fit=628%2C356&ssl=1&resize=350%2C200","width":350,"height":200,"srcset":"https:\/\/i0.wp.com\/shunrize.com\/blog\/wp-content\/uploads\/2014\/02\/ptit-clap2014.png?fit=628%2C356&ssl=1&resize=350%2C200 1x, https:\/\/i0.wp.com\/shunrize.com\/blog\/wp-content\/uploads\/2014\/02\/ptit-clap2014.png?fit=628%2C356&ssl=1&resize=525%2C300 1.5x"},"classes":[]},{"id":27431,"url":"https:\/\/shunrize.com\/blog\/palmares-pifff-2012\/","url_meta":{"origin":67147,"position":2},"title":"PIFFF 2012 &#8211; Palmar\u00e8s de cette 2e \u00e9dition","author":"Val\u00e9rie Denise","date":"26\/11\/2012","format":false,"excerpt":"Du 16 au 25 novembre dernier, 9000 spectateurs ont choisi de se rendre au cin\u00e9ma Gaumont Op\u00e9ra pour le Paris International Fantastic Film Festival (PIFFF). Une seconde \u00e9dition qui proposaient aux amateurs de films fantastique 27 longs-m\u00e9trages internationaux dont plusieurs premi\u00e8res mondiales, europ\u00e9ennes et fran\u00e7aises, 23 courts-m\u00e9trages fran\u00e7ais et internationaux\u2026","rel":"","context":"Dans &quot;DEVIANT ZONE&quot;","block_context":{"text":"DEVIANT ZONE","link":"https:\/\/shunrize.com\/blog\/category\/deviant-zone\/"},"img":{"alt_text":"","src":"https:\/\/i0.wp.com\/shunrize.com\/blog\/wp-content\/uploads\/2012\/11\/pifff_2012.jpg?fit=628%2C356&ssl=1&resize=350%2C200","width":350,"height":200,"srcset":"https:\/\/i0.wp.com\/shunrize.com\/blog\/wp-content\/uploads\/2012\/11\/pifff_2012.jpg?fit=628%2C356&ssl=1&resize=350%2C200 1x, https:\/\/i0.wp.com\/shunrize.com\/blog\/wp-content\/uploads\/2012\/11\/pifff_2012.jpg?fit=628%2C356&ssl=1&resize=525%2C300 1.5x"},"classes":[]},{"id":46769,"url":"https:\/\/shunrize.com\/blog\/deviant-zone-speciale-courts-metrages-2015\/","url_meta":{"origin":67147,"position":3},"title":"Deviant Zone : Sp\u00e9ciale Courts-m\u00e9trages 2015","author":"Val\u00e9rie Denise","date":"26\/10\/2015","format":false,"excerpt":"[dropcap size=small]P[\/dropcap]our la seconde fois, la Deviant Zone et le Festival M\u00eame Pas Peur qui se d\u00e9roule chaque ann\u00e9e sur l\u2019Ile de la R\u00e9union s\u2019unissent afin de vous proposer une soir\u00e9e sp\u00e9ciale consacr\u00e9e aux Courts M\u00e9trages de Genre. Com\u00e9die, science-fiction, anticipation, horreur, action ou fantastique. Ce soir-l\u00e0, une vingtaine de\u2026","rel":"","context":"Dans &quot;DEVIANT ZONE&quot;","block_context":{"text":"DEVIANT ZONE","link":"https:\/\/shunrize.com\/blog\/category\/deviant-zone\/"},"img":{"alt_text":"","src":"https:\/\/i0.wp.com\/shunrize.com\/blog\/wp-content\/uploads\/2015\/10\/Deviant-Zone-CM-2015.jpg?fit=1200%2C520&ssl=1&resize=350%2C200","width":350,"height":200,"srcset":"https:\/\/i0.wp.com\/shunrize.com\/blog\/wp-content\/uploads\/2015\/10\/Deviant-Zone-CM-2015.jpg?fit=1200%2C520&ssl=1&resize=350%2C200 1x, https:\/\/i0.wp.com\/shunrize.com\/blog\/wp-content\/uploads\/2015\/10\/Deviant-Zone-CM-2015.jpg?fit=1200%2C520&ssl=1&resize=525%2C300 1.5x, https:\/\/i0.wp.com\/shunrize.com\/blog\/wp-content\/uploads\/2015\/10\/Deviant-Zone-CM-2015.jpg?fit=1200%2C520&ssl=1&resize=700%2C400 2x, https:\/\/i0.wp.com\/shunrize.com\/blog\/wp-content\/uploads\/2015\/10\/Deviant-Zone-CM-2015.jpg?fit=1200%2C520&ssl=1&resize=1050%2C600 3x"},"classes":[]},{"id":32077,"url":"https:\/\/shunrize.com\/blog\/palmares-pifff-2013\/","url_meta":{"origin":67147,"position":4},"title":"PIFFF 2013 &#8211; Palmar\u00e8s de cette 3e edition","author":"Val\u00e9rie Denise","date":"26\/11\/2013","format":false,"excerpt":"Du 19 au 24 novembre, 7550 spectateurs ont squatt\u00e9s le cin\u00e9ma Gaumont Op\u00e9ra pour assister aux 23 s\u00e9ances de la troisi\u00e8me \u00e9dition du Paris International Fantastic Film Festival (PIFFF). Longs-m\u00e9trages internationaux, s\u00e9ances cultes, court-m\u00e9trages, nuit \u00e0 th\u00e8me, d\u00e9dicace et avant-premi\u00e8re. Un programme vari\u00e9 concoct\u00e9 par Fausto Fasulo, r\u00e9dacteur en chef\u2026","rel":"","context":"Dans &quot;CULTURE&quot;","block_context":{"text":"CULTURE","link":"https:\/\/shunrize.com\/blog\/category\/culture\/"},"img":{"alt_text":"","src":"https:\/\/i0.wp.com\/shunrize.com\/blog\/wp-content\/uploads\/2013\/11\/bilan-pifff-2013.jpg?fit=628%2C356&ssl=1&resize=350%2C200","width":350,"height":200,"srcset":"https:\/\/i0.wp.com\/shunrize.com\/blog\/wp-content\/uploads\/2013\/11\/bilan-pifff-2013.jpg?fit=628%2C356&ssl=1&resize=350%2C200 1x, https:\/\/i0.wp.com\/shunrize.com\/blog\/wp-content\/uploads\/2013\/11\/bilan-pifff-2013.jpg?fit=628%2C356&ssl=1&resize=525%2C300 1.5x"},"classes":[]},{"id":13786,"url":"https:\/\/shunrize.com\/blog\/festival-silhouette-interview-programmateur\/","url_meta":{"origin":67147,"position":5},"title":"Vincent Foucault, programmateur du Festival Silhouette","author":"Val\u00e9rie Denise","date":"02\/09\/2010","format":false,"excerpt":"Depuis 2002, Le Festival Silhouette permet l'acc\u00e8s gratuit et en plein air \u00e0 une centaine de court-m\u00e9trages. Organis\u00e9e par des b\u00e9n\u00e9voles, cette 9e \u00e9dition donne une fois encore rendez-vous aux cin\u00e9philes parisiens avides de d\u00e9couvertes au Parc des Buttes-Chaumont mais aussi au 104 et au Goethe Institut. Jusqu'au 5 septembre\u2026","rel":"","context":"Dans &quot;INSPIRATION&quot;","block_context":{"text":"INSPIRATION","link":"https:\/\/shunrize.com\/blog\/category\/interview\/"},"img":{"alt_text":"","src":"https:\/\/i0.wp.com\/shunrize.com\/blog\/wp-content\/uploads\/2010\/09\/LOGOASSOCIATIONSILHOUETTE.jpg?fit=628%2C356&ssl=1&resize=350%2C200","width":350,"height":200,"srcset":"https:\/\/i0.wp.com\/shunrize.com\/blog\/wp-content\/uploads\/2010\/09\/LOGOASSOCIATIONSILHOUETTE.jpg?fit=628%2C356&ssl=1&resize=350%2C200 1x, https:\/\/i0.wp.com\/shunrize.com\/blog\/wp-content\/uploads\/2010\/09\/LOGOASSOCIATIONSILHOUETTE.jpg?fit=628%2C356&ssl=1&resize=525%2C300 1.5x"},"classes":[]}],"jetpack_sharing_enabled":true,"_links":{"self":[{"href":"https:\/\/shunrize.com\/blog\/wp-json\/wp\/v2\/posts\/67147","targetHints":{"allow":["GET"]}}],"collection":[{"href":"https:\/\/shunrize.com\/blog\/wp-json\/wp\/v2\/posts"}],"about":[{"href":"https:\/\/shunrize.com\/blog\/wp-json\/wp\/v2\/types\/post"}],"author":[{"embeddable":true,"href":"https:\/\/shunrize.com\/blog\/wp-json\/wp\/v2\/users\/1"}],"replies":[{"embeddable":true,"href":"https:\/\/shunrize.com\/blog\/wp-json\/wp\/v2\/comments?post=67147"}],"version-history":[{"count":0,"href":"https:\/\/shunrize.com\/blog\/wp-json\/wp\/v2\/posts\/67147\/revisions"}],"wp:featuredmedia":[{"embeddable":true,"href":"https:\/\/shunrize.com\/blog\/wp-json\/wp\/v2\/media\/67148"}],"wp:attachment":[{"href":"https:\/\/shunrize.com\/blog\/wp-json\/wp\/v2\/media?parent=67147"}],"wp:term":[{"taxonomy":"category","embeddable":true,"href":"https:\/\/shunrize.com\/blog\/wp-json\/wp\/v2\/categories?post=67147"},{"taxonomy":"post_tag","embeddable":true,"href":"https:\/\/shunrize.com\/blog\/wp-json\/wp\/v2\/tags?post=67147"}],"curies":[{"name":"wp","href":"https:\/\/api.w.org\/{rel}","templated":true}]}}