{"id":66878,"date":"2024-03-29T23:18:08","date_gmt":"2024-03-29T22:18:08","guid":{"rendered":"https:\/\/shunrize.com\/blog\/?p=66878"},"modified":"2025-01-22T11:42:05","modified_gmt":"2025-01-22T10:42:05","slug":"randonnee-boucle-vallon-des-gallicourts-et-la-seine","status":"publish","type":"post","link":"https:\/\/shunrize.com\/blog\/randonnee-boucle-vallon-des-gallicourts-et-la-seine\/","title":{"rendered":"La boucle du Vallon des Gallicourts et la Seine"},"content":{"rendered":"\n<p><strong>Lundi 25 mars. Nous voil\u00e0 enfin de retour sur les <a href=\"https:\/\/shunrize.com\/blog\/tag\/ile-de-france\/\" target=\"_blank\" rel=\"noopener nofollow\" title=\"sentiers d\u2019Ile de France\">sentiers d\u2019Ile de France<\/a>. Cette fois-ci, direction Rueil-Malmaison dans les Hauts-de-Seine pour une randonn\u00e9e de 13 kilom\u00e8tres.<\/strong><\/p>\n\n\n\n<p>Avec un territoire couvert \u00e0 45 % d&rsquo;espaces verts, le 92 a de quoi satisfaire nos envies de nature. Dans ce d\u00e9partement, on a d\u00e9j\u00e0 test\u00e9 la sportive <a href=\"https:\/\/shunrize.com\/blog\/randonnee-la-bossapas-du-bois-de-clamart\/\" target=\"_blank\" rel=\"noopener nofollow\" title=\"Bossapas\">Bossapas<\/a>. Mais aujourd&rsquo;hui, la balade est nettement plus accessible. Nous sommes venus en voiture mais cette randonn\u00e9e en boucle peut aussi se faire depuis la station du RER A de Rueil-Malmaison. Ici, on suit successivement le balisage du PR 1, PR 3, <a href=\"https:\/\/www.ffrandonnee-idf.fr\/randonner\/itin%C3%A9raires\/gr-ceinture-verte\/\" target=\"_blank\" rel=\"noopener nofollow\" title=\"GRP de la Ceinture Verte\">GRP de la Ceinture Verte<\/a>, GR 2 et du PR 9.<\/p>\n\n\n\n<p class=\"has-green-background-color has-background\"><strong>D\u00e9part et arriv\u00e9e :<\/strong> Rueil-Malmaison, RER A ou Parking gratuit Pont de Chatou<br \/><strong>Dur\u00e9e estim\u00e9e :<\/strong> 4h<br \/><strong>Distance estim\u00e9e :<\/strong> 13 km<br \/><strong>D\u00e9nivel\u00e9 positif cumul\u00e9 :<\/strong> 241 m<br \/><strong>Balisage :<\/strong> jaune, jaune-rouge, blanc-rouge, jaune-rouge, blanc-rouge<\/p>\n\n\n\n<h2 id=\"les-rives-de-la-seine\" class=\"wp-block-heading\">Les rives de la Seine<\/h2>\n\n\n\n<p class=\"has-text-align-left\">Apr\u00e8s avoir travers\u00e9 le pont de Chatou et rejoint le quai de halage, on profite de la Seine. Difficile de ne pas s&rsquo;\u00e9merveiller devant ce chemin bord\u00e9 de saules pleureurs et d&rsquo;Aulnes glutineux qui inspira les toiles des grands ma\u00eetres du XIX<sup>e<\/sup> si\u00e8cle, tels que <strong>Renoir, Pissarro <\/strong>ou <strong>Berthe Morisot<\/strong>. En face, on aper\u00e7oit d&rsquo;ailleurs le Parc des \u0130mpressionnistes qui rend hommage \u00e0 <strong>Claude Monet<\/strong>. <\/p>\n\n\n<div class=\"wp-block-image is-style-default\">\n<figure class=\"aligncenter size-large\"><img decoding=\"async\" src=\"https:\/\/www.shunrize.com\/2024\/randonnee-vallons-gallicourts-1.jpg \" alt=\"\"\/><\/figure>\n<\/div>\n\n\n<p class=\"has-text-align-left\">A une soixantaine de m\u00e8tres du pont de chemin de fer, l&rsquo;ancienne <a href=\"https:\/\/www.facebook.com\/LesAmisDeLaMaisonGiquel?ref=hl\" target=\"_blank\" rel=\"noopener nofollow\" title=\"Guinguette Giquel\">Guinguette Giquel<\/a><strong> <\/strong>accueille&nbsp;d\u00e9sormais une salle culturelle consacr\u00e9e \u00e0 des expositions et animations. Celle-ci connu son apog\u00e9e dans l&rsquo;entre-deux guerres et fut fr\u00e9quent\u00e9e par <strong>Mistinguett&rsquo;<\/strong>.<\/p>\n\n\n<div class=\"wp-block-image is-style-default\">\n<figure class=\"aligncenter size-large\"><img decoding=\"async\" src=\"https:\/\/www.shunrize.com\/2024\/randonnee-vallons-gallicourts-15.jpg \" alt=\"Guinguette Giquel\"\/><figcaption class=\"wp-element-caption\">Maison Giquel &#8211; 49 quai du Halage, 92500 Rueil Malmaison<\/figcaption><\/figure>\n<\/div>\n\n\n<p>On poursuit sur la <strong>Promenade Zouk Mikael<\/strong> qui jouxte un Golf et le <strong>Parc des Bords de Seine<\/strong>. Ouvert au public depuis mai 2021, ce dernier est dot\u00e9 d&rsquo;une aire de pique-nique et de WC. Puis, on passe la grande b\u00e2tisse \u00e0 colombages de <a href=\"https:\/\/lefruitdefendu.com\/\" target=\"_blank\" rel=\"noopener nofollow\" title=\"L\u2019Auberge Le Fruit D\u00e9fendu\">L\u2019Auberge Le Fruit D\u00e9fendu<\/a>. Cet H\u00f4tel restaurant fond\u00e9 il y a pr\u00e8s de trois si\u00e8cles a accueilli des c\u00e9l\u00e9brit\u00e9s comme <strong>Edith Piaf<\/strong>.<\/p>\n\n\n<div class=\"wp-block-image is-style-default\">\n<figure class=\"aligncenter size-large is-resized\"><img decoding=\"async\" src=\"https:\/\/www.shunrize.com\/2024\/randonnee-vallons-gallicourts-17.jpg \" alt=\"L'auberge du Fruit D\u00e9fendu\" style=\"width:680px;height:auto\"\/><figcaption class=\"wp-element-caption\">Auberge Le Fruit D\u00e9fendu &#8211; 80 boulevard Bellerive, 92500 Rueil-Malmaison<\/figcaption><\/figure>\n<\/div>\n\n<div class=\"wp-block-image is-style-default\">\n<figure class=\"aligncenter size-large\"><img decoding=\"async\" src=\"https:\/\/www.shunrize.com\/2024\/randonnee-vallons-gallicourts-16.jpg \" alt=\"Fontaine de L'auberge du Fruit D\u00e9fendu\"\/><\/figure>\n<\/div>\n\n\n<p>Ensuite, on coupe par les prairies de <strong>La plaine de Closeaux<\/strong> o\u00f9 l&rsquo;on trouve aussi des tables de pique-nique et des fontaines. On passe la RD 913 via <strong>la passerelle des Gallicourts<\/strong> et gagnons le <strong>Jardin public du Commandant Jacquot<\/strong> via le PR 3. <\/p>\n\n\n\n<h2 id=\"les-coteaux-de-gallicourts\" class=\"wp-block-heading\">Les C\u00f4teaux de Gallicourts<\/h2>\n\n\n\n<p>Une fois dans le <strong>Parc naturel urbain du Vallon des Gallicourts<\/strong>, on suit le trac\u00e9 jaune-rouge du GRP de la Ceinture Verte. Cette coul\u00e9e verte qui s\u2019\u00e9tend sur 50 hectares rallie la For\u00eat domaniale de la Malmaison. Elle a \u00e9t\u00e9 pr\u00e9serv\u00e9e de l\u2019A86, qui devait l&#8217;emprunter gr\u00e2ce \u00e0 la construction d&rsquo;une portion souterraine. On profite donc d&rsquo;une des tables mises \u00e0 disposition pour y d\u00e9jeuner.<\/p>\n\n\n\n<figure class=\"wp-block-image size-large is-style-default\"><img decoding=\"async\" src=\"https:\/\/www.shunrize.com\/2024\/randonnee-vallons-gallicourts-2.jpg \" alt=\"Panneau Parc naturel Urbain\"\/><\/figure>\n\n\n<div class=\"wp-block-image is-style-default\">\n<figure class=\"aligncenter size-large\"><img decoding=\"async\" src=\"https:\/\/www.shunrize.com\/2024\/randonnee-vallons-gallicourts-4.jpg \" alt=\"parc vallon des gallicourts\"\/><\/figure>\n<\/div>\n\n\n<p>Sur ses terres acquises par <strong>Jos\u00e9phine de Beauharnais<\/strong> sous l&rsquo;Empire, la faune sauvage est tr\u00e8s pr\u00e9sente. Si on est chanceux, on peut notamment apercevoir des chevreuils venus de la for\u00eat voisine. Ici, il y a \u00e9galement plus de 370 esp\u00e8ces v\u00e9g\u00e9tales et d&rsquo;anciens vergers \u00e9voquant le pass\u00e9 agricole des lieux. <\/p>\n\n\n<div class=\"wp-block-image is-style-default\">\n<figure class=\"aligncenter size-large\"><img decoding=\"async\" src=\"https:\/\/www.shunrize.com\/2024\/randonnee-vallons-gallicourts-3.jpg \" alt=\"panneau explicatif faune vallon gallicourts\"\/><\/figure>\n<\/div>\n\n<div class=\"wp-block-image is-style-default\">\n<figure class=\"aligncenter size-large\"><img decoding=\"async\" src=\"https:\/\/www.shunrize.com\/2024\/randonnee-vallons-gallicourts-6.jpg \" alt=\"\"\/><\/figure>\n<\/div>\n\n<div class=\"wp-block-image is-style-default\">\n<figure class=\"aligncenter size-large\"><img decoding=\"async\" src=\"https:\/\/www.shunrize.com\/2024\/randonnee-vallons-gallicourts-7.jpg \" alt=\"vergers vallons gallicourts\"\/><\/figure>\n<\/div>\n\n\n<h2 id=\"la-foret-de-malmaison\" class=\"wp-block-heading\">La For\u00eat de Malmaison<\/h2>\n\n\n\n<p>Par un chemin rural, on p\u00e9n\u00e8tre bient\u00f4t dans <strong>La for\u00eat domaniale de Malmaison<\/strong>. Couvrant environ 200 hectares, elle est essentiellement constitu\u00e9e de ch\u00e2taigniers et de ch\u00eanes. Acquise par la premi\u00e8re \u00e9pouse de l\u2019empereur Napol\u00e9on 1er, en 1800, et reli\u00e9e au Ch\u00e2teau de Malmaison, elle \u00e9tendait le domaine sur un millier d&rsquo;hectares jusqu&rsquo;au bois de La Celle Saint Cloud. En suivant le sentier, on d\u00e9bouche sur <strong>l&rsquo;\u00e9tang de Saint-Cucufa<\/strong> qui doit son dr\u00f4le de nom \u00e0 des moines b\u00e9n\u00e9dictins.<\/p>\n\n\n<div class=\"wp-block-image is-style-default\">\n<figure class=\"aligncenter size-large\"><img decoding=\"async\" src=\"https:\/\/www.shunrize.com\/2024\/randonnee-vallons-gallicourts-8.jpg \" alt=\"\"\/><\/figure>\n<\/div>\n\n<div class=\"wp-block-image is-style-default\">\n<figure class=\"aligncenter size-large\"><img decoding=\"async\" src=\"https:\/\/www.shunrize.com\/2024\/randonnee-vallons-gallicourts-10.jpg \" alt=\"\"\/><figcaption class=\"wp-element-caption\">Etang de Saint-Cucufa<\/figcaption><\/figure>\n<\/div>\n\n\n<figure class=\"wp-block-image size-large is-style-default\"><img decoding=\"async\" src=\"https:\/\/www.shunrize.com\/2024\/randonnee-vallons-gallicourts-9.jpg \" alt=\"saule \u00e9tang de Saint cucufa\"\/><\/figure>\n\n\n\n<h2 id=\"une-vue-imprenable\" class=\"wp-block-heading\">Une vue imprenable<\/h2>\n\n\n\n<p>En contournant l&rsquo;\u00e9tang par la droite, on r\u00e9cup\u00e8re le GR 2 jusqu&rsquo;au prochain carrefour.  Apr\u00e8s cela, on prend \u00e0 droite le GRP de la Ceinture Verte jusqu&rsquo;\u00e0 la Route de l&rsquo;Etang. A nouveau, on chemine sur le GR2 qui m\u00e8ne au point de vue du Chemin des Cormaillons. Au milieu d&rsquo;anciens vergers, le <strong>belv\u00e9d\u00e8re des Gallicourts<\/strong> o\u00f9 est install\u00e9e une table d\u2019orientation, offre un panorama sur le Mont-Val\u00e9rien<strong> <\/strong>et La D\u00e9fense. <\/p>\n\n\n<div class=\"wp-block-image is-style-default\">\n<figure class=\"aligncenter size-large\"><img decoding=\"async\" src=\"https:\/\/www.shunrize.com\/2024\/randonnee-vallons-gallicourts-11.jpg \" alt=\"Point de Vue du Chemin des Cormaillons\"\/><figcaption class=\"wp-element-caption\">Vue sur la D\u00e9fense depuis le Belv\u00e9d\u00e8re des Gallicourts<\/figcaption><\/figure>\n<\/div>\n\n<div class=\"wp-block-image is-style-default\">\n<figure class=\"aligncenter size-large\"><img decoding=\"async\" src=\"https:\/\/www.shunrize.com\/2024\/randonnee-vallons-gallicourts-12.jpg \" alt=\"Verger Point de Vue du Chemin des Cormaillons\"\/><\/figure>\n<\/div>\n\n\n<p>Enfin, on va jusqu&rsquo;au virage pour descendre \u00e0 droite le long du <strong>Domaine du Vert-Bois<\/strong>. En route, on peut voir les installations de <a href=\"https:\/\/www.accrocamp.com\/parcs-accrobranche\/parc-rueil-malmaison\/\" target=\"_blank\" rel=\"noopener nofollow\" title=\"l'AccroCamp\">l&rsquo;AccroCamp<\/a>, un parc de 15 000 m2 consacr\u00e9 \u00e0 l&rsquo;accrobranches. Au bout, on retrouve le trajet fait \u00e0 l&rsquo;aller. <\/p>\n\n\n<div class=\"wp-block-image is-style-default\">\n<figure class=\"aligncenter size-large\"><img decoding=\"async\" src=\"https:\/\/www.shunrize.com\/2024\/randonnee-vallons-gallicourts-13.jpg \" alt=\"\"\/><\/figure>\n<\/div>\n\n\n<p>Souvent ombrag\u00e9e, cette marche doit \u00eatre tr\u00e8s agr\u00e9able \u00e0 faire en \u00e9t\u00e9. Sans difficult\u00e9 majeure, elle propose un cadre apaisant entre bords de Seine, parcs et for\u00eat. Tu trouveras son trac\u00e9 en bas de l&rsquo;article. Note qu&rsquo;il ne faut pas tenir compte des kilom\u00e8tres suppl\u00e9mentaires effectu\u00e9s apr\u00e8s l&rsquo;arriv\u00e9e, j&rsquo;avais oubli\u00e9 d&rsquo;\u00e9teindre ma montre une fois dans la voiture \ud83d\ude06<\/p>\n\n\n\n<p class=\"has-text-align-right\">\u00a9 Cr\u00e9dits Photos &#8211; S H U N R I Z E.com<\/p>\n\n\n<div class=\"wp-block-image is-style-default\">\n<figure class=\"aligncenter size-full\"><img data-recalc-dims=\"1\" loading=\"lazy\" decoding=\"async\" width=\"250\" height=\"64\" src=\"https:\/\/i0.wp.com\/shunrize.com\/blog\/wp-content\/uploads\/2024\/03\/image.png?resize=250%2C64&#038;ssl=1\" alt=\"\" class=\"wp-image-66879\"\/><\/figure>\n<\/div>\n\n\n<iframe loading=\"lazy\" src=\"https:\/\/www.google.com\/maps\/d\/u\/1\/embed?mid=1ZgztEMnx8As-W6MecW8XT1IsfD9MoLk&#038;ehbc=2E312F&#038;noprof=1\" width=\"280\" height=\"480\"><\/iframe>\n","protected":false},"excerpt":{"rendered":"<p>Lundi 25 mars. Nous voil\u00e0 enfin de retour sur les sentiers d\u2019Ile de France. Cette fois-ci, direction Rueil-Malmaison dans les Hauts-de-Seine pour une randonn\u00e9e de 13 kilom\u00e8tres. Avec un territoire couvert \u00e0 45 % d&rsquo;espaces verts, le 92 a de quoi satisfaire nos envies de nature. Dans ce d\u00e9partement, on a d\u00e9j\u00e0 test\u00e9 la sportive [&hellip;]<\/p>\n","protected":false},"author":1,"featured_media":66885,"comment_status":"open","ping_status":"open","sticky":false,"template":"","format":"standard","meta":{"jetpack_post_was_ever_published":false,"_jetpack_newsletter_access":"","_jetpack_dont_email_post_to_subs":false,"_jetpack_newsletter_tier_id":0,"_jetpack_memberships_contains_paywalled_content":false,"csco_page_load_nextpost":"","csco_post_video_location":[],"csco_post_video_location_hash":"","csco_post_video_url":"","csco_post_video_bg_start_time":0,"csco_post_video_bg_end_time":0,"csco_post_text_color":"","_jetpack_memberships_contains_paid_content":false,"footnotes":"","jetpack_publicize_message":"","jetpack_publicize_feature_enabled":true,"jetpack_social_post_already_shared":true,"jetpack_social_options":{"image_generator_settings":{"template":"highway","default_image_id":0,"font":"","enabled":false},"version":2}},"categories":[7382],"tags":[7312,7200],"class_list":{"0":"post-66878","1":"post","2":"type-post","3":"status-publish","4":"format-standard","5":"has-post-thumbnail","7":"category-randonnees","8":"tag-balade","9":"tag-ile-de-france","10":"cs-entry","11":"cs-video-wrap"},"aioseo_notices":[],"jetpack_publicize_connections":[],"jetpack_featured_media_url":"https:\/\/i0.wp.com\/shunrize.com\/blog\/wp-content\/uploads\/2024\/03\/Etang-Saint-Cucufa-scaled.jpg?fit=2560%2C1213&ssl=1","jetpack-related-posts":[{"id":47057,"url":"https:\/\/shunrize.com\/blog\/randonnee-bois-des-bruyeres\/","url_meta":{"origin":66878,"position":0},"title":"Le Bois des Bruy\u00e8res","author":"Val\u00e9rie Denise","date":"05\/01\/2016","format":false,"excerpt":"Au lendemain de No\u00ebl, on est retourn\u00e9 en compagnie de ma tante \u00e0 Villennes-sur-Seine pour une boucle de 12 kilom\u00e8tres. A 69 ans, ma tante qui court r\u00e9guli\u00e8rement, s\u2019adonne \u00e0 la randonn\u00e9e et participe \u00e0 des semi-marathons nous a mis r\u00e9guli\u00e8rement dans le vent :lol: D\u00e9part et arriv\u00e9e : Villennes-sur-Seine,\u2026","rel":"","context":"Dans &quot;RANDOS&quot;","block_context":{"text":"RANDOS","link":"https:\/\/shunrize.com\/blog\/category\/randonnees\/"},"img":{"alt_text":"","src":"https:\/\/i0.wp.com\/shunrize.com\/blog\/wp-content\/uploads\/2016\/01\/Boucle-Villennes-sur-Seine.jpg?fit=1200%2C520&ssl=1&resize=350%2C200","width":350,"height":200,"srcset":"https:\/\/i0.wp.com\/shunrize.com\/blog\/wp-content\/uploads\/2016\/01\/Boucle-Villennes-sur-Seine.jpg?fit=1200%2C520&ssl=1&resize=350%2C200 1x, https:\/\/i0.wp.com\/shunrize.com\/blog\/wp-content\/uploads\/2016\/01\/Boucle-Villennes-sur-Seine.jpg?fit=1200%2C520&ssl=1&resize=525%2C300 1.5x, https:\/\/i0.wp.com\/shunrize.com\/blog\/wp-content\/uploads\/2016\/01\/Boucle-Villennes-sur-Seine.jpg?fit=1200%2C520&ssl=1&resize=700%2C400 2x, https:\/\/i0.wp.com\/shunrize.com\/blog\/wp-content\/uploads\/2016\/01\/Boucle-Villennes-sur-Seine.jpg?fit=1200%2C520&ssl=1&resize=1050%2C600 3x"},"classes":[]},{"id":55505,"url":"https:\/\/shunrize.com\/blog\/randonnees-paris-ile-de-france-accessible-navigo\/","url_meta":{"origin":66878,"position":1},"title":"L&rsquo;\u00e9vasion \u00e0 port\u00e9e de Navigo","author":"Val\u00e9rie Denise","date":"20\/04\/2018","format":false,"excerpt":"A quelques kilom\u00e8tres de Paris, 7 id\u00e9es de balade en Ile de France. Partez \u00e0 la d\u00e9couverte de la r\u00e9gion parisienne gr\u00e2ce \u00e0 une s\u00e9lection de sentiers desservis par les transports en commun.","rel":"","context":"Dans &quot;RANDOS&quot;","block_context":{"text":"RANDOS","link":"https:\/\/shunrize.com\/blog\/category\/randonnees\/"},"img":{"alt_text":"","src":"https:\/\/i0.wp.com\/shunrize.com\/blog\/wp-content\/uploads\/2018\/04\/randonnees-accessibles-navigo.jpg?fit=1200%2C520&ssl=1&resize=350%2C200","width":350,"height":200,"srcset":"https:\/\/i0.wp.com\/shunrize.com\/blog\/wp-content\/uploads\/2018\/04\/randonnees-accessibles-navigo.jpg?fit=1200%2C520&ssl=1&resize=350%2C200 1x, https:\/\/i0.wp.com\/shunrize.com\/blog\/wp-content\/uploads\/2018\/04\/randonnees-accessibles-navigo.jpg?fit=1200%2C520&ssl=1&resize=525%2C300 1.5x, https:\/\/i0.wp.com\/shunrize.com\/blog\/wp-content\/uploads\/2018\/04\/randonnees-accessibles-navigo.jpg?fit=1200%2C520&ssl=1&resize=700%2C400 2x, https:\/\/i0.wp.com\/shunrize.com\/blog\/wp-content\/uploads\/2018\/04\/randonnees-accessibles-navigo.jpg?fit=1200%2C520&ssl=1&resize=1050%2C600 3x"},"classes":[]},{"id":57193,"url":"https:\/\/shunrize.com\/blog\/randonnee-saint-michel-sur-orge\/","url_meta":{"origin":66878,"position":2},"title":"La boucle de St-Michel-sur-Orge","author":"Val\u00e9rie Denise","date":"10\/04\/2019","format":false,"excerpt":"Randonn\u00e9e p\u00e9destre dans la vall\u00e9e de l'Orge. Une boucle au d\u00e9part de la gare RER C de Saint-Michel-sur-Orge o\u00f9 l'on d\u00e9couvre le Ch\u00e2teau de Lormoy, la Basilique de Longpont et la Tour de Montlh\u00e9ry.","rel":"","context":"Dans &quot;RANDOS&quot;","block_context":{"text":"RANDOS","link":"https:\/\/shunrize.com\/blog\/category\/randonnees\/"},"img":{"alt_text":"Randonnee Saint-Michel-sur-Orge Parc de Lormoy","src":"https:\/\/i0.wp.com\/shunrize.com\/blog\/wp-content\/uploads\/2019\/04\/saint-michel-sur-orge-randonnee.jpg?fit=1200%2C520&ssl=1&resize=350%2C200","width":350,"height":200,"srcset":"https:\/\/i0.wp.com\/shunrize.com\/blog\/wp-content\/uploads\/2019\/04\/saint-michel-sur-orge-randonnee.jpg?fit=1200%2C520&ssl=1&resize=350%2C200 1x, https:\/\/i0.wp.com\/shunrize.com\/blog\/wp-content\/uploads\/2019\/04\/saint-michel-sur-orge-randonnee.jpg?fit=1200%2C520&ssl=1&resize=525%2C300 1.5x, https:\/\/i0.wp.com\/shunrize.com\/blog\/wp-content\/uploads\/2019\/04\/saint-michel-sur-orge-randonnee.jpg?fit=1200%2C520&ssl=1&resize=700%2C400 2x, https:\/\/i0.wp.com\/shunrize.com\/blog\/wp-content\/uploads\/2019\/04\/saint-michel-sur-orge-randonnee.jpg?fit=1200%2C520&ssl=1&resize=1050%2C600 3x"},"classes":[]},{"id":53111,"url":"https:\/\/shunrize.com\/blog\/randonnee-boucle-viaduc-de-longueville\/","url_meta":{"origin":66878,"position":3},"title":"La Boucle du Viaduc de Longueville","author":"Val\u00e9rie Denise","date":"08\/08\/2017","format":false,"excerpt":"Apr\u00e8s notre escapade en Norv\u00e8ge, on a encore des fourmis dans les pattes. Munis de notre Pass Navigo, on part donc explorer \u00e0 nouveau l\u2019ile de France. 9h46, Dimanche 30 juillet. On prend le train \u00e0 Gare de l\u2019Est en direction de Provins pour se rendre \u00e0 Longueville. Ce voyage\u2026","rel":"","context":"Dans &quot;RANDOS&quot;","block_context":{"text":"RANDOS","link":"https:\/\/shunrize.com\/blog\/category\/randonnees\/"},"img":{"alt_text":"Marine Guillier de l'association Brebislaine","src":"https:\/\/i0.wp.com\/shunrize.com\/blog\/wp-content\/uploads\/2017\/08\/La-belle-bergere-Marine-Guillier.jpg?fit=1200%2C520&ssl=1&resize=350%2C200","width":350,"height":200,"srcset":"https:\/\/i0.wp.com\/shunrize.com\/blog\/wp-content\/uploads\/2017\/08\/La-belle-bergere-Marine-Guillier.jpg?fit=1200%2C520&ssl=1&resize=350%2C200 1x, https:\/\/i0.wp.com\/shunrize.com\/blog\/wp-content\/uploads\/2017\/08\/La-belle-bergere-Marine-Guillier.jpg?fit=1200%2C520&ssl=1&resize=525%2C300 1.5x, https:\/\/i0.wp.com\/shunrize.com\/blog\/wp-content\/uploads\/2017\/08\/La-belle-bergere-Marine-Guillier.jpg?fit=1200%2C520&ssl=1&resize=700%2C400 2x, https:\/\/i0.wp.com\/shunrize.com\/blog\/wp-content\/uploads\/2017\/08\/La-belle-bergere-Marine-Guillier.jpg?fit=1200%2C520&ssl=1&resize=1050%2C600 3x"},"classes":[]},{"id":61656,"url":"https:\/\/shunrize.com\/blog\/5-randonnees-autour-de-paris-accessibles-en-train\/","url_meta":{"origin":66878,"position":4},"title":"5 randonn\u00e9es autour de Paris accessibles en train","author":"Val\u00e9rie Denise","date":"03\/06\/2020","format":false,"excerpt":"Apr\u00e8s des mois de confinement d\u00fb au Covid-19, l\u2019envie de se reconnecter \u00e0 la nature se fait plus pressante. Pour \u00e9chapper au bruit \u00e9tourdissant de nos rues parisiennes, que dirais-tu d\u2019une randonn\u00e9e \u00e0 port\u00e9e de train ? Sillonn\u00e9e par de nombreux GR et chemins balis\u00e9s, l\u2019Ile de France ne manque\u2026","rel":"","context":"Dans &quot;RANDOS&quot;","block_context":{"text":"RANDOS","link":"https:\/\/shunrize.com\/blog\/category\/randonnees\/"},"img":{"alt_text":"","src":"https:\/\/i0.wp.com\/shunrize.com\/blog\/wp-content\/uploads\/2020\/06\/5-randonnees-autour-de-paris-accessibles-sans-voiture.jpg?fit=1200%2C520&ssl=1&resize=350%2C200","width":350,"height":200,"srcset":"https:\/\/i0.wp.com\/shunrize.com\/blog\/wp-content\/uploads\/2020\/06\/5-randonnees-autour-de-paris-accessibles-sans-voiture.jpg?fit=1200%2C520&ssl=1&resize=350%2C200 1x, https:\/\/i0.wp.com\/shunrize.com\/blog\/wp-content\/uploads\/2020\/06\/5-randonnees-autour-de-paris-accessibles-sans-voiture.jpg?fit=1200%2C520&ssl=1&resize=525%2C300 1.5x, https:\/\/i0.wp.com\/shunrize.com\/blog\/wp-content\/uploads\/2020\/06\/5-randonnees-autour-de-paris-accessibles-sans-voiture.jpg?fit=1200%2C520&ssl=1&resize=700%2C400 2x, https:\/\/i0.wp.com\/shunrize.com\/blog\/wp-content\/uploads\/2020\/06\/5-randonnees-autour-de-paris-accessibles-sans-voiture.jpg?fit=1200%2C520&ssl=1&resize=1050%2C600 3x"},"classes":[]},{"id":58360,"url":"https:\/\/shunrize.com\/blog\/randonnee-la-bossapas-foret-de-meudon\/","url_meta":{"origin":66878,"position":5},"title":"La Bossapas\u00ae : la For\u00eat de Meudon","author":"Val\u00e9rie Denise","date":"21\/08\/2019","format":false,"excerpt":"Apr\u00e8s avoir fait connaissance avec La Bossapas\u00ae, on te propose de poursuivre son exploration. Au programme de cette seconde boucle : 10 km au c\u0153ur de la For\u00eat domaniale de Meudon. La randonn\u00e9e d\u00e9bute \u00e0 S\u00e8vres, \u00e0 deux pas de la station Capucins du bus 179 (Zone 3). Ce bus\u2026","rel":"","context":"Dans &quot;RANDOS&quot;","block_context":{"text":"RANDOS","link":"https:\/\/shunrize.com\/blog\/category\/randonnees\/"},"img":{"alt_text":"","src":"https:\/\/i0.wp.com\/shunrize.com\/blog\/wp-content\/uploads\/2019\/08\/rando-bossapa-foret-de-meudon.jpg?fit=1200%2C520&ssl=1&resize=350%2C200","width":350,"height":200,"srcset":"https:\/\/i0.wp.com\/shunrize.com\/blog\/wp-content\/uploads\/2019\/08\/rando-bossapa-foret-de-meudon.jpg?fit=1200%2C520&ssl=1&resize=350%2C200 1x, https:\/\/i0.wp.com\/shunrize.com\/blog\/wp-content\/uploads\/2019\/08\/rando-bossapa-foret-de-meudon.jpg?fit=1200%2C520&ssl=1&resize=525%2C300 1.5x, https:\/\/i0.wp.com\/shunrize.com\/blog\/wp-content\/uploads\/2019\/08\/rando-bossapa-foret-de-meudon.jpg?fit=1200%2C520&ssl=1&resize=700%2C400 2x, https:\/\/i0.wp.com\/shunrize.com\/blog\/wp-content\/uploads\/2019\/08\/rando-bossapa-foret-de-meudon.jpg?fit=1200%2C520&ssl=1&resize=1050%2C600 3x"},"classes":[]}],"jetpack_sharing_enabled":true,"_links":{"self":[{"href":"https:\/\/shunrize.com\/blog\/wp-json\/wp\/v2\/posts\/66878","targetHints":{"allow":["GET"]}}],"collection":[{"href":"https:\/\/shunrize.com\/blog\/wp-json\/wp\/v2\/posts"}],"about":[{"href":"https:\/\/shunrize.com\/blog\/wp-json\/wp\/v2\/types\/post"}],"author":[{"embeddable":true,"href":"https:\/\/shunrize.com\/blog\/wp-json\/wp\/v2\/users\/1"}],"replies":[{"embeddable":true,"href":"https:\/\/shunrize.com\/blog\/wp-json\/wp\/v2\/comments?post=66878"}],"version-history":[{"count":0,"href":"https:\/\/shunrize.com\/blog\/wp-json\/wp\/v2\/posts\/66878\/revisions"}],"wp:featuredmedia":[{"embeddable":true,"href":"https:\/\/shunrize.com\/blog\/wp-json\/wp\/v2\/media\/66885"}],"wp:attachment":[{"href":"https:\/\/shunrize.com\/blog\/wp-json\/wp\/v2\/media?parent=66878"}],"wp:term":[{"taxonomy":"category","embeddable":true,"href":"https:\/\/shunrize.com\/blog\/wp-json\/wp\/v2\/categories?post=66878"},{"taxonomy":"post_tag","embeddable":true,"href":"https:\/\/shunrize.com\/blog\/wp-json\/wp\/v2\/tags?post=66878"}],"curies":[{"name":"wp","href":"https:\/\/api.w.org\/{rel}","templated":true}]}}