{"id":63694,"date":"2021-04-20T19:13:32","date_gmt":"2021-04-20T17:13:32","guid":{"rendered":"https:\/\/shunrize.com\/blog\/?p=63694"},"modified":"2021-06-02T16:28:47","modified_gmt":"2021-06-02T14:28:47","slug":"enceinte-a-44-ans-mon-second-trimestre","status":"publish","type":"post","link":"https:\/\/shunrize.com\/blog\/enceinte-a-44-ans-mon-second-trimestre\/","title":{"rendered":"Mon second trimestre \u00e0 l&rsquo;\u00e8re du Covid-19"},"content":{"rendered":"\n<p><strong>Des espoirs d\u00e9\u00e7us au d\u00e9nouement inattendu en pleine crise sanitaire. Fin mars, j&rsquo;\u00e9voquais ici les \u00e9tapes de notre difficile parcours pour voir notre famille de 2 s\u2019agrandir. Apr\u00e8s un premier trimestre rythm\u00e9 par de grosses inqui\u00e9tudes, cap sur le second.<\/strong><\/p>\n\n\n\n<p>Au lendemain de <a href=\"https:\/\/shunrize.com\/blog\/enceinte-a-44-ans-mon-premier-trimestre\/\" title=\"Enceinte \u00e0 44 ans : mon premier trimestre\" target=\"_blank\" rel=\"noreferrer noopener\">l&rsquo;\u00e9chographie de datation<\/a>, un poids immense dispara\u00eet de nos \u00e9paules. On d\u00e9cide alors de l&rsquo;annoncer aux parents d&rsquo;Alex et \u00e0 deux de mes amies. En revanche, trois semaines de plus sont n\u00e9cessaires pour en parler ouvertement autour de nous. Le d\u00e9ferlement d&rsquo;amour qui s&rsquo;ensuit fait un bien immense. L&rsquo;ann\u00e9e 2021 d\u00e9bute pas mal ! A 44 ans, me voil\u00e0 donc primigeste&nbsp;de fa\u00e7on naturelle. Et si jusqu&rsquo;ici, tout semblait abstrait, la suite de cette jolie aventure n&rsquo;est pas du m\u00eame acabit.<\/p>\n\n\n\n<h2 id=\"un-nouvel-etat-desprit\" class=\"wp-block-heading\">Un nouvel \u00e9tat d&rsquo;esprit<\/h2>\n\n\n\n<p>Au 4<sup>e<\/sup> mois de grossesse, l&rsquo;attente entre deux \u00e9chographies parait toujours aussi interminable. Cependant, on se projette davantage dans notre future vie \u00e0 3. Choix du pr\u00e9nom, am\u00e9nagement de sa chambre, commande d&rsquo;articles de pu\u00e9riculture. On adore remplir son armoire de tenues mignonnes. N&rsquo;ayant plus peur d&rsquo;une \u00e9ni\u00e8me fausse-couche, je m&rsquo;ach\u00e8te \u00e9galement des v\u00eatements adapt\u00e9s et me surprends \u00e0 parler \u00e0 mon ventre. La joie \u00e9prouv\u00e9e \u00e0 la perspective d\u2019avoir enfin un enfant est sup\u00e9rieure aux pens\u00e9es parasites.<\/p>\n\n\n\n<h2 id=\"notre-gestion-du-covid-19\" class=\"wp-block-heading\">Notre gestion du COVID-19<\/h2>\n\n\n\n<p>La situation sanitaire est toujours tr\u00e8s pr\u00e9occupante. Si j&rsquo;ignore le flot de news angoissantes, j&rsquo;ai du mal \u00e0 mettre le nez dehors. En effet, nos sorties se limitent aux visites m\u00e9dicales et aux coins isol\u00e9s du bois de Vincennes. Quant aux courses, on opte pour la livraison \u00e0 domicile. Aux petits soins, Alex continue de bosser depuis la maison. Dor\u00e9navant, il veut g\u00e9rer toute l&rsquo;intendance mais ma nature hyperactive refuse de le laisser faire. Cette p\u00e9riode a beau \u00eatre stressante, on la vit plut\u00f4t bien.<\/p>\n\n\n\n<h2 id=\"rendez-vous-a-la-maternite\" class=\"wp-block-heading\">Rendez-vous \u00e0 la maternit\u00e9<\/h2>\n\n\n\n<p>H\u00f4pital Trousseau, le 10 f\u00e9vrier. Covid oblige, Alex doit rester \u00e0 l&rsquo;ext\u00e9rieur. C&rsquo;est donc seule que j&rsquo;arpente les couloirs o\u00f9 nous avons v\u00e9cu les fausses-couches. Les 2h d&rsquo;attente rendent difficile l&rsquo;abstraction des douloureux souvenirs. Toutefois, je me refuse \u00e0 g\u00e2cher mon bonheur actuel. Durant la consultation, le Chef du service de m\u00e9decine f\u0153tale me confirme que l&rsquo;ablation des fibromes exclut l&rsquo;accouchement par voie basse. Une c\u00e9sarienne est programm\u00e9e. Appr\u00e9hendant pas mal la mise au monde de notre fille, cela me va. Autre bonne nouvelle, je vais \u00eatre suivie jusqu&rsquo;au 7<sup>e<\/sup> mois par mon adorable sage-femme.<\/p>\n\n\n\n<h2 id=\"premiers-contacts\" class=\"wp-block-heading\">Premiers contacts<\/h2>\n\n\n\n<p>5<sup>e<\/sup> mois. Pour commencer, cela s&rsquo;apparente \u00e0 des gaz qui \u00e9clatent dans mon ventre. Par la suite, je per\u00e7ois dans ma paume de petits coups furtifs. Le 13 f\u00e9vrier, c&rsquo;est au tour d&rsquo;Alex de sentir sa pr\u00e9sence au creux de mes entrailles. Submerg\u00e9s par une gamme d&rsquo;\u00e9motions in\u00e9dites, rien ne nous r\u00e9jouit plus que de la voir d\u00e9former mon bide au gr\u00e9 de ses explorations. Cette exp\u00e9rience inoubliable nous rassure tellement !<\/p>\n\n\n\n<center><img data-recalc-dims=\"1\" decoding=\"async\" src=\"https:\/\/i0.wp.com\/www.shunrize.com\/2021\/5Mois-2nd-trimestre.jpg?w=700&#038;ssl=1\"\/><\/center>\n\n\n\n<h2 id=\"lechographie-morphologique\" class=\"wp-block-heading\">L&rsquo;\u00e9chographie morphologique<\/h2>\n\n\n\n<p>Cabinet&nbsp;m\u00e9dical p\u00e9rinatal, le 3 mars. Sept semaines sans admirer notre fille, c&rsquo;est long. Par cons\u00e9quent, on est un peu sur les nerfs lors de cette \u00e9chographie qui d\u00e9c\u00e8le d\u2019\u00e9ventuelles malformations f\u0153tales. Mesures du cr\u00e2ne, des organes, des mains et des pieds. Vitalit\u00e9 des membres, mouvements respiratoires et de d\u00e9glutition. Observation de son milieu (placenta, liquide amniotique). Notre sage-femme nous rassure rapidement sur son d\u00e9veloppement et ent\u00e9rine son sexe. L&rsquo;entendre dire \u00ab\u00a0parfait\u00a0\u00bb \u00e0 chaque d\u00e9placement de sonde est une douce musique \u00e0 nos oreilles. On ressort sur un petit nuage.<\/p>\n\n\n\n<h2 id=\"une-ombre-au-tableau-idyllique\" class=\"wp-block-heading\">Une ombre au tableau idyllique<\/h2>\n\n\n\n<p>Jusqu&rsquo;\u00e0 pr\u00e9sent, je n\u2019avais jamais eu de souci de glyc\u00e9mie. Pourtant \u00e0 ce stade, la r\u00e9gulation du taux de sucre peut-\u00eatre perturb\u00e9e par les hormones placentaires.<br \/>Le 4 mars, j&rsquo;ai droit au d\u00e9pistage du <a href=\"https:\/\/www.ameli.fr\/paris\/assure\/sante\/themes\/diabete-gestationnel\" target=\"_blank\" rel=\"noreferrer noopener nofollow\" title=\"https:\/\/www.ameli.fr\/paris\/assure\/sante\/themes\/diabete-gestationnel\">diab\u00e8te gestationnel<\/a>. L&rsquo;examen se d\u00e9roule en trois temps. D&rsquo;abord une prise de sang \u00e0 jeun, puis deux autres 1h et 2h apr\u00e8s l&rsquo;ingestion d&rsquo;une solution ultra sucr\u00e9e. R\u00e9sultat : ma glyc\u00e9mie \u00e0 jeun est \u00e0 0.93 g\/l (au-dessus du seuil de 0.92 g\/l). Et bien que mes taux \u00e0 1h (1.64g\/l) et 2h (1.40g\/l) soient dans la norme, je fais du diab\u00e8te gestationnel.<br \/>Inqui\u00e8te pour notre sant\u00e9, je diminue drastiquement ou supprime les aliments \u00e0 indice glyc\u00e9mique \u00e9lev\u00e9 que je consomme encore et marche 30 minutes tous les jours.<\/p>\n\n\n\n<h2 id=\"changements-physiques-et-maux\" class=\"wp-block-heading\">Changements physiques et maux <\/h2>\n\n\n\n<p>D\u00e9sormais bien visible, je m&rsquo;\u00e9merveille face \u00e0 ce ventre qui prend de l&rsquo;ampleur. La nuit, mon meilleur alli\u00e9 est mon coussin en microbilles qui cale ma bedaine et mes genoux de retrait\u00e9e. Autres nouveaut\u00e9s, un trait brun l\u00e9zardant sur mon bidon et les veines de mes seins devenues apparentes. J&rsquo;ai de la chance, rien de douloureux. Du c\u00f4t\u00e9 de la balance, je reprends le poids perdu au premier trimestre et fini celui-ci avec 3 kilos de plus.<br \/>Enfin, j&rsquo;ai un regain d&rsquo;\u00e9nergie car l&rsquo;\u00e9tat naus\u00e9eux post-d\u00e9jeuner a totalement disparu. N\u00e9anmoins, j&rsquo;exp\u00e9rimente trois fois les malaises dus \u00e0 la mise en place du placenta qui ponctionne une partie de mon sang.<\/p>\n\n\n\n<h2 id=\"preparer-la-naissance-a-distance\" class=\"wp-block-heading\">Pr\u00e9parer la naissance \u00e0 distance<\/h2>\n\n\n\n<p>6<sup>e<\/sup> mois. Ma sage-femme n&rsquo;assurant plus les cours de pr\u00e9paration \u00e0 la naissance et \u00e0 la parentalit\u00e9, une de ses coll\u00e8gues s&rsquo;occupe de nous. Pendant plus d&rsquo;1h, on fait le point sur nos besoins en termes d\u2019accompagnement et exprimons nos appr\u00e9hensions sans aucun jugement de sa part. Finalement, on choisit de suivre ensemble toutes les s\u00e9ances collectives qui se feront en visio-conf\u00e9rence. Lors du premier cours via Zoom, je me r\u00e9gale en voyant Alex autant int\u00e9ress\u00e9 par mon p\u00e9rin\u00e9e &#x1f601;<\/p>\n\n\n\n<p>Malgr\u00e9 les mesures restrictives mises en place en Ile-de-France, ce deuxi\u00e8me trimestre fut nettement plus \u00e9panouissant que le pr\u00e9c\u00e9dent. J&rsquo;ai appris \u00e0 hi\u00e9rarchiser mes peurs et \u00e0 ne pas harceler mes amies de questions au moindre doute. Le temps s&rsquo;est soudainement acc\u00e9l\u00e9r\u00e9 et je me demande ce que nous r\u00e9serve les prochaines semaines.<\/p>\n\n\n\n<p class=\"has-text-align-right\">Cr\u00e9dits Photo \u00a9 Shunrize.com<\/p>\n","protected":false},"excerpt":{"rendered":"<p>Des espoirs d\u00e9\u00e7us au d\u00e9nouement inattendu en pleine crise sanitaire. Fin mars, j&rsquo;\u00e9voquais ici les \u00e9tapes de notre difficile parcours pour voir notre famille de 2 s\u2019agrandir. Apr\u00e8s un premier trimestre rythm\u00e9 par de grosses inqui\u00e9tudes, cap sur le second. Au lendemain de l&rsquo;\u00e9chographie de datation, un poids immense dispara\u00eet de nos \u00e9paules. On d\u00e9cide [&hellip;]<\/p>\n","protected":false},"author":1,"featured_media":63695,"comment_status":"open","ping_status":"open","sticky":false,"template":"","format":"standard","meta":{"jetpack_post_was_ever_published":false,"_jetpack_newsletter_access":"","_jetpack_dont_email_post_to_subs":false,"_jetpack_newsletter_tier_id":0,"_jetpack_memberships_contains_paywalled_content":false,"csco_page_load_nextpost":"","csco_post_video_location":[],"csco_post_video_location_hash":"","csco_post_video_url":"","csco_post_video_bg_start_time":0,"csco_post_video_bg_end_time":0,"csco_post_text_color":"#ffffff","_jetpack_memberships_contains_paid_content":false,"footnotes":"","jetpack_publicize_message":"","jetpack_publicize_feature_enabled":true,"jetpack_social_post_already_shared":false,"jetpack_social_options":{"image_generator_settings":{"template":"highway","default_image_id":0,"font":"","enabled":false},"version":2}},"categories":[2002],"tags":[7401,7367],"class_list":{"0":"post-63694","1":"post","2":"type-post","3":"status-publish","4":"format-standard","5":"has-post-thumbnail","7":"category-lifestyle","8":"tag-maternite","9":"tag-sante","10":"cs-entry","11":"cs-video-wrap"},"aioseo_notices":[],"jetpack_publicize_connections":[],"jetpack_featured_media_url":"https:\/\/i0.wp.com\/shunrize.com\/blog\/wp-content\/uploads\/2021\/04\/grossesse-apres-40ans-2e-trimestre.png?fit=1385%2C600&ssl=1","jetpack-related-posts":[{"id":64139,"url":"https:\/\/shunrize.com\/blog\/enceinte-a-44-ans-mon-troisieme-trimestre\/","url_meta":{"origin":63694,"position":0},"title":"Un b\u00e9b\u00e9 \u00e0 44 ans : derni\u00e8re ligne droite","author":"Val\u00e9rie Denise","date":"09\/06\/2021","format":false,"excerpt":"Voil\u00e0 plus d'un an que nous vivons \u00e0 l'\u00e8re du COVID-19. Cela fait aussi neuf mois que notre premier enfant grandit en moi. A une semaine d\u2019ouvrir un nouveau chapitre de notre vie, il est temps de faire le bilan de ce troisi\u00e8me trimestre.\u00a0 Les six premiers mois sont pass\u00e9s\u2026","rel":"","context":"Dans &quot;LIFESTYLE&quot;","block_context":{"text":"LIFESTYLE","link":"https:\/\/shunrize.com\/blog\/category\/lifestyle\/"},"img":{"alt_text":"","src":"https:\/\/i0.wp.com\/shunrize.com\/blog\/wp-content\/uploads\/2021\/06\/enceinte-a-44-ans-3e-trimestre-1.png?fit=1200%2C520&ssl=1&resize=350%2C200","width":350,"height":200,"srcset":"https:\/\/i0.wp.com\/shunrize.com\/blog\/wp-content\/uploads\/2021\/06\/enceinte-a-44-ans-3e-trimestre-1.png?fit=1200%2C520&ssl=1&resize=350%2C200 1x, https:\/\/i0.wp.com\/shunrize.com\/blog\/wp-content\/uploads\/2021\/06\/enceinte-a-44-ans-3e-trimestre-1.png?fit=1200%2C520&ssl=1&resize=525%2C300 1.5x, https:\/\/i0.wp.com\/shunrize.com\/blog\/wp-content\/uploads\/2021\/06\/enceinte-a-44-ans-3e-trimestre-1.png?fit=1200%2C520&ssl=1&resize=700%2C400 2x, https:\/\/i0.wp.com\/shunrize.com\/blog\/wp-content\/uploads\/2021\/06\/enceinte-a-44-ans-3e-trimestre-1.png?fit=1200%2C520&ssl=1&resize=1050%2C600 3x"},"classes":[]},{"id":63579,"url":"https:\/\/shunrize.com\/blog\/enceinte-a-44-ans-mon-premier-trimestre\/","url_meta":{"origin":63694,"position":1},"title":"Enceinte \u00e0 44 ans : mon premier trimestre","author":"Val\u00e9rie Denise","date":"31\/03\/2021","format":false,"excerpt":"En juin, Alex et moi accueillerons notre premier enfant. En pleine \u00e9pid\u00e9mie de Covid-19, cela donne quoi d'\u00eatre enceinte pass\u00e9 la quarantaine ? Achevant mon 6e mois de grossesse, je souhaite partager ici cette aventure tr\u00e8s intime. Concevoir un enfant durant une crise sanitaire peut para\u00eetre insens\u00e9. N\u00e9anmoins, sache que\u2026","rel":"","context":"Dans &quot;LIFESTYLE&quot;","block_context":{"text":"LIFESTYLE","link":"https:\/\/shunrize.com\/blog\/category\/lifestyle\/"},"img":{"alt_text":"","src":"https:\/\/i0.wp.com\/shunrize.com\/blog\/wp-content\/uploads\/2021\/03\/grossesse-apres-40-ans.jpg?fit=1200%2C520&ssl=1&resize=350%2C200","width":350,"height":200,"srcset":"https:\/\/i0.wp.com\/shunrize.com\/blog\/wp-content\/uploads\/2021\/03\/grossesse-apres-40-ans.jpg?fit=1200%2C520&ssl=1&resize=350%2C200 1x, https:\/\/i0.wp.com\/shunrize.com\/blog\/wp-content\/uploads\/2021\/03\/grossesse-apres-40-ans.jpg?fit=1200%2C520&ssl=1&resize=525%2C300 1.5x, https:\/\/i0.wp.com\/shunrize.com\/blog\/wp-content\/uploads\/2021\/03\/grossesse-apres-40-ans.jpg?fit=1200%2C520&ssl=1&resize=700%2C400 2x, https:\/\/i0.wp.com\/shunrize.com\/blog\/wp-content\/uploads\/2021\/03\/grossesse-apres-40-ans.jpg?fit=1200%2C520&ssl=1&resize=1050%2C600 3x"},"classes":[]},{"id":64387,"url":"https:\/\/shunrize.com\/blog\/un-bebe-a-44-ans-mon-quatrieme-trimestre\/","url_meta":{"origin":63694,"position":2},"title":"Devenir m\u00e8re \u00e0 44 ans : tout sur mon 4e trimestre","author":"Val\u00e9rie Denise","date":"31\/10\/2021","format":false,"excerpt":"A 45 ans, me voil\u00e0 co-responsable d\u2019un b\u00e9b\u00e9 de 4 mois. Comment s\u2019est pass\u00e9 l\u2019accouchement en pleine p\u00e9riode de Covid-19\u00a0? Et nos premiers pas en tant que \u00abjeunes\u00bb parents, \u00e7a donne quoi ? Flash-back\u00a0! Pr\u00e9c\u00e9demment, je t\u2019avais dit que l\u2019ablation de plusieurs fibromes interstitiels\u00a0dans mon ut\u00e9rus contre-indiquait la naissance par\u2026","rel":"","context":"Dans &quot;LIFESTYLE&quot;","block_context":{"text":"LIFESTYLE","link":"https:\/\/shunrize.com\/blog\/category\/lifestyle\/"},"img":{"alt_text":"","src":"https:\/\/i0.wp.com\/shunrize.com\/blog\/wp-content\/uploads\/2021\/09\/enceinte-44-ans-post-partum.jpg?fit=1200%2C520&ssl=1&resize=350%2C200","width":350,"height":200,"srcset":"https:\/\/i0.wp.com\/shunrize.com\/blog\/wp-content\/uploads\/2021\/09\/enceinte-44-ans-post-partum.jpg?fit=1200%2C520&ssl=1&resize=350%2C200 1x, https:\/\/i0.wp.com\/shunrize.com\/blog\/wp-content\/uploads\/2021\/09\/enceinte-44-ans-post-partum.jpg?fit=1200%2C520&ssl=1&resize=525%2C300 1.5x, https:\/\/i0.wp.com\/shunrize.com\/blog\/wp-content\/uploads\/2021\/09\/enceinte-44-ans-post-partum.jpg?fit=1200%2C520&ssl=1&resize=700%2C400 2x, https:\/\/i0.wp.com\/shunrize.com\/blog\/wp-content\/uploads\/2021\/09\/enceinte-44-ans-post-partum.jpg?fit=1200%2C520&ssl=1&resize=1050%2C600 3x"},"classes":[]},{"id":55813,"url":"https:\/\/shunrize.com\/blog\/don-de-sang-missing-type-saison-2\/","url_meta":{"origin":63694,"position":3},"title":"#MissingType Saison 2 : l&rsquo;EFS a encore besoin de nous","author":"Val\u00e9rie Denise","date":"01\/06\/2018","format":false,"excerpt":"Le 1er juin l\u2019EFS lance la 2e \u00e9dition de l\u2019op\u00e9ration #MissingType pour nous rappeler l\u2019importance du don de sang et nous sensibiliser au risque li\u00e9 au manque. Une action qui aura comme point d'orgue la Journ\u00e9e Mondiale des donneurs de sang le 14 juin prochain. Comme l\u2019an dernier, je suis\u2026","rel":"","context":"Dans &quot;LIFESTYLE&quot;","block_context":{"text":"LIFESTYLE","link":"https:\/\/shunrize.com\/blog\/category\/lifestyle\/"},"img":{"alt_text":"","src":"https:\/\/i0.wp.com\/shunrize.com\/blog\/wp-content\/uploads\/2018\/05\/missing-type-saison-2.jpg?fit=1200%2C520&ssl=1&resize=350%2C200","width":350,"height":200,"srcset":"https:\/\/i0.wp.com\/shunrize.com\/blog\/wp-content\/uploads\/2018\/05\/missing-type-saison-2.jpg?fit=1200%2C520&ssl=1&resize=350%2C200 1x, https:\/\/i0.wp.com\/shunrize.com\/blog\/wp-content\/uploads\/2018\/05\/missing-type-saison-2.jpg?fit=1200%2C520&ssl=1&resize=525%2C300 1.5x, https:\/\/i0.wp.com\/shunrize.com\/blog\/wp-content\/uploads\/2018\/05\/missing-type-saison-2.jpg?fit=1200%2C520&ssl=1&resize=700%2C400 2x, https:\/\/i0.wp.com\/shunrize.com\/blog\/wp-content\/uploads\/2018\/05\/missing-type-saison-2.jpg?fit=1200%2C520&ssl=1&resize=1050%2C600 3x"},"classes":[]},{"id":41128,"url":"https:\/\/shunrize.com\/blog\/critique-le-hobbit-la-bataille-des-cinq-armees\/","url_meta":{"origin":63694,"position":4},"title":"Cin\u00e9ma | Le Hobbit : La Bataille Des Cinq Arm\u00e9es &#8211; Critique","author":"Val\u00e9rie Denise","date":"03\/12\/2014","format":false,"excerpt":"Treize ans apr\u00e8s Le Seigneur des Anneaux : La communaut\u00e9 de l'anneau, Peter Jackson nous emm\u00e8ne une derni\u00e8re fois dans l\u2019univers fantastique imagin\u00e9 par J. R. R. Tolkien. Atteignant enfin la Montagne Solitaire, Thorin et les Nains, aid\u00e9s par Bilbon le Hobbit, ont r\u00e9ussi \u00e0 r\u00e9cup\u00e9rer leur royaume et leur\u2026","rel":"","context":"Dans &quot;CULTURE&quot;","block_context":{"text":"CULTURE","link":"https:\/\/shunrize.com\/blog\/category\/culture\/"},"img":{"alt_text":"","src":"https:\/\/i0.wp.com\/shunrize.com\/blog\/wp-content\/uploads\/2014\/12\/Le-Hobbit-3-Kili-Tauriel.png?fit=750%2C400&ssl=1&resize=350%2C200","width":350,"height":200,"srcset":"https:\/\/i0.wp.com\/shunrize.com\/blog\/wp-content\/uploads\/2014\/12\/Le-Hobbit-3-Kili-Tauriel.png?fit=750%2C400&ssl=1&resize=350%2C200 1x, https:\/\/i0.wp.com\/shunrize.com\/blog\/wp-content\/uploads\/2014\/12\/Le-Hobbit-3-Kili-Tauriel.png?fit=750%2C400&ssl=1&resize=525%2C300 1.5x, https:\/\/i0.wp.com\/shunrize.com\/blog\/wp-content\/uploads\/2014\/12\/Le-Hobbit-3-Kili-Tauriel.png?fit=750%2C400&ssl=1&resize=700%2C400 2x"},"classes":[]},{"id":49149,"url":"https:\/\/shunrize.com\/blog\/critique-creative-control-benjamin-dickinson\/","url_meta":{"origin":63694,"position":5},"title":"Cin\u00e9ma | Creative Control de Benjamin Dickinson &#8211; Critique","author":"Val\u00e9rie Denise","date":"04\/11\/2016","format":false,"excerpt":"Les technologies et les dispositifs de communication visant \u00e0 augmenter la connectivit\u00e9 et \u00e0 att\u00e9nuer l'ennui ont pris encore un peu plus de place dans nos existences. Hipsters new-yorkais, David (Benjamin Dickinson) et Juliette (Nora Zehetner) filent le parfait amour dans un luxueux appartement de Brooklyn. Elle dispense des cours\u2026","rel":"","context":"Dans &quot;DEVIANT ZONE&quot;","block_context":{"text":"DEVIANT ZONE","link":"https:\/\/shunrize.com\/blog\/category\/deviant-zone\/"},"img":{"alt_text":"Affiche creative control","src":"https:\/\/i0.wp.com\/shunrize.com\/blog\/wp-content\/uploads\/2016\/11\/creative-control-benjamin-Ddckinson.jpg?fit=1200%2C520&ssl=1&resize=350%2C200","width":350,"height":200,"srcset":"https:\/\/i0.wp.com\/shunrize.com\/blog\/wp-content\/uploads\/2016\/11\/creative-control-benjamin-Ddckinson.jpg?fit=1200%2C520&ssl=1&resize=350%2C200 1x, https:\/\/i0.wp.com\/shunrize.com\/blog\/wp-content\/uploads\/2016\/11\/creative-control-benjamin-Ddckinson.jpg?fit=1200%2C520&ssl=1&resize=525%2C300 1.5x, https:\/\/i0.wp.com\/shunrize.com\/blog\/wp-content\/uploads\/2016\/11\/creative-control-benjamin-Ddckinson.jpg?fit=1200%2C520&ssl=1&resize=700%2C400 2x, https:\/\/i0.wp.com\/shunrize.com\/blog\/wp-content\/uploads\/2016\/11\/creative-control-benjamin-Ddckinson.jpg?fit=1200%2C520&ssl=1&resize=1050%2C600 3x"},"classes":[]}],"jetpack_sharing_enabled":true,"_links":{"self":[{"href":"https:\/\/shunrize.com\/blog\/wp-json\/wp\/v2\/posts\/63694","targetHints":{"allow":["GET"]}}],"collection":[{"href":"https:\/\/shunrize.com\/blog\/wp-json\/wp\/v2\/posts"}],"about":[{"href":"https:\/\/shunrize.com\/blog\/wp-json\/wp\/v2\/types\/post"}],"author":[{"embeddable":true,"href":"https:\/\/shunrize.com\/blog\/wp-json\/wp\/v2\/users\/1"}],"replies":[{"embeddable":true,"href":"https:\/\/shunrize.com\/blog\/wp-json\/wp\/v2\/comments?post=63694"}],"version-history":[{"count":0,"href":"https:\/\/shunrize.com\/blog\/wp-json\/wp\/v2\/posts\/63694\/revisions"}],"wp:featuredmedia":[{"embeddable":true,"href":"https:\/\/shunrize.com\/blog\/wp-json\/wp\/v2\/media\/63695"}],"wp:attachment":[{"href":"https:\/\/shunrize.com\/blog\/wp-json\/wp\/v2\/media?parent=63694"}],"wp:term":[{"taxonomy":"category","embeddable":true,"href":"https:\/\/shunrize.com\/blog\/wp-json\/wp\/v2\/categories?post=63694"},{"taxonomy":"post_tag","embeddable":true,"href":"https:\/\/shunrize.com\/blog\/wp-json\/wp\/v2\/tags?post=63694"}],"curies":[{"name":"wp","href":"https:\/\/api.w.org\/{rel}","templated":true}]}}