{"id":63452,"date":"2021-03-12T18:50:05","date_gmt":"2021-03-12T17:50:05","guid":{"rendered":"https:\/\/shunrize.com\/blog\/?p=63452"},"modified":"2021-05-05T15:43:58","modified_gmt":"2021-05-05T13:43:58","slug":"kokozenn-la-mode-qui-preserve-les-oceans","status":"publish","type":"post","link":"https:\/\/shunrize.com\/blog\/kokozenn-la-mode-qui-preserve-les-oceans\/","title":{"rendered":"Kokozenn : la mode qui pr\u00e9serve les oc\u00e9ans"},"content":{"rendered":"\n<p><strong>Sauvegarder les oc\u00e9ans est plus que jamais une mission essentielle. <em>Kokozenn <\/em>l&rsquo;a bien compris en faisant le choix de s&rsquo;engager pour leur protection. Zoom sur cette marque de pr\u00eat-\u00e0-porter<\/strong> <strong>bas\u00e9e en Bretagne qui a fait le pari de l&rsquo;\u00e9co-conception.<\/strong><\/p>\n\n\n\n<p>Fond\u00e9e en 2018 par Marion Creignou et son compagnon Valentin Renon, <a href=\"https:\/\/www.kokozenn.com\/\" target=\"_blank\" rel=\"noreferrer noopener nofollow\" title=\"https:\/\/www.kokozenn.com\/\">Kokozenn <\/a>revendique ainsi une d\u00e9marche <a href=\"https:\/\/shunrize.com\/blog\/tag\/ecoresponsable\/\" target=\"_blank\" rel=\"noreferrer noopener\">\u00e9co-responsable<\/a> et des actions sur le terrain au profit de la pr\u00e9servation du littoral. Polyester recycl\u00e9 \u00e0 partir de bouteilles en plastique, chutes de coton bio ou encore filets de p\u00eache ramass\u00e9s sur la plage. Imagin\u00e9s en Bretagne et produits en Europe, leurs v\u00eatements et accessoires ont la particularit\u00e9 de valoriser des d\u00e9chets textiles&nbsp;et plastiques. Marion se jette \u00e0 l&rsquo;eau pour nous en dire plus.<\/p>\n\n\n\n<figure class=\"wp-block-image alignwide size-large\"><img data-recalc-dims=\"1\" decoding=\"async\" src=\"https:\/\/i0.wp.com\/www.shunrize.com\/2021\/Marion-Creignou-Kokozenn.jpg?w=700&#038;ssl=1\" alt=\"\"\/><\/figure>\n\n\n\n<p><strong>Ex-assistante commerciale et logistique, qu\u2019est-ce qui vous a amen\u00e9 \u00e0 rejoindre Valentin dans cette aventure ?&nbsp;<\/strong><\/p>\n\n\n\n<p>Cela a \u00e9t\u00e9 un choix compliqu\u00e9. J&rsquo;avais peur de ne pas \u00eatre \u00e0 la hauteur et de ne pas retirer de la satisfaction de mon travail. Je n&rsquo;ai jamais eu l&rsquo;\u00e2me entrepreneuriale mais j&rsquo;ai la chance d&rsquo;avoir un compagnon toujours positif, optimiste et tr\u00e8s motivant.&nbsp;Finalement, j&rsquo;ai d\u00e9couvert un autre monde et appris \u00e0 aimer ce mode de vie. Je fais ce que j&rsquo;aime, je rythme mes journ\u00e9es selon mes envies et mon organisation. Cette libert\u00e9 totalement nouvelle est tr\u00e8s appr\u00e9ciable.<\/p>\n\n\n\n<p><strong>Vos r\u00f4les respectifs au sein de <em>Kokozenn <\/em>?&nbsp;<\/strong><\/p>\n\n\n\n<p>Nous sommes co-fondateurs de la marque et \u00e9galement co-dirigeants. Valentin s&rsquo;occupe de la s\u00e9rigraphie, du site internet, de la gestion des r\u00e9seaux sociaux ainsi que de la partie recyclage plastique. Pour ma part, je g\u00e8re l&rsquo;envoi des commandes, le SAV, les revendeurs et les demandes de partenariats\/collaborations. Nous \u00e9changeons beaucoup et demandons syst\u00e9matiquement l&rsquo;avis de l&rsquo;autre avant de valider quoi que ce soit. C&rsquo;est important d&rsquo;\u00eatre sur la m\u00eame longueur d&rsquo;onde !<\/p>\n\n\n\n<figure class=\"wp-block-image alignwide size-large\"><img data-recalc-dims=\"1\" decoding=\"async\" src=\"https:\/\/i0.wp.com\/www.shunrize.com\/2021\/Marion-et-Valentin-Atelier-Kokozenn.jpg?w=700&#038;ssl=1\" alt=\"\"\/><figcaption><span class=\"has-inline-color has-black-color\">Marion Creignou et Valentin Renon dans leur atelier de recyclage<\/span><\/figcaption><\/figure>\n\n\n\n<p><strong>Des conseils pour ceux qui souhaiteraient se lancer ?&nbsp;<\/strong><\/p>\n\n\n\n<p>En France, l&rsquo;\u00e9chec est mal per\u00e7u et c&rsquo;est une erreur. Quelqu&rsquo;un qui prend des risques pour aller au bout de ses envies et convictions apprendra davantage que quelqu&rsquo;un qui ne fait rien. Et si cela ne fonctionne pas, ce n&rsquo;est pas grave. On aura gagn\u00e9 en connaissances, en technique et on saura comment faire la prochaine fois. La vie est trop courte pour avoir des regrets.&nbsp;<\/p>\n\n\n\n<p><strong>Est-ce difficile d&rsquo;entreprendre \u00e0 Tr\u00e9beurden ?&nbsp;<\/strong><\/p>\n\n\n\n<p>L&rsquo;aventure a commenc\u00e9 au Relecq-Kerhuon, \u00e0 c\u00f4t\u00e9 de Brest. Puis, nous avons rapidement d\u00e9m\u00e9nag\u00e9 dans les C\u00f4tes-d\u2019Armor. Au d\u00e9but, nous avions surtout une client\u00e8le bretonne, voir finist\u00e9rienne. Mais notre <a href=\"https:\/\/www.kisskissbankbank.com\/fr\/projects\/kokozenn-la-marque-qui-nettoie-les-oceans\" target=\"_blank\" rel=\"noreferrer noopener nofollow\" title=\"https:\/\/www.kisskissbankbank.com\/fr\/projects\/kokozenn-la-marque-qui-nettoie-les-oceans\">campagne de crowfunding<\/a> a vraiment eu un effet expansif. Petit \u00e0 petit, la marque s&rsquo;est faite conna\u00eetre au niveau national. Si nos clients restent tout de m\u00eame majoritairement bretons, nous exp\u00e9dions aussi nos produits un peu partout en France.&nbsp;<\/p>\n\n\n\n<figure class=\"wp-block-image alignwide size-large\"><img data-recalc-dims=\"1\" decoding=\"async\" src=\"https:\/\/i0.wp.com\/www.shunrize.com\/2021\/produits-Kokozen.jpg?w=700&#038;ssl=1\" alt=\"\"\/><figcaption><span class=\"has-inline-color has-black-color\">Valentin portant le T-shirt Surfeur Breton &#8211; Le Tote Bag Upcycl\u00e9 100% local&nbsp;<\/span><\/figcaption><\/figure>\n\n\n\n<p><strong>Malgr\u00e9 la recrudescence de marques \u00e9co-responsables, votre campagne de crowfunding a remport\u00e9 un joli succ\u00e8s. Comment l&rsquo;expliquez-vous ?&nbsp;<\/strong><\/p>\n\n\n\n<p>Nous misons sur la transparence avant tout. Aujourd&rsquo;hui, les consommateurs font attention \u00e0 leur fa\u00e7on de consommer. Ainsi, ils veulent savoir d&rsquo;o\u00f9 proviennent les v\u00eatements qu&rsquo;ils ach\u00e8tent, les mati\u00e8res premi\u00e8res utilis\u00e9es, les bonnes conditions de travail des employ\u00e9s des cha\u00eenes de production&#8230; Nos produits sont au prix juste et sans vices cach\u00e9s. Nous pensons que c&rsquo;est pour cela que la campagne a aussi bien fonctionn\u00e9. D\u2019autre part, nous avons une forte identit\u00e9 bretonne. Nous sommes fiers de notre r\u00e9gion et le faisons savoir. Beaucoup de personnes s&rsquo;identifient \u00e0 <em>Kokozenn <\/em>et sont contentes de soutenir une marque locale.&nbsp;<\/p>\n\n\n\n<p><strong>Dans votre atelier de recyclage, vous fabriquez des bracelets \u00e0 partir de d\u00e9chets marins ramass\u00e9s sur les c\u00f4tes. D&rsquo;autres produits \u00e0 venir ?&nbsp;<\/strong><\/p>\n\n\n\n<p>Nous avons plein d&rsquo;id\u00e9es mais nous sommes frein\u00e9s par des probl\u00e8mes d&rsquo;ordre technique. Tout d&rsquo;abord, il faut savoir que nos machines sont con\u00e7ues avec des mat\u00e9riaux de r\u00e9cup\u00e9ration et de seconde main. De fait, chaque nouveau produit n\u00e9cessite la cr\u00e9ation d&rsquo;une nouvelle machine dot\u00e9e d&rsquo;un moule en acier sp\u00e9cifique tr\u00e8s co\u00fbteux. Et c&rsquo;est l\u00e0 que r\u00e9side toute la difficult\u00e9. Avant de nous lancer, nous devons \u00eatre s\u00fbrs que le produit plaira.<\/p>\n\n\n\n<figure class=\"wp-block-image alignwide size-large\"><img data-recalc-dims=\"1\" decoding=\"async\" src=\"https:\/\/i0.wp.com\/www.shunrize.com\/2021\/Bracelets-dechets-marins-Kokozenn.jpg?w=700&#038;ssl=1\" alt=\"\"\/><figcaption><span class=\"has-inline-color has-black-color\">R\u00e9alis\u00e9s \u00e0 la main en Bretagne, les bracelets recycl\u00e9s 100% issus des d\u00e9chets marins<\/span><\/figcaption><\/figure>\n\n\n\n<p><strong>Parlez-nous de votre partenariat avec l&rsquo;ONG Surfrider Foundation Europe.&nbsp;<\/strong><\/p>\n\n\n\n<p>Cela nous tenait \u00e0 c\u0153ur de faire quelque chose pour pr\u00e9server notre belle c\u00f4te bretonne et l&rsquo;oc\u00e9an. Nous avons grandi pr\u00e8s de la mer et avons vu la pollution envahir le paysage. <a href=\"https:\/\/surfrider.eu\/\" target=\"_blank\" rel=\"noreferrer noopener nofollow\" title=\"https:\/\/surfrider.eu\/\">Surfrider Foundation Europe<\/a> se bat pour la protection du littoral et des oc\u00e9ans, c&rsquo;est donc tout naturellement que nous avons voulu leur reverser une partie de nos b\u00e9n\u00e9fices. D&rsquo;autre part, Initiative Oc\u00e9ane, une de leur branche, nous accompagne lorsque nous organisons des collectes de d\u00e9chets sur les plages. Ainsi, nous contribuons \u00e0 une meilleure connaissance et ma\u00eetrise de la pollution sur nos c\u00f4tes.<\/p>\n\n\n\n<p><strong>Et votre engagement \u00e9co-responsable au quotidien ?&nbsp;<\/strong><\/p>\n\n\n\n<p>Nous faisons attention \u00e0 notre fa\u00e7on de consommer. Nous privil\u00e9gions donc les produits frais et locaux. Je fais \u00e9galement mes produits d&rsquo;entretien avec tr\u00e8s peu d&rsquo;ingr\u00e9dients. Du c\u00f4t\u00e9 de la salle de bain, j&rsquo;ai peu de produits et ils sont naturels. Enfin, au niveau vestimentaire comme pour les meubles, nous sommes adeptes de la seconde main. Le Bon Coin et Vinted sont nos applis de r\u00e9f\u00e9rence !&nbsp;Nous faisons partie de ces gens qui pensent que rien ne se perd, tout se transforme !&nbsp;Chaque petit geste compte et c&rsquo;est \u00e9galement un \u00e9tat d&rsquo;esprit g\u00e9n\u00e9ral.<\/p>\n\n\n\n<figure class=\"wp-block-image alignwide size-large\"><img data-recalc-dims=\"1\" decoding=\"async\" src=\"https:\/\/i0.wp.com\/www.shunrize.com\/2021\/Kokozenn-Surfrider-Fondation.jpg?w=700&#038;ssl=1\" alt=\"\"\/><figcaption><span class=\"has-inline-color has-black-color\">L&rsquo;une des collectes de d\u00e9chets marins organis\u00e9e avec Initiatives Oc\u00e9anes<\/span><\/figcaption><\/figure>\n\n\n\n<p><strong>Avez-vous \u00e9t\u00e9 impact\u00e9s par la pand\u00e9mie ?&nbsp;<\/strong><\/p>\n\n\n\n<p>Nous avons la chance d&rsquo;\u00eatre assez pr\u00e9serv\u00e9s par la crise. En effet, le e-commerce n&rsquo;a pas \u00e9t\u00e9 aussi touch\u00e9 que les commerces physiques. Nous devons admettre que cela a m\u00eame \u00e9t\u00e9 une p\u00e9riode assez dense et propice pour <em>Kokozenn<\/em>.&nbsp;<\/p>\n\n\n\n<p><strong>Comment envisagez-vous la suite ?&nbsp;<\/strong><\/p>\n\n\n\n<p>Nous pensons que la mode \u00e9thique a un grand avenir. Les consommateurs sont de plus en plus demandeurs de transparence et c&rsquo;est justement notre ma\u00eetre mot. Nous sommes optimistes et persuad\u00e9s que la marque a de beaux jours devant elle !<\/p>\n\n\n\n<p class=\"has-text-align-right\">Copyright Photos \u00a9 Kokozenn<\/p>\n\n\n\n<hr class=\"wp-block-separator\"\/>\n\n\n\n<p>&#x1f6d2;<strong> Kokozenn<\/strong><br \/> \nE-shop : <a href=\"https:\/\/www.kokozenn.com\/\" target=\"_&quot;blank&quot;\" rel=\"noopener\">Kokozenn<\/a><br \/>\nInstagram : <a href=\"https:\/\/www.instagram.com\/kokozenn.shop\/\" target=\"_&quot;blank&quot;\" rel=\"noopener\">Kokozenn.shop<\/a><\/p>\n\n\n\n<p><\/p>\n","protected":false},"excerpt":{"rendered":"<p>Sauvegarder les oc\u00e9ans est plus que jamais une mission essentielle. Kokozenn l&rsquo;a bien compris en faisant le choix de s&rsquo;engager pour leur protection. Zoom sur cette marque de pr\u00eat-\u00e0-porter bas\u00e9e en Bretagne qui a fait le pari de l&rsquo;\u00e9co-conception. Fond\u00e9e en 2018 par Marion Creignou et son compagnon Valentin Renon, Kokozenn revendique ainsi une d\u00e9marche [&hellip;]<\/p>\n","protected":false},"author":1,"featured_media":63468,"comment_status":"open","ping_status":"open","sticky":false,"template":"","format":"standard","meta":{"jetpack_post_was_ever_published":false,"_jetpack_newsletter_access":"","_jetpack_dont_email_post_to_subs":false,"_jetpack_newsletter_tier_id":0,"_jetpack_memberships_contains_paywalled_content":false,"csco_page_load_nextpost":"","csco_post_video_location":[],"csco_post_video_location_hash":"","csco_post_video_url":"","csco_post_video_bg_start_time":0,"csco_post_video_bg_end_time":0,"csco_post_text_color":"#ffffff","_jetpack_memberships_contains_paid_content":false,"footnotes":"","jetpack_publicize_message":"","jetpack_publicize_feature_enabled":true,"jetpack_social_post_already_shared":false,"jetpack_social_options":{"image_generator_settings":{"template":"highway","default_image_id":0,"font":"","enabled":false},"version":2}},"categories":[721],"tags":[7392,7390,7365,6886],"class_list":{"0":"post-63452","1":"post","2":"type-post","3":"status-publish","4":"format-standard","5":"has-post-thumbnail","7":"category-interview","8":"tag-ecologie","9":"tag-ecoresponsable","10":"tag-interview","11":"tag-mode","12":"cs-entry","13":"cs-video-wrap"},"aioseo_notices":[],"jetpack_publicize_connections":[],"jetpack_featured_media_url":"https:\/\/i0.wp.com\/shunrize.com\/blog\/wp-content\/uploads\/2021\/03\/valentin-et-marion-Kokozenn.jpg?fit=1385%2C600&ssl=1","jetpack-related-posts":[{"id":63418,"url":"https:\/\/shunrize.com\/blog\/interview-fairytale-e-shop-mode-responsable\/","url_meta":{"origin":63452,"position":0},"title":"Fairytale, le nouvel e-shop de mode responsable","author":"Val\u00e9rie Denise","date":"05\/03\/2021","format":false,"excerpt":"En qu\u00eate d'une garde-robe plus \u00e9thique et plus respectueuse pour la plan\u00e8te ? Pour t'\u00e9viter les pi\u00e8ges du greenwashing, Fairytale a s\u00e9lectionn\u00e9 plus de 40 marques r\u00e9pondant \u00e0 des valeurs strictes de production et de conception. T-shirts en coton bio certifi\u00e9, collants faits \u00e0 partir de fibres recycl\u00e9es, jupes upcycl\u00e9es\u2026","rel":"","context":"Dans &quot;INSPIRATION&quot;","block_context":{"text":"INSPIRATION","link":"https:\/\/shunrize.com\/blog\/category\/interview\/"},"img":{"alt_text":"","src":"https:\/\/i0.wp.com\/shunrize.com\/blog\/wp-content\/uploads\/2021\/03\/Nouveau-projet.jpg?fit=1200%2C520&ssl=1&resize=350%2C200","width":350,"height":200,"srcset":"https:\/\/i0.wp.com\/shunrize.com\/blog\/wp-content\/uploads\/2021\/03\/Nouveau-projet.jpg?fit=1200%2C520&ssl=1&resize=350%2C200 1x, https:\/\/i0.wp.com\/shunrize.com\/blog\/wp-content\/uploads\/2021\/03\/Nouveau-projet.jpg?fit=1200%2C520&ssl=1&resize=525%2C300 1.5x, https:\/\/i0.wp.com\/shunrize.com\/blog\/wp-content\/uploads\/2021\/03\/Nouveau-projet.jpg?fit=1200%2C520&ssl=1&resize=700%2C400 2x, https:\/\/i0.wp.com\/shunrize.com\/blog\/wp-content\/uploads\/2021\/03\/Nouveau-projet.jpg?fit=1200%2C520&ssl=1&resize=1050%2C600 3x"},"classes":[]},{"id":60930,"url":"https:\/\/shunrize.com\/blog\/14-idees-cadeaux-pour-un-noel-eco-responsable\/","url_meta":{"origin":63452,"position":1},"title":"14 id\u00e9es cadeaux pour un No\u00ebl \u00e9coresponsable","author":"Val\u00e9rie Denise","date":"22\/11\/2019","format":false,"excerpt":"A un mois de No\u00ebl, tu es toujours en qu\u00eate de cadeaux\u00a0? Produits made in France, respectueux de la plan\u00e8te, issus du commerce \u00e9quitable ou encore solidaires. Retrouve 14 id\u00e9es pour d\u00e9goter des cadeaux originaux qui ont du sens. Que tu souhaites faire plaisir \u00e0 une personne sensible aux enjeux\u2026","rel":"","context":"Dans &quot;LIFESTYLE&quot;","block_context":{"text":"LIFESTYLE","link":"https:\/\/shunrize.com\/blog\/category\/lifestyle\/"},"img":{"alt_text":"","src":"https:\/\/i0.wp.com\/shunrize.com\/blog\/wp-content\/uploads\/2019\/11\/idees-cadeaux-noel-eco-responsable-2019.jpg?fit=1200%2C520&ssl=1&resize=350%2C200","width":350,"height":200,"srcset":"https:\/\/i0.wp.com\/shunrize.com\/blog\/wp-content\/uploads\/2019\/11\/idees-cadeaux-noel-eco-responsable-2019.jpg?fit=1200%2C520&ssl=1&resize=350%2C200 1x, https:\/\/i0.wp.com\/shunrize.com\/blog\/wp-content\/uploads\/2019\/11\/idees-cadeaux-noel-eco-responsable-2019.jpg?fit=1200%2C520&ssl=1&resize=525%2C300 1.5x, https:\/\/i0.wp.com\/shunrize.com\/blog\/wp-content\/uploads\/2019\/11\/idees-cadeaux-noel-eco-responsable-2019.jpg?fit=1200%2C520&ssl=1&resize=700%2C400 2x, https:\/\/i0.wp.com\/shunrize.com\/blog\/wp-content\/uploads\/2019\/11\/idees-cadeaux-noel-eco-responsable-2019.jpg?fit=1200%2C520&ssl=1&resize=1050%2C600 3x"},"classes":[]},{"id":46943,"url":"https:\/\/shunrize.com\/blog\/demain-un-film-citoyen\/","url_meta":{"origin":63452,"position":2},"title":"Cin\u00e9ma | Demain, un film citoyen","author":"Val\u00e9rie Denise","date":"30\/11\/2015","format":false,"excerpt":"D'ici 2100, si rien ne change, une partie de l\u2019humanit\u00e9 serait amen\u00e9e \u00e0 disparaitre \u00e0 cause de la rar\u00e9faction des ressources et des changements climatiques. Face \u00e0 ce constat plus qu'alarmant, Cyril Dion et M\u00e9lanie Laurent sont partis enqu\u00eater \u00e0 travers le monde pour comprendre ce qui pourrait provoquer cette\u2026","rel":"","context":"Dans &quot;CULTURE&quot;","block_context":{"text":"CULTURE","link":"https:\/\/shunrize.com\/blog\/category\/culture\/"},"img":{"alt_text":"","src":"https:\/\/i0.wp.com\/shunrize.com\/blog\/wp-content\/uploads\/2015\/11\/Demain-Melanie-Laurent-Cyril-Dion.jpg?fit=1200%2C520&ssl=1&resize=350%2C200","width":350,"height":200,"srcset":"https:\/\/i0.wp.com\/shunrize.com\/blog\/wp-content\/uploads\/2015\/11\/Demain-Melanie-Laurent-Cyril-Dion.jpg?fit=1200%2C520&ssl=1&resize=350%2C200 1x, https:\/\/i0.wp.com\/shunrize.com\/blog\/wp-content\/uploads\/2015\/11\/Demain-Melanie-Laurent-Cyril-Dion.jpg?fit=1200%2C520&ssl=1&resize=525%2C300 1.5x, https:\/\/i0.wp.com\/shunrize.com\/blog\/wp-content\/uploads\/2015\/11\/Demain-Melanie-Laurent-Cyril-Dion.jpg?fit=1200%2C520&ssl=1&resize=700%2C400 2x, https:\/\/i0.wp.com\/shunrize.com\/blog\/wp-content\/uploads\/2015\/11\/Demain-Melanie-Laurent-Cyril-Dion.jpg?fit=1200%2C520&ssl=1&resize=1050%2C600 3x"},"classes":[]},{"id":31652,"url":"https:\/\/shunrize.com\/blog\/wwf-france-40-ans-de-lutte-au-service-de-la-planete\/","url_meta":{"origin":63452,"position":3},"title":"WWF France : 40 ans de lutte au service de la plan\u00e8te","author":"Val\u00e9rie Denise","date":"21\/10\/2013","format":false,"excerpt":"Le 4 septembre dernier, un homme d\u00e9guis\u00e9 en panda affrontait la canicule afin de me livrer l\u2019un des 1600 pandas miniatures qui avaient, cinq ans auparavant, envahis le parvis de l\u2019H\u00f4tel de Ville de Paris. En dehors de Twitter et d\u2019Instagram, je n\u2019avais malheureusement pas pu vous en parler \u00e0\u2026","rel":"","context":"Dans &quot;LIFESTYLE&quot;","block_context":{"text":"LIFESTYLE","link":"https:\/\/shunrize.com\/blog\/category\/lifestyle\/"},"img":{"alt_text":"","src":"https:\/\/i0.wp.com\/shunrize.com\/blog\/wp-content\/uploads\/2013\/10\/panda-WWF-paolo.jpg?fit=628%2C356&ssl=1&resize=350%2C200","width":350,"height":200,"srcset":"https:\/\/i0.wp.com\/shunrize.com\/blog\/wp-content\/uploads\/2013\/10\/panda-WWF-paolo.jpg?fit=628%2C356&ssl=1&resize=350%2C200 1x, https:\/\/i0.wp.com\/shunrize.com\/blog\/wp-content\/uploads\/2013\/10\/panda-WWF-paolo.jpg?fit=628%2C356&ssl=1&resize=525%2C300 1.5x"},"classes":[]},{"id":61569,"url":"https:\/\/shunrize.com\/blog\/interview-alice-durupt-de-maison-alfa-creatrice-de-mode-durable\/","url_meta":{"origin":63452,"position":4},"title":"Alice Durupt de Maison Alfa, cr\u00e9atrice de mode durable","author":"Val\u00e9rie Denise","date":"13\/05\/2020","format":false,"excerpt":"A l\u2019origine d\u20191,2 milliard de tonnes de gaz \u00e0 effet de serre chaque ann\u00e9e, l'industrie de la mode est l'une des plus polluantes au monde. Fondatrice et cr\u00e9atrice de Maison Alfa, Alice Durupt s\u2019est engag\u00e9e \u00e0 rendre ton dressing eco-friendly gr\u00e2ce \u00e0 l'upcycling. Pr\u00e9sentations. Clermontoise d\u2019origine, Alice a quitt\u00e9 l\u2019Auvergne\u2026","rel":"","context":"Dans &quot;INSPIRATION&quot;","block_context":{"text":"INSPIRATION","link":"https:\/\/shunrize.com\/blog\/category\/interview\/"},"img":{"alt_text":"","src":"https:\/\/i0.wp.com\/shunrize.com\/blog\/wp-content\/uploads\/2020\/05\/maison-alfa-interview.jpg?fit=1200%2C520&ssl=1&resize=350%2C200","width":350,"height":200,"srcset":"https:\/\/i0.wp.com\/shunrize.com\/blog\/wp-content\/uploads\/2020\/05\/maison-alfa-interview.jpg?fit=1200%2C520&ssl=1&resize=350%2C200 1x, https:\/\/i0.wp.com\/shunrize.com\/blog\/wp-content\/uploads\/2020\/05\/maison-alfa-interview.jpg?fit=1200%2C520&ssl=1&resize=525%2C300 1.5x, https:\/\/i0.wp.com\/shunrize.com\/blog\/wp-content\/uploads\/2020\/05\/maison-alfa-interview.jpg?fit=1200%2C520&ssl=1&resize=700%2C400 2x, https:\/\/i0.wp.com\/shunrize.com\/blog\/wp-content\/uploads\/2020\/05\/maison-alfa-interview.jpg?fit=1200%2C520&ssl=1&resize=1050%2C600 3x"},"classes":[]},{"id":60593,"url":"https:\/\/shunrize.com\/blog\/interview-alice-pelissier-et-lea-barbaroux-jours-a-venir\/","url_meta":{"origin":63452,"position":5},"title":"Jours \u00e0 venir : Alice et L\u00e9a d\u00e9mocratisent le shopping responsable","author":"Val\u00e9rie Denise","date":"25\/10\/2019","format":false,"excerpt":"M\u00e9dia d\u2019information et Marketplace de cr\u00e9ateurs inscrits dans une d\u00e9marche responsable et durable depuis novembre 2018, Jours \u00e0 venir est pass\u00e9 du virtuel au r\u00e9el en prenant ses quartiers \u00e0 Montmartre dans le 18e arrondissement de Paris. Les Abbesses, juste en face du March\u00e9 de la Butte rendu c\u00e9l\u00e8bre par\u2026","rel":"","context":"Dans &quot;INSPIRATION&quot;","block_context":{"text":"INSPIRATION","link":"https:\/\/shunrize.com\/blog\/category\/interview\/"},"img":{"alt_text":"","src":"https:\/\/i0.wp.com\/shunrize.com\/blog\/wp-content\/uploads\/2019\/10\/alice-pelissier-et-lea-barbaroux-jours-a-venir-interview.jpg?fit=1200%2C520&ssl=1&resize=350%2C200","width":350,"height":200,"srcset":"https:\/\/i0.wp.com\/shunrize.com\/blog\/wp-content\/uploads\/2019\/10\/alice-pelissier-et-lea-barbaroux-jours-a-venir-interview.jpg?fit=1200%2C520&ssl=1&resize=350%2C200 1x, https:\/\/i0.wp.com\/shunrize.com\/blog\/wp-content\/uploads\/2019\/10\/alice-pelissier-et-lea-barbaroux-jours-a-venir-interview.jpg?fit=1200%2C520&ssl=1&resize=525%2C300 1.5x, https:\/\/i0.wp.com\/shunrize.com\/blog\/wp-content\/uploads\/2019\/10\/alice-pelissier-et-lea-barbaroux-jours-a-venir-interview.jpg?fit=1200%2C520&ssl=1&resize=700%2C400 2x, https:\/\/i0.wp.com\/shunrize.com\/blog\/wp-content\/uploads\/2019\/10\/alice-pelissier-et-lea-barbaroux-jours-a-venir-interview.jpg?fit=1200%2C520&ssl=1&resize=1050%2C600 3x"},"classes":[]}],"jetpack_sharing_enabled":true,"_links":{"self":[{"href":"https:\/\/shunrize.com\/blog\/wp-json\/wp\/v2\/posts\/63452","targetHints":{"allow":["GET"]}}],"collection":[{"href":"https:\/\/shunrize.com\/blog\/wp-json\/wp\/v2\/posts"}],"about":[{"href":"https:\/\/shunrize.com\/blog\/wp-json\/wp\/v2\/types\/post"}],"author":[{"embeddable":true,"href":"https:\/\/shunrize.com\/blog\/wp-json\/wp\/v2\/users\/1"}],"replies":[{"embeddable":true,"href":"https:\/\/shunrize.com\/blog\/wp-json\/wp\/v2\/comments?post=63452"}],"version-history":[{"count":0,"href":"https:\/\/shunrize.com\/blog\/wp-json\/wp\/v2\/posts\/63452\/revisions"}],"wp:featuredmedia":[{"embeddable":true,"href":"https:\/\/shunrize.com\/blog\/wp-json\/wp\/v2\/media\/63468"}],"wp:attachment":[{"href":"https:\/\/shunrize.com\/blog\/wp-json\/wp\/v2\/media?parent=63452"}],"wp:term":[{"taxonomy":"category","embeddable":true,"href":"https:\/\/shunrize.com\/blog\/wp-json\/wp\/v2\/categories?post=63452"},{"taxonomy":"post_tag","embeddable":true,"href":"https:\/\/shunrize.com\/blog\/wp-json\/wp\/v2\/tags?post=63452"}],"curies":[{"name":"wp","href":"https:\/\/api.w.org\/{rel}","templated":true}]}}