{"id":62510,"date":"2020-07-21T19:30:03","date_gmt":"2020-07-21T17:30:03","guid":{"rendered":"https:\/\/shunrize.com\/blog\/?p=62510"},"modified":"2025-06-27T10:29:02","modified_gmt":"2025-06-27T08:29:02","slug":"balade-insolite-le-vieux-pays-de-goussainville","status":"publish","type":"post","link":"https:\/\/shunrize.com\/blog\/balade-insolite-le-vieux-pays-de-goussainville\/","title":{"rendered":"Le Vieux-Pays de Goussainville"},"content":{"rendered":"\n<p><strong>On t&#8217;emm\u00e8ne \u00e0 Goussainville dans le Val-d&rsquo;Oise, \u00e0 une vingtaine de kilom\u00e8tres de Paris. Au programme : une balade insolite au coeur des rues d\u00e9labr\u00e9es du hameau du Vieux-Pays.<\/strong><\/p>\n\n\n\n<p>Pour acc\u00e9der au vieux village de Goussainville depuis la capitale, tu peux emprunter le RER D. C\u2019est ensuite \u00e0 20 minutes de marche de la gare SNCF en descendant la D 47. Ce samedi-l\u00e0, on a opt\u00e9 pour le service d&rsquo;auto-partage Zity.<\/p>\n\n\n\n<p class=\"has-black-color has-text-color has-background\" style=\"background-color:#b4d079\"><strong>Gare :<\/strong> Goussainville, RER D<br \/><strong>D\u00e9part :<\/strong> Place Hyacinthe Drujon <br \/><strong>Dur\u00e9e estim\u00e9e :<\/strong> 1h<\/p>\n\n\n\n<p>Apr\u00e8s avoir gar\u00e9 la voiture \u00e9lectrique sur le parking de la <strong>Salle des f\u00eates Gaston Houdry<\/strong> (1924), nous voil\u00e0 partis pour une petite heure d\u2019exploration. Premier constat, contrairement \u00e0 ce que laisse sugg\u00e9rer le clip de Shy\u2019m (<em>Il faut vivre<\/em>, 2015) ou <a href=\"https:\/\/shunrize.com\/blog\/critique-seduis-moi-si-tu-peux\/\" target=\"_blank\" rel=\"noreferrer noopener nofollow\" title=\"S\u00e9duis-moi si tu peux ! \u2013 Critique\">Charlize Th\u00e9ron<\/a> dans <em>The Old Guard<\/em> (Netflix 2020), on est loin d\u2019un no man&rsquo;s land. Note d&rsquo;ailleurs que la fameuse sc\u00e8ne du film n&rsquo;a pas \u00e9t\u00e9 tourn\u00e9e \u00e0 Goussainville mais en Angleterre dans l\u2019\u00e9glise All Saints \u00e0 Shirburn, Oxfordshire.<\/p>\n\n\n\n<p>En effet, le quartier compte plus de 300 habitants, une <strong>librairie <\/strong>(<a href=\"http:\/\/www.goussainlivres.com\/librairie\/\" target=\"_blank\" rel=\"noreferrer noopener nofollow\" title=\"http:\/\/www.goussainlivres.com\/librairie\/\">Goussainlivres<\/a> &#8211; 14, rue du Bassin), des associations, un centre \u00e9questre, un garage, un parc municipal et m\u00eame une \u00e9cole \u00e9l\u00e9mentaire.<\/p>\n\n\n\n<center><img data-recalc-dims=\"1\" decoding=\"async\" src=\"https:\/\/i0.wp.com\/www.shunrize.com\/2020\/salle-des-fetes-Gaston-Houdry-goussainville.jpg?w=700&#038;ssl=1\" alt=\"Salle des F\u00eates du Vieux-Pays de Goussainville\"\/><br \/><br \/>\n<img data-recalc-dims=\"1\" decoding=\"async\" src=\"https:\/\/i0.wp.com\/www.shunrize.com\/2020\/goussainlivres.jpg?w=700&#038;ssl=1\" alt=\"librairie Goussainlivres du Vieux-Pays de Goussainville\"\/><\/center>\n\n\n\n<h2 id=\"un-patrimoine-delaisse\" class=\"wp-block-heading\">Un patrimoine d\u00e9laiss\u00e9<\/h2>\n\n\n\n<p>Si <strong>L&rsquo;\u00e9glise Saint-Pierre-Saint-Paul<\/strong> du XVI<sup>e<\/sup> si\u00e8cle, class\u00e9e \u00e0 l\u2019inventaire du patrimoine, a fait l&rsquo;objet d&rsquo;une restauration en 2013, le reste semble \u00eatre \u00e0 l&rsquo;abandon. Dans le parc attenant, on d\u00e9couvre ainsi les ruines du <strong>Pavillon de garde<\/strong> et de la <strong>Maison de ma\u00eetre<\/strong> construite \u00e0 l&#8217;emplacement du ch\u00e2teau en 1860. Seules les <strong>anciennes \u00e9curies<\/strong> tiennent encore debout.<\/p>\n\n\n\n<center><img data-recalc-dims=\"1\" decoding=\"async\" src=\"https:\/\/i0.wp.com\/www.shunrize.com\/2020\/eglise-saint-pierre-saint-paul-goussainville-vues.jpg?w=700&#038;ssl=1\" alt=\"\u00c9glise Saint-Pierre-Saint-Paul du Vieux-Pays de Goussainville\"\/><br \/><br \/>\n<img data-recalc-dims=\"1\" decoding=\"async\" src=\"https:\/\/i0.wp.com\/www.shunrize.com\/2020\/pavillon-de-garde-parc-du-chateau-goussainville.jpg?w=700&#038;ssl=1\" alt=\"Pavillon de Garde du ch\u00e2teau du Vieux-Pays de Goussainville\"\/><br \/><br \/>\n<img data-recalc-dims=\"1\" decoding=\"async\" src=\"https:\/\/i0.wp.com\/www.shunrize.com\/2020\/ruines-maison-de-maitre-goussainville.jpg?w=700&#038;ssl=1\" alt=\"Maison de ma\u00eetre 1860 du Vieux-Pays de Goussainville\"\/><br \/><br \/>\n<img data-recalc-dims=\"1\" decoding=\"async\" src=\"https:\/\/i0.wp.com\/www.shunrize.com\/2020\/anciennes-ecuries-chateau-Goussainville.jpg?w=700&#038;ssl=1\" alt=\"anciennes \u00e9curies du ch\u00e2teau du Vieux-Pays de Goussainville\"\/><\/center>\n\n\n\n<h2 id=\"impasse-du-bassin\" class=\"wp-block-heading\">Impasse du Bassin<\/h2>\n\n\n\n<p>C\u0153ur historique de la ville, le Vieux-Pays a connu une premi\u00e8re vague de d\u00e9parts lorsque la mairie et les commerces s\u2019install\u00e8rent sur le trac\u00e9 du chemin de fer en 1964. Puis, une seconde avec l\u2019ouverture des pistes de l\u2019a\u00e9roport de Roissy en 1973, qui l\u2019emp\u00eatrera dans un imbroglio administratif. Depuis, les b\u00e2timents de France interdisent toute destruction des maisons rachet\u00e9es par la mairie \u00e0 cause de l&rsquo;\u00e9glise class\u00e9e et la cat\u00e9gorisation du site en zone de bruit intense limite toute r\u00e9habilitation.<\/p>\n\n\n\n<center><img data-recalc-dims=\"1\" decoding=\"async\" src=\"https:\/\/i0.wp.com\/www.shunrize.com\/2020\/impasse-du-bassin-boulangerie-goussainville.jpg?w=700&#038;ssl=1\" alt=\"Boulangerie du Vieux-Pays de Goussainville\"\/><br \/><br \/>\n<img data-recalc-dims=\"1\" decoding=\"async\" src=\"https:\/\/i0.wp.com\/www.shunrize.com\/2020\/chat-impasse-du-bassin-goussainville.jpg?w=700&#038;ssl=1\" alt=\"chat dans l'impasse du bassin du Vieux-Pays de Goussainville\"\/><br \/><br \/>\n<img data-recalc-dims=\"1\" decoding=\"async\" src=\"https:\/\/i0.wp.com\/www.shunrize.com\/2020\/impasse-du-bassin-goussainville.jpg?w=700&#038;ssl=1\" alt=\"impasse du bassin au Vieux-Pays de Goussainville\"\/><br \/><br \/>\n<img data-recalc-dims=\"1\" decoding=\"async\" src=\"https:\/\/i0.wp.com\/www.shunrize.com\/2020\/maison-cerf-impasse-du-bassin-goussainville.jpg?w=700&#038;ssl=1\" alt=\"maison dans l'impasse du bassin dans le Vieux-Pays de Goussainville\"\/><br \/><br \/>\n<img data-recalc-dims=\"1\" decoding=\"async\" src=\"https:\/\/i0.wp.com\/www.shunrize.com\/2020\/maison-impasse-du-bassin-goussainville.jpg?w=700&#038;ssl=1\"\/><\/center>\n\n\n\n<h2 id=\"rue-brulee-et-rue-de-la-suef\" class=\"wp-block-heading\">Rue Br\u00fbl\u00e9e et Rue de la Suef<\/h2>\n\n\n\n<p>ZAC vou\u00e9e \u00e0 l\u2019artisanat d\u2019art, cit\u00e9 d\u00e9di\u00e9e aux sourds et muets, chantier d&rsquo;insertion \u00e0 travers l&rsquo;activit\u00e9 BTP, relance de la fili\u00e8re agricole ou encore activit\u00e9s h\u00f4teli\u00e8res. En 47 ans, la mairie de Goussainville a \u00e9voqu\u00e9 bon nombre d\u2019id\u00e9es pour r\u00e9habiliter le quartier mais jusque-l\u00e0 rien n\u2019a \u00e9t\u00e9 fait.<\/p>\n\n\n\n<center><img data-recalc-dims=\"1\" decoding=\"async\" src=\"https:\/\/i0.wp.com\/www.shunrize.com\/2020\/epicerie-rue-brulee-goussainville.jpg?w=700&#038;ssl=1\" alt=\"\u00e9picerie rue br\u00fbl\u00e9e du Vieux-Pays de Goussainville\"\/><br \/><br \/>\n<img data-recalc-dims=\"1\" decoding=\"async\" src=\"https:\/\/i0.wp.com\/www.shunrize.com\/2020\/rue-suef-goussainville.jpg?w=700&#038;ssl=1\" \"=\"\" alt=\"rue de la suef du Vieux-Pays de Goussainville\"\/><br \/><br \/>\n<img data-recalc-dims=\"1\" decoding=\"async\" src=\"https:\/\/i0.wp.com\/www.shunrize.com\/2020\/maison-rue-suef-goussainville.jpg?w=700&#038;ssl=1\" alt=\"maison rue de la suef du Vieux-Pays de Goussainville\"\/><br \/><br \/>\n<img data-recalc-dims=\"1\" decoding=\"async\" src=\"https:\/\/i0.wp.com\/www.shunrize.com\/2020\/facade-maison-rue-brulee-goussainville.jpg?w=700&#038;ssl=1\" alt=\"fa\u00e7ade maison rue br\u00fbl\u00e9e du Vieux-Pays de Goussainville\"\/><br \/><br \/>\n<img data-recalc-dims=\"1\" decoding=\"async\" src=\"https:\/\/i0.wp.com\/www.shunrize.com\/2020\/street-art-rue-brulee-goussainville.jpg?w=700&#038;ssl=1\" alt=\"street art rue br\u00fbl\u00e9e du Vieux-Pays de Goussainville\"\/><br \/><br \/>\n<img data-recalc-dims=\"1\" decoding=\"async\" src=\"https:\/\/i0.wp.com\/www.shunrize.com\/2020\/facade-maison-rue-brulee-goussainville-2.jpg?w=700&#038;ssl=1\"\/><\/center>\n\n\n\n<p>Juste apr\u00e8s l&rsquo;\u00e9cole S\u00e9vigny con\u00e7ue par l&rsquo;architecte parisien Auguste Balayer (1932), on aper\u00e7oit le <strong>colombier de la ferme de Montmorency<\/strong> recouvert de lierre. Partiellement d\u00e9truit et reconstruit au d\u00e9but du XVIII<sup>e<\/sup> si\u00e8cle, cet \u00e9difice qui pouvait accueillir 3 500 oiseaux daterait de 1437. Bien que sa charpente ait \u00e9t\u00e9 restaur\u00e9e au XX<sup>e<\/sup> si\u00e8cle, il est aujourd&rsquo;hui en tr\u00e8s mauvais \u00e9tat.<\/p>\n\n\n\n<center><img data-recalc-dims=\"1\" decoding=\"async\" src=\"https:\/\/i0.wp.com\/www.shunrize.com\/2020\/ferme-de-montmorency-goussainville.jpg?w=700&#038;ssl=1\" alt=\"Colombier de la ferme de Montmorency du Vieux-Pays de Goussainville\"\/><\/center>\n\n\n\n<h2 id=\"la-rue-du-pont\" class=\"wp-block-heading\">La rue du Pont<\/h2>\n\n\n\n<p>Ensuite, redescendons pour atteindre la rue du Pont. On passe devant la <strong>Ferme des Bourdes<\/strong> o\u00f9 j&rsquo;ai pu prendre des clich\u00e9s \u00e0 travers les barreaux de ses fen\u00eatres. On continue jusqu&rsquo;au bout de la rue du Pont avant de rebrousser chemin.<\/p>\n\n\n\n<center><img data-recalc-dims=\"1\" decoding=\"async\" src=\"https:\/\/i0.wp.com\/www.shunrize.com\/2020\/ferme-des-bourdes-goussainville.jpg?w=700&#038;ssl=1\" alt=\"Ferme des Bourdes du Vieux-Pays de Goussainville\"\/><br \/><br \/>\n<img data-recalc-dims=\"1\" decoding=\"async\" src=\"https:\/\/i0.wp.com\/www.shunrize.com\/2020\/interieur-ferme-des-bourdes-goussainville.jpg?w=700&#038;ssl=1\" alt=\"Int\u00e9rieur de la Ferme des Bourdes du Vieux-Pays de Goussainville\"\/><br \/><br \/>\n<img data-recalc-dims=\"1\" decoding=\"async\" src=\"https:\/\/i0.wp.com\/www.shunrize.com\/2020\/charette-ferme-des-bourdes-goussainville.jpg?w=700&#038;ssl=1\"\/><br \/><br \/>\n<img data-recalc-dims=\"1\" decoding=\"async\" src=\"https:\/\/i0.wp.com\/www.shunrize.com\/2020\/hotel-au-paradis-goussainville.jpg?w=700&#038;ssl=1\" alt=\"H\u00f4tel Au Paradis du Vieux-Pays de Goussainville\"\/><\/center>\n\n\n\n<p>Difficile d&rsquo;imaginer que ces habitations d\u00e9cr\u00e9pies, mur\u00e9es et tagu\u00e9es sont de nouveau occup\u00e9es mais c&rsquo;est pourtant le cas. Sans transports en commun, ni commerces de proximit\u00e9, le moins que l&rsquo;on puisse dire c&rsquo;est que les habitants du Vieux-Pays ont \u00e9t\u00e9 abandonn\u00e9s par leur municipalit\u00e9.<\/p>\n\n\n\n<p class=\"has-text-align-right\">\u00a9 Cr\u00e9dits Photos \u2013 S H U N R I Z E.com<\/p>\n","protected":false},"excerpt":{"rendered":"<p>On t&#8217;emm\u00e8ne \u00e0 Goussainville dans le Val-d&rsquo;Oise, \u00e0 une vingtaine de kilom\u00e8tres de Paris. Au programme : une balade insolite au coeur des rues d\u00e9labr\u00e9es du hameau du Vieux-Pays. Pour acc\u00e9der au vieux village de Goussainville depuis la capitale, tu peux emprunter le RER D. C\u2019est ensuite \u00e0 20 minutes de marche de la gare [&hellip;]<\/p>\n","protected":false},"author":1,"featured_media":62536,"comment_status":"open","ping_status":"open","sticky":false,"template":"","format":"standard","meta":{"jetpack_post_was_ever_published":false,"_jetpack_newsletter_access":"","_jetpack_dont_email_post_to_subs":false,"_jetpack_newsletter_tier_id":0,"_jetpack_memberships_contains_paywalled_content":false,"csco_page_load_nextpost":"","csco_post_video_location":[],"csco_post_video_location_hash":"","csco_post_video_url":"","csco_post_video_bg_start_time":0,"csco_post_video_bg_end_time":0,"csco_post_text_color":"","_jetpack_memberships_contains_paid_content":false,"footnotes":"","jetpack_publicize_message":"","jetpack_publicize_feature_enabled":true,"jetpack_social_post_already_shared":false,"jetpack_social_options":{"image_generator_settings":{"template":"highway","default_image_id":0,"font":"","enabled":false},"version":2}},"categories":[7382],"tags":[7312,7200],"class_list":{"0":"post-62510","1":"post","2":"type-post","3":"status-publish","4":"format-standard","5":"has-post-thumbnail","7":"category-randonnees","8":"tag-balade","9":"tag-ile-de-france","10":"cs-entry","11":"cs-video-wrap"},"aioseo_notices":[],"jetpack_publicize_connections":[],"jetpack_featured_media_url":"https:\/\/i0.wp.com\/shunrize.com\/blog\/wp-content\/uploads\/2020\/07\/balade-vieux-pays-goussainville.jpg?fit=1385%2C600&ssl=1","jetpack-related-posts":[{"id":57193,"url":"https:\/\/shunrize.com\/blog\/randonnee-saint-michel-sur-orge\/","url_meta":{"origin":62510,"position":0},"title":"La boucle de St-Michel-sur-Orge","author":"Val\u00e9rie Denise","date":"10\/04\/2019","format":false,"excerpt":"Randonn\u00e9e p\u00e9destre dans la vall\u00e9e de l'Orge. Une boucle au d\u00e9part de la gare RER C de Saint-Michel-sur-Orge o\u00f9 l'on d\u00e9couvre le Ch\u00e2teau de Lormoy, la Basilique de Longpont et la Tour de Montlh\u00e9ry.","rel":"","context":"Dans &quot;RANDOS&quot;","block_context":{"text":"RANDOS","link":"https:\/\/shunrize.com\/blog\/category\/randonnees\/"},"img":{"alt_text":"Randonnee Saint-Michel-sur-Orge Parc de Lormoy","src":"https:\/\/i0.wp.com\/shunrize.com\/blog\/wp-content\/uploads\/2019\/04\/saint-michel-sur-orge-randonnee.jpg?fit=1200%2C520&ssl=1&resize=350%2C200","width":350,"height":200,"srcset":"https:\/\/i0.wp.com\/shunrize.com\/blog\/wp-content\/uploads\/2019\/04\/saint-michel-sur-orge-randonnee.jpg?fit=1200%2C520&ssl=1&resize=350%2C200 1x, https:\/\/i0.wp.com\/shunrize.com\/blog\/wp-content\/uploads\/2019\/04\/saint-michel-sur-orge-randonnee.jpg?fit=1200%2C520&ssl=1&resize=525%2C300 1.5x, https:\/\/i0.wp.com\/shunrize.com\/blog\/wp-content\/uploads\/2019\/04\/saint-michel-sur-orge-randonnee.jpg?fit=1200%2C520&ssl=1&resize=700%2C400 2x, https:\/\/i0.wp.com\/shunrize.com\/blog\/wp-content\/uploads\/2019\/04\/saint-michel-sur-orge-randonnee.jpg?fit=1200%2C520&ssl=1&resize=1050%2C600 3x"},"classes":[]},{"id":42058,"url":"https:\/\/shunrize.com\/blog\/balade-entre-yerres-et-brunoy\/","url_meta":{"origin":62510,"position":1},"title":"Au fil de l&rsquo;Yerres : de Yerres \u00e0 Brunoy","author":"Val\u00e9rie Denise","date":"28\/12\/2014","format":false,"excerpt":"Promenons-nous le long de l'Yerres. Une balade au c\u0153ur de l'Essonne entre Yerres et Brunoy.","rel":"","context":"Dans &quot;RANDOS&quot;","block_context":{"text":"RANDOS","link":"https:\/\/shunrize.com\/blog\/category\/randonnees\/"},"img":{"alt_text":"","src":"https:\/\/i0.wp.com\/shunrize.com\/blog\/wp-content\/uploads\/2014\/12\/balade-entre-yerres-et-brunoy.jpg?fit=1200%2C520&ssl=1&resize=350%2C200","width":350,"height":200,"srcset":"https:\/\/i0.wp.com\/shunrize.com\/blog\/wp-content\/uploads\/2014\/12\/balade-entre-yerres-et-brunoy.jpg?fit=1200%2C520&ssl=1&resize=350%2C200 1x, https:\/\/i0.wp.com\/shunrize.com\/blog\/wp-content\/uploads\/2014\/12\/balade-entre-yerres-et-brunoy.jpg?fit=1200%2C520&ssl=1&resize=525%2C300 1.5x, https:\/\/i0.wp.com\/shunrize.com\/blog\/wp-content\/uploads\/2014\/12\/balade-entre-yerres-et-brunoy.jpg?fit=1200%2C520&ssl=1&resize=700%2C400 2x, https:\/\/i0.wp.com\/shunrize.com\/blog\/wp-content\/uploads\/2014\/12\/balade-entre-yerres-et-brunoy.jpg?fit=1200%2C520&ssl=1&resize=1050%2C600 3x"},"classes":[]},{"id":43210,"url":"https:\/\/shunrize.com\/blog\/randonnee-entre-brunoy-et-perigny\/","url_meta":{"origin":62510,"position":2},"title":"Au fil de l\u2019Yerres : de Brunoy \u00e0 P\u00e9rigny","author":"Val\u00e9rie Denise","date":"24\/03\/2015","format":false,"excerpt":"Suivez-nous pour d\u00e9couvrir les toutes richesses qui jalonnent les bords de l'Yerres","rel":"","context":"Dans &quot;RANDOS&quot;","block_context":{"text":"RANDOS","link":"https:\/\/shunrize.com\/blog\/category\/randonnees\/"},"img":{"alt_text":"Le Moulin Rochopt","src":"https:\/\/i0.wp.com\/shunrize.com\/blog\/wp-content\/uploads\/2015\/03\/randonnee-entre-brunoy-et-perigny.jpg?fit=750%2C400&ssl=1&resize=350%2C200","width":350,"height":200,"srcset":"https:\/\/i0.wp.com\/shunrize.com\/blog\/wp-content\/uploads\/2015\/03\/randonnee-entre-brunoy-et-perigny.jpg?fit=750%2C400&ssl=1&resize=350%2C200 1x, https:\/\/i0.wp.com\/shunrize.com\/blog\/wp-content\/uploads\/2015\/03\/randonnee-entre-brunoy-et-perigny.jpg?fit=750%2C400&ssl=1&resize=525%2C300 1.5x, https:\/\/i0.wp.com\/shunrize.com\/blog\/wp-content\/uploads\/2015\/03\/randonnee-entre-brunoy-et-perigny.jpg?fit=750%2C400&ssl=1&resize=700%2C400 2x"},"classes":[]},{"id":43172,"url":"https:\/\/shunrize.com\/blog\/randonnee-saint-germain-en-laye-maisons-laffitte\/","url_meta":{"origin":62510,"position":3},"title":"La route des trois ch\u00e2teaux","author":"Val\u00e9rie Denise","date":"17\/03\/2015","format":false,"excerpt":"Suivez-nous pour une promenade royale en for\u00eat de Saint-Germain-en-Laye","rel":"","context":"Dans &quot;RANDOS&quot;","block_context":{"text":"RANDOS","link":"https:\/\/shunrize.com\/blog\/category\/randonnees\/"},"img":{"alt_text":"","src":"https:\/\/i0.wp.com\/shunrize.com\/blog\/wp-content\/uploads\/2015\/03\/foret-saint-germain-la-route-des-trois-chateaux.jpg?fit=750%2C400&ssl=1&resize=350%2C200","width":350,"height":200,"srcset":"https:\/\/i0.wp.com\/shunrize.com\/blog\/wp-content\/uploads\/2015\/03\/foret-saint-germain-la-route-des-trois-chateaux.jpg?fit=750%2C400&ssl=1&resize=350%2C200 1x, https:\/\/i0.wp.com\/shunrize.com\/blog\/wp-content\/uploads\/2015\/03\/foret-saint-germain-la-route-des-trois-chateaux.jpg?fit=750%2C400&ssl=1&resize=525%2C300 1.5x, https:\/\/i0.wp.com\/shunrize.com\/blog\/wp-content\/uploads\/2015\/03\/foret-saint-germain-la-route-des-trois-chateaux.jpg?fit=750%2C400&ssl=1&resize=700%2C400 2x"},"classes":[]},{"id":55505,"url":"https:\/\/shunrize.com\/blog\/randonnees-paris-ile-de-france-accessible-navigo\/","url_meta":{"origin":62510,"position":4},"title":"L&rsquo;\u00e9vasion \u00e0 port\u00e9e de Navigo","author":"Val\u00e9rie Denise","date":"20\/04\/2018","format":false,"excerpt":"A quelques kilom\u00e8tres de Paris, 7 id\u00e9es de balade en Ile de France. Partez \u00e0 la d\u00e9couverte de la r\u00e9gion parisienne gr\u00e2ce \u00e0 une s\u00e9lection de sentiers desservis par les transports en commun.","rel":"","context":"Dans &quot;RANDOS&quot;","block_context":{"text":"RANDOS","link":"https:\/\/shunrize.com\/blog\/category\/randonnees\/"},"img":{"alt_text":"","src":"https:\/\/i0.wp.com\/shunrize.com\/blog\/wp-content\/uploads\/2018\/04\/randonnees-accessibles-navigo.jpg?fit=1200%2C520&ssl=1&resize=350%2C200","width":350,"height":200,"srcset":"https:\/\/i0.wp.com\/shunrize.com\/blog\/wp-content\/uploads\/2018\/04\/randonnees-accessibles-navigo.jpg?fit=1200%2C520&ssl=1&resize=350%2C200 1x, https:\/\/i0.wp.com\/shunrize.com\/blog\/wp-content\/uploads\/2018\/04\/randonnees-accessibles-navigo.jpg?fit=1200%2C520&ssl=1&resize=525%2C300 1.5x, https:\/\/i0.wp.com\/shunrize.com\/blog\/wp-content\/uploads\/2018\/04\/randonnees-accessibles-navigo.jpg?fit=1200%2C520&ssl=1&resize=700%2C400 2x, https:\/\/i0.wp.com\/shunrize.com\/blog\/wp-content\/uploads\/2018\/04\/randonnees-accessibles-navigo.jpg?fit=1200%2C520&ssl=1&resize=1050%2C600 3x"},"classes":[]},{"id":42327,"url":"https:\/\/shunrize.com\/blog\/la-promenade-des-vallons-de-la-bievre\/","url_meta":{"origin":62510,"position":5},"title":"La Promenade des Vallons de la Bi\u00e8vre","author":"Val\u00e9rie Denise","date":"27\/01\/2015","format":false,"excerpt":"Aujourd'hui, partons en balade le long de la Coul\u00e9e verte du sud parisien","rel":"","context":"Dans &quot;RANDOS&quot;","block_context":{"text":"RANDOS","link":"https:\/\/shunrize.com\/blog\/category\/randonnees\/"},"img":{"alt_text":"","src":"https:\/\/i0.wp.com\/shunrize.com\/blog\/wp-content\/uploads\/2015\/01\/coulee-verte-du-sud-parisien.png?fit=750%2C400&ssl=1&resize=350%2C200","width":350,"height":200,"srcset":"https:\/\/i0.wp.com\/shunrize.com\/blog\/wp-content\/uploads\/2015\/01\/coulee-verte-du-sud-parisien.png?fit=750%2C400&ssl=1&resize=350%2C200 1x, https:\/\/i0.wp.com\/shunrize.com\/blog\/wp-content\/uploads\/2015\/01\/coulee-verte-du-sud-parisien.png?fit=750%2C400&ssl=1&resize=525%2C300 1.5x, https:\/\/i0.wp.com\/shunrize.com\/blog\/wp-content\/uploads\/2015\/01\/coulee-verte-du-sud-parisien.png?fit=750%2C400&ssl=1&resize=700%2C400 2x"},"classes":[]}],"jetpack_sharing_enabled":true,"_links":{"self":[{"href":"https:\/\/shunrize.com\/blog\/wp-json\/wp\/v2\/posts\/62510","targetHints":{"allow":["GET"]}}],"collection":[{"href":"https:\/\/shunrize.com\/blog\/wp-json\/wp\/v2\/posts"}],"about":[{"href":"https:\/\/shunrize.com\/blog\/wp-json\/wp\/v2\/types\/post"}],"author":[{"embeddable":true,"href":"https:\/\/shunrize.com\/blog\/wp-json\/wp\/v2\/users\/1"}],"replies":[{"embeddable":true,"href":"https:\/\/shunrize.com\/blog\/wp-json\/wp\/v2\/comments?post=62510"}],"version-history":[{"count":0,"href":"https:\/\/shunrize.com\/blog\/wp-json\/wp\/v2\/posts\/62510\/revisions"}],"wp:featuredmedia":[{"embeddable":true,"href":"https:\/\/shunrize.com\/blog\/wp-json\/wp\/v2\/media\/62536"}],"wp:attachment":[{"href":"https:\/\/shunrize.com\/blog\/wp-json\/wp\/v2\/media?parent=62510"}],"wp:term":[{"taxonomy":"category","embeddable":true,"href":"https:\/\/shunrize.com\/blog\/wp-json\/wp\/v2\/categories?post=62510"},{"taxonomy":"post_tag","embeddable":true,"href":"https:\/\/shunrize.com\/blog\/wp-json\/wp\/v2\/tags?post=62510"}],"curies":[{"name":"wp","href":"https:\/\/api.w.org\/{rel}","templated":true}]}}