{"id":61801,"date":"2020-06-11T18:51:54","date_gmt":"2020-06-11T16:51:54","guid":{"rendered":"https:\/\/shunrize.com\/blog\/?p=61801"},"modified":"2024-04-04T14:22:22","modified_gmt":"2024-04-04T12:22:22","slug":"randonnee-boucle-des-3-parcs-de-montreuil","status":"publish","type":"post","link":"https:\/\/shunrize.com\/blog\/randonnee-boucle-des-3-parcs-de-montreuil\/","title":{"rendered":"La boucle des 3 parcs de Montreuil"},"content":{"rendered":"\n<p><strong>Malgr\u00e9 l&rsquo;urbanisation galopante, Montreuil reste une ville riche en attraits naturels<\/strong>. <strong>Terre d\u2019accueil de nombreuses esp\u00e8ces v\u00e9g\u00e9tales et animales, elle offre ainsi aux promeneurs de beaux sites \u00e0 traverser.<\/strong><\/p>\n\n\n\n<p>Suis nous sur le PR 8. Il plonge au c\u0153ur des 3 grands parcs de <a href=\"https:\/\/shunrize.com\/blog\/randonnee-de-pantin-a-montreuil\/\" target=\"_blank\" rel=\"noreferrer noopener\" title=\"Balade urbaine entre Pantin et Montreuil\">Montreuil<\/a>, dont une partie est en r\u00e9serve naturelle. Praticable dans les deux sens, il b\u00e9n\u00e9ficie d\u2019un double balisage\u00a0: la traditionnelle marque jaune et une ligne continue au sol, \u00e9galement jaune, visible en dehors des parcs. Le d\u00e9part se fait \u00e0 la mairie de Montreuil en empruntant \u00e0 gauche la rue Rabelais.<\/p>\n\n\n\n<p class=\"has-very-dark-gray-color has-text-color has-background\" style=\"background-color:#b4d079\"><strong>D\u00e9part et arriv\u00e9e :<\/strong> Mairie de Montreuil, L9<br \/><strong>Dur\u00e9e estim\u00e9e :<\/strong> 3h30<br \/><strong>Distance estim\u00e9e : <\/strong>13,5 km<br \/><strong>Balisage :<\/strong> jaune<\/p>\n\n\n\n<p>En 2018, on d\u00e9nombrait plus d\u2019une centaine de ruches sur la commune, g\u00e9r\u00e9es par une trentaine d\u2019apiculteurs. A 2 pas du premier parc. Au croisement de la rue des Roulettes et Mainguet, l&rsquo;un de ces apiculteurs urbains propose son <strong>miel en vente directe<\/strong>. T\u00e9l. : 06 30 16 09 73.<\/p>\n\n\n\n<h2 id=\"le-parc-jean-moulin-les-guilands\" class=\"wp-block-heading\">LE PARC JEAN MOULIN &#8211; LES GUILANDS<\/h2>\n\n\n\n<p>A l\u2019origine, ce site de 13 hectares \u00e9tait une carri\u00e8re de gypse exploit\u00e9e jusqu\u2019en 1921 par M. Morel. Terrain vague, puis si\u00e8ge de la comp\u00e9tition mondiale de moto-cross et de stock-car en 1946. Ensuite, il est ensuite acquis par la ville. Propri\u00e9t\u00e9 d\u00e9partementale depuis 2000, il a \u00e9t\u00e9 reli\u00e9 au parc Jean Moulin de Bagnolet. Terrains de sport, \u00e9tang, aires de jeux, jardins partag\u00e9s, buvette. D\u00e9sormais, il offre 26 ha d\u2019espaces verts. On peut y observer des ch\u00e8vres, moult oiseaux ou encore l&rsquo;\u0153uvre du sculpteur <strong>Ipoust\u00e9guy<\/strong> \u00ab\u00a0\u00c0 la sant\u00e9 de la R\u00e9volution\u00a0\u00bb.<\/p>\n\n\n\n<center><img data-recalc-dims=\"1\" decoding=\"async\" src=\"https:\/\/i0.wp.com\/www.shunrize.com\/2020\/parc-jean-moulin-les-guilands-montreuil.jpg?w=700&#038;ssl=1\" alt=\"parc Jean-moulin-les-guilands \u00e0 Montreuil\"\/><br \/><br \/>\n<img data-recalc-dims=\"1\" decoding=\"async\" src=\"https:\/\/i0.wp.com\/www.shunrize.com\/2020\/chevres-parc-jean-moulin-les-guilands-montreuil.jpg?w=700&#038;ssl=1\" alt=\"ch\u00e8vres du parc Jean-moulin-les-guilands \u00e0 Montreuil\"\/><br \/><br \/>\n<img data-recalc-dims=\"1\" decoding=\"async\" src=\"https:\/\/i0.wp.com\/www.shunrize.com\/2020\/cascade-parc-jean-moulin-les-guilands-montreuil.jpg?w=700&#038;ssl=1\" alt=\"cascade du parc Jean-moulin-les-guilands \u00e0 Montreuil\"\/><br \/><br \/>\n<img data-recalc-dims=\"1\" decoding=\"async\" src=\"https:\/\/i0.wp.com\/www.shunrize.com\/2020\/panorama-parc-jean-moulin-les-guilands-montreuil.jpg?w=700&#038;ssl=1\" alt=\"panorama du parc Jean-moulin-les-guilands \u00e0 Montreuil\"\/><br \/><br \/>\n<img data-recalc-dims=\"1\" decoding=\"async\" src=\"https:\/\/i0.wp.com\/www.shunrize.com\/2020\/Ipousteguy-parc-jean-moulin.jpg?w=700&#038;ssl=1\" alt=\"sculpture d'Ipous\u00e9guy dans le parc Jean Moulin-Les Guilands\"\/><br \/><br \/>\n<img data-recalc-dims=\"1\" decoding=\"async\" src=\"https:\/\/i0.wp.com\/www.shunrize.com\/2020\/jardins-partages-parc-jean-moulin-les-guilands-montreuil.jpg?w=700&#038;ssl=1\" alt=\"jardins partag\u00e9s du parc Jean-moulin-les-guilands \u00e0 Montreuil\"\/><br \/><br \/>\n<img data-recalc-dims=\"1\" decoding=\"async\" src=\"https:\/\/i0.wp.com\/www.shunrize.com\/2020\/groseilles-parc-jean-moulin-les-guilands-montreuil.jpg?w=700&#038;ssl=1\"\/><br \/><br \/>\n<img data-recalc-dims=\"1\" decoding=\"async\" src=\"https:\/\/i0.wp.com\/www.shunrize.com\/2020\/etang-parc-jean-moulin-les-guilands-montreuil.jpg?w=700&#038;ssl=1\" alt=\"\u00e9tang du parc Jean-moulin-les-guilands \u00e0 Montreuil\"\/><br \/><br \/>\n<img data-recalc-dims=\"1\" decoding=\"async\" src=\"https:\/\/i0.wp.com\/www.shunrize.com\/2020\/sous-bois-parc-jean-moulin-les-guilands-montreuil.jpg?w=700&#038;ssl=1\"\/><\/center>\n\n\n\n<p>On descend par les all\u00e9es jusqu&rsquo;\u00e0 la rue des Messiers \u00e0 gauche. Une fois en dehors du parc, on poursuit \u00e0 droite par le sentier des Buttes. Non loin de l\u00e0, l&rsquo;\u00e9cole Jules Ferry poss\u00e8de un gigantesque h\u00f4tel \u00e0 insectes entour\u00e9 de fleurs des champs. Bucolique \u00e0 souhait ! <\/p>\n\n\n\n<center><img data-recalc-dims=\"1\" decoding=\"async\" src=\"https:\/\/i0.wp.com\/www.shunrize.com\/2020\/hotel-a-insectes-rue-des-messiers-montreuil.jpg?w=700&#038;ssl=1\"\/><br \/><br \/>\n<img data-recalc-dims=\"1\" decoding=\"async\" src=\"https:\/\/i0.wp.com\/www.shunrize.com\/2020\/champs-de-fleurs-ecole-jules-ferry-montreuil.jpg?w=700&#038;ssl=1\"\/><br \/><br \/>\n<img data-recalc-dims=\"1\" decoding=\"async\" src=\"https:\/\/i0.wp.com\/www.shunrize.com\/2020\/streat-art-rue-des-messiers.jpg?w=700&#038;ssl=1\"\/><\/center>\n\n\n\n<h2 id=\"le-parc-des-beaumonts\" class=\"wp-block-heading\">LE PARC DES BEAUMONTS<\/h2>\n\n\n\n<p>Apr\u00e8s un passage en ville, nous voici \u00e0 nouveau dans la verdure. Culminant \u00e0 110 m\u00e8tres d\u2019altitude, ce parc de 24 hectares est situ\u00e9 sur le bord sud du plateau de Romainville. Ancienne carri\u00e8re de gypse dont on tirait le pl\u00e2tre qui servit \u00e0 la construction des fameux murs \u00e0 p\u00eaches, le parc des Beaumonts abrite une extraordinaire diversit\u00e9 floristique et faunistique. Ainsi, il y a ici pr\u00e8s de 220 esp\u00e8ces de plantes et 120 esp\u00e8ces d&rsquo;oiseaux.<\/p>\n\n\n\n<center><img data-recalc-dims=\"1\" decoding=\"async\" src=\"https:\/\/i0.wp.com\/www.shunrize.com\/2020\/parc-des-baumonts.jpg?w=700&#038;ssl=1\" alt=\"parc des Beaumonts \u00e0 Montreuil\"\/><br \/><br \/>\n<img data-recalc-dims=\"1\" decoding=\"async\" src=\"https:\/\/i0.wp.com\/www.shunrize.com\/2020\/mare-du-parc-des-beaumonts-montreuil.jpg?w=700&#038;ssl=1\" alt=\"\u00e9tang du parc des Beaumonts \u00e0 Montreuil\"\/><br \/><br \/>\n<img data-recalc-dims=\"1\" decoding=\"async\" src=\"https:\/\/i0.wp.com\/www.shunrize.com\/2020\/espace-naturel-parc-des-beaumonts-montreuil.jpg?w=700&#038;ssl=1\"\/><br \/><br \/>\n<img data-recalc-dims=\"1\" decoding=\"async\" src=\"https:\/\/i0.wp.com\/www.shunrize.com\/2020\/sentier-parc-des-beaumonts-montreuil.jpg?w=700&#038;ssl=1\"\/><\/center>\n\n\n\n<p>On quitte ce parc par le carrefour des Quatre Ruelles en prenant \u00e0 gauche la rue Paul Doumer. On arrive bient\u00f4t \u00e0 l&rsquo;avenue Anatole France o\u00f9 l&rsquo;on trouve <strong>la mare Bris<\/strong> qui servait autrefois \u00e0 refroidir une forge de plomb, et le <strong>R\u00e9servoir Tillemont<\/strong>, un ch\u00e2teau d\u2019eau d\u00e9saffect\u00e9. Apr\u00e8s la d\u00e9chetterie et la station Total (j\u2019envoie du r\u00eave, n&rsquo;est-ce pas), on p\u00e9n\u00e8tre dans le parc Montreau.<\/p>\n\n\n\n<center><img data-recalc-dims=\"1\" decoding=\"async\" src=\"https:\/\/i0.wp.com\/www.shunrize.com\/2020\/Reservoir-Tillemont-Montreuil.jpg?w=700&#038;ssl=1\" alt=\"R\u00e9servoir Tillemeont \u00e0 Montreuil\"\/><br \/><br \/>\n<img data-recalc-dims=\"1\" decoding=\"async\" src=\"https:\/\/i0.wp.com\/www.shunrize.com\/2020\/mare-bris-montreuil.jpg?w=700&#038;ssl=1\" alt=\"mare Bris \u00e0 Montreuil\"\/><br \/><br \/>\n<img data-recalc-dims=\"1\" decoding=\"async\" src=\"https:\/\/i0.wp.com\/www.shunrize.com\/2020\/Fresque-de-Frantz-Fanon-par-JBC.jpg?w=700&#038;ssl=1\" alt=\"Fresque de Frantz Fanon par JBC \u00e0 Montreuil\"\/><\/center>\n\n\n\n<h2 id=\"le-parc-montreau\" class=\"wp-block-heading\">LE PARC MONTREAU<\/h2>\n\n\n\n<p>S&rsquo;il s&rsquo;agit du plus petit des trois parcs de Montreuil, c&rsquo;est aussi l\u2019un des plus anciens espaces paysagers de la r\u00e9gion parisienne. Ouvert au public en 1934, ce parc de 15 hectares est dot\u00e9 de trois bassins, d\u2019une roseraie, d\u2019un labyrinthe v\u00e9g\u00e9tal, d\u2019un sequoia haut de 45 m\u00e8tres, de vaches, moutons et d\u2019un <a href=\"http:\/\/www.museehistoirevivante.fr\" target=\"_blank\" rel=\"noreferrer noopener nofollow\" title=\"http:\/\/www.museehistoirevivante.fr\">mus\u00e9e<\/a>. \u00c0 l\u2019emplacement de ce dernier s\u2019\u00e9levait la seigneurie de Montreau datant du XIII<sup>e<\/sup> si\u00e8cle. Ras\u00e9e en 1870, elle se composait d\u2019un ch\u00e2teau et de ses annexes, d\u2019une chapelle et d\u2019un parc bois\u00e9. Il ne reste plus du ch\u00e2teau primitif que les deux pavillons d\u2019entr\u00e9e datant du XV<sup>e<\/sup> si\u00e8cle.<\/p>\n\n\n\n<center><img data-recalc-dims=\"1\" decoding=\"async\" src=\"https:\/\/i0.wp.com\/www.shunrize.com\/2020\/etang-des-mouettes-parc-montreau-montreuil.jpg?w=700&#038;ssl=1\" alt=\"\u00e9tang des mouettes \u00e0 Montreuil\"\/><br \/><br \/>\n<img data-recalc-dims=\"1\" decoding=\"async\" src=\"https:\/\/i0.wp.com\/www.shunrize.com\/2020\/parc-montreau-montreuil.jpg?w=700&#038;ssl=1\" alt=\"parc Montreau \u00e0 Montreuil\"\/><br \/><br \/>\n<img data-recalc-dims=\"1\" decoding=\"async\" src=\"https:\/\/i0.wp.com\/www.shunrize.com\/2020\/etang-du-far-west-parc-montreau-montreuil.jpg?w=700&#038;ssl=1\" alt=\"L'\u00c9tang du Far-West au parc Montreau \u00e0 Montreuil\"\/><br \/><br \/>\n<img data-recalc-dims=\"1\" decoding=\"async\" src=\"https:\/\/i0.wp.com\/www.shunrize.com\/2020\/vaches-parc-montreau-montreuil.jpg?w=700&#038;ssl=1\" alt=\"vaches du parc Montreau \u00e0 Montreuil\"\/><br \/><br \/>\n<img data-recalc-dims=\"1\" decoding=\"async\" src=\"https:\/\/i0.wp.com\/www.shunrize.com\/2020\/mare-babeuf-parc-montreau.jpg?w=700&#038;ssl=1\" alt=\"mare babeuf du parc Montreau \u00e0 Montreuil\"\/><br \/><br \/>\n<img data-recalc-dims=\"1\" decoding=\"async\" src=\"https:\/\/i0.wp.com\/www.shunrize.com\/2020\/roseraie-parc-montreau.jpg?w=700&#038;ssl=1\" alt=\"roseraie du parc Montreau \u00e0 Montreuil\"\/><br \/><br \/>\n<img data-recalc-dims=\"1\" decoding=\"async\" src=\"https:\/\/i0.wp.com\/www.shunrize.com\/2020\/jardin-parc-montreau-montreuil.jpg?w=700&#038;ssl=1\"\/><br \/><br \/>\n<img data-recalc-dims=\"1\" decoding=\"async\" src=\"https:\/\/i0.wp.com\/www.shunrize.com\/2020\/roses-parc-montreau.jpg?w=700&#038;ssl=1\" alt=\"roses du parc Montreau \u00e0 Montreuil\"\/><br \/><br \/>\n<img data-recalc-dims=\"1\" decoding=\"async\" src=\"https:\/\/i0.wp.com\/www.shunrize.com\/2020\/lavande-parc-montreau-montreuil.jpg?w=700&#038;ssl=1\"\/>\n<\/center>\n\n\n\n<h2 id=\"les-murs-a-peches\" class=\"wp-block-heading\">LES MURS \u00c0 P\u00caCHES<\/h2>\n\n\n\n<p>En sortant par le boulevard Th\u00e9ophile Sueur, on prend juste en face la rue Pierre-Jean de B\u00e9ranger. On atteint bient\u00f4t le haut plateau de Montreuil et ses <strong>Murs \u00e0 p\u00eaches<\/strong>. A l&rsquo;instar des murs des rues de la Nouvelle France, Rosny et Pierre de Montreuil, ceux bordant la rue Saint Antoine \u00e9taient autrefois utilis\u00e9s comme support des p\u00eachers. Au XVII<sup>e<\/sup> si\u00e8cle, Ils couvraient jusqu\u2019\u00e0 300 hectares dans la ville et repr\u00e9sentaient alors l\u2019une de ses principales sources de richesse. Aujourd\u2019hui, il n&rsquo;y a plus que 35 hectares et les murs qui tombent en ruine. Si tu veux visiter ces jardins, <a href=\"https:\/\/www.facebook.com\/FederationDesMursAPeches\/\" target=\"_blank\" rel=\"noreferrer noopener nofollow\" title=\"https:\/\/www.facebook.com\/FederationDesMursAPeches\/\">l&rsquo;association des murs \u00e0 p\u00eaches<\/a> ouvre ses parcelles au public.<\/p>\n\n\n\n<center><img data-recalc-dims=\"1\" decoding=\"async\" src=\"https:\/\/i0.wp.com\/www.shunrize.com\/2020\/rue-saint-antoine-montreuil.jpg?w=700&#038;ssl=1\" alt=\"street art rue Saint Antoine \u00e0 Montreuil\"\/><br \/><br \/>\n<img data-recalc-dims=\"1\" decoding=\"async\" src=\"https:\/\/i0.wp.com\/www.shunrize.com\/2020\/murs-a-peches-montreuil.jpg?w=700&#038;ssl=1\" alt=\"murs \u00e0 p\u00eaches \u00e0 Montreuil\"\/><\/center>\n\n\n\n<h2 id=\"une-biere-montreuilloise\" class=\"wp-block-heading\">UNE BI\u00c8RE MONTREUILLOISE ?<\/h2>\n\n\n\n<p>Je te propose de te rafra\u00eechir \u00e0 <a href=\"https:\/\/www.facebook.com\/croixdechavaux\/\" target=\"_blank\" rel=\"noreferrer noopener nofollow\" title=\"https:\/\/www.facebook.com\/croixdechavaux\/\">La Brasserie Croix de Chavaux<\/a> (8, rue D\u00e9sir\u00e9 Charton). Install\u00e9 dans une ancienne menuiserie, ce lieu cr\u00e9\u00e9 notamment par le r\u00e9alisateur Fred Poulain et l\u2019apiculteur \u00c9tienne Raguenel t&rsquo;invite \u00e0 d\u00e9guster ses bi\u00e8res artisanales et locales. Au menu : <strong>la Street Bee<\/strong> r\u00e9alis\u00e9e \u00e0 partir de miel de Montreuil ou encore <strong>la Toubab<\/strong>, une bi\u00e8re blanche d&rsquo;\u00e9peautre ferment\u00e9e avec une levure de New England et houblonn\u00e9e \u00e0 cru avec de l&rsquo;Amarillo.<\/p>\n\n\n\n<center><img data-recalc-dims=\"1\" decoding=\"async\" src=\"https:\/\/i0.wp.com\/www.shunrize.com\/2020\/brasserie-croix-de-chavaux-montreuil.jpg?w=700&#038;ssl=1\" alt=\"Brasserie Croix de Chavaux \u00e0 Montreuil\"\/><br \/><br \/>\n<img data-recalc-dims=\"1\" decoding=\"async\" src=\"https:\/\/i0.wp.com\/www.shunrize.com\/2020\/bieres-brasserie-croix-de-chavaux-montreuil.jpg?w=700&#038;ssl=1\" alt=\"bi\u00e8res de la Brasserie Croix de Chavaux \u00e0 Montreuil\"\/><\/center>\n\n\n\n<h2 id=\"galerie-dart-a-ciel-ouvert\" class=\"wp-block-heading\">GALERIE D&rsquo;ART \u00c0 CIEL OUVERT<\/h2>\n\n\n\n<p>Pochoirs, graffitis, stickers, mosa\u00efque et autres installations. Montreuil est l&rsquo;un des territoires les plus actifs en mati\u00e8re de street art. On peut effectivement admirer un petit \u00e9chantillon de cet art urbain avant de reprendre le m\u00e9tro. <\/p>\n\n\n\n<center><img data-recalc-dims=\"1\" decoding=\"async\" src=\"https:\/\/i0.wp.com\/www.shunrize.com\/2020\/Gumbia-brasserie-croix-de-chavaux-montreuil.jpg?w=700&#038;ssl=1\"\/><br \/><br \/>\n<img data-recalc-dims=\"1\" decoding=\"async\" src=\"https:\/\/i0.wp.com\/www.shunrize.com\/2020\/facade-brasserie-croix-de-chavaux-montreuil.jpg?w=700&#038;ssl=1\" alt=\"fa\u00e7ade de la Brasserie Croix de Chavaux \u00e0 Montreuil\"\/><br \/><br \/>\n<img data-recalc-dims=\"1\" decoding=\"async\" src=\"https:\/\/i0.wp.com\/www.shunrize.com\/2020\/le-chat-street-art-montreuil.jpg?w=700&#038;ssl=1\"\/><br \/><br \/>\n<img data-recalc-dims=\"1\" decoding=\"async\" src=\"https:\/\/i0.wp.com\/www.shunrize.com\/2020\/montreuil-street-art.jpg?w=700&#038;ssl=1\"\/><br \/><br \/>\n<img data-recalc-dims=\"1\" decoding=\"async\" src=\"https:\/\/i0.wp.com\/www.shunrize.com\/2020\/arbre-street-art-montreuil.jpg?w=700&#038;ssl=1\"\/><\/center>\n\n\n\n<p>Enfin, dans un tout autre genre, on peut voir \u00e9galement rue de la Romainville <strong>l&rsquo;\u00c9glise St Pierre St Paul<\/strong>, l\u2019une des plus anciennes \u00e9glises d\u2019Ile de France, son origine remontant au moins au VIII<sup>e<\/sup> si\u00e8cle. Class\u00e9e Monument historique en 1913, cette \u00e9glise de style gothique accueillit les rois de France en r\u00e9sidence \u00e0 Vincennes.<\/p>\n\n\n\n<center><img data-recalc-dims=\"1\" decoding=\"async\" src=\"https:\/\/i0.wp.com\/www.shunrize.com\/2020\/eglise-St-Pierre-St-Paul-Montreuil.jpg?w=700&#038;ssl=1\" alt=\"L'\u00e9glise Saint Pierre - Saint Paul \u00e0 Montreuil\"\/><\/center>\n\n\n\n<p>Je ne sais pas si c&rsquo;est toujours le cas, mais ce samedi l\u00e0, il n&rsquo;y avait pas grand monde dans les 3 parcs. J&rsquo;esp\u00e8re qu&rsquo;une fois encore cette balade t&rsquo;aura donn\u00e9 envie d&rsquo;explorer davantage l&rsquo;ile de France qui rec\u00e8le de jolis coins de nature. <\/p>\n\n\n\n<p class=\"has-text-align-right\">\u00a9 Cr\u00e9dits Photos \u2013 S H U N R I Z E.com<\/p>\n\n\n\n<center><img data-recalc-dims=\"1\" decoding=\"async\" src=\"https:\/\/i0.wp.com\/shunrize.com\/blog\/wp-content\/uploads\/2017\/09\/GPS.jpg?w=700&#038;ssl=1\"\/><\/center>\n\n\n\n<iframe loading=\"lazy\" src=\"https:\/\/www.google.com\/maps\/d\/embed?mid=16iXXo2SBqUVgckzSFkJA0eOWjwsoYdN0\" width=\"280\" height=\"480\"><\/iframe>\n","protected":false},"excerpt":{"rendered":"<p>Malgr\u00e9 l&rsquo;urbanisation galopante, Montreuil reste une ville riche en attraits naturels. Terre d\u2019accueil de nombreuses esp\u00e8ces v\u00e9g\u00e9tales et animales, elle offre ainsi aux promeneurs de beaux sites \u00e0 traverser. Suis nous sur le PR 8. Il plonge au c\u0153ur des 3 grands parcs de Montreuil, dont une partie est en r\u00e9serve naturelle. Praticable dans les [&hellip;]<\/p>\n","protected":false},"author":1,"featured_media":61825,"comment_status":"open","ping_status":"open","sticky":false,"template":"","format":"standard","meta":{"jetpack_post_was_ever_published":false,"_jetpack_newsletter_access":"","_jetpack_dont_email_post_to_subs":false,"_jetpack_newsletter_tier_id":0,"_jetpack_memberships_contains_paywalled_content":false,"csco_page_load_nextpost":"","csco_post_video_location":[],"csco_post_video_location_hash":"","csco_post_video_url":"","csco_post_video_bg_start_time":0,"csco_post_video_bg_end_time":0,"csco_post_text_color":"","_jetpack_memberships_contains_paid_content":false,"footnotes":"","jetpack_publicize_message":"","jetpack_publicize_feature_enabled":true,"jetpack_social_post_already_shared":false,"jetpack_social_options":{"image_generator_settings":{"template":"highway","default_image_id":0,"font":"","enabled":false},"version":2}},"categories":[7382],"tags":[7312,7396],"class_list":{"0":"post-61801","1":"post","2":"type-post","3":"status-publish","4":"format-standard","5":"has-post-thumbnail","7":"category-randonnees","8":"tag-balade","9":"tag-grand-paris","10":"cs-entry","11":"cs-video-wrap"},"aioseo_notices":[],"jetpack_publicize_connections":[],"jetpack_featured_media_url":"https:\/\/i0.wp.com\/shunrize.com\/blog\/wp-content\/uploads\/2020\/06\/randonnee-la-boucle-des-3-parcs.jpg?fit=1385%2C600&ssl=1","jetpack-related-posts":[{"id":62032,"url":"https:\/\/shunrize.com\/blog\/randonnee-de-pantin-a-montreuil\/","url_meta":{"origin":61801,"position":0},"title":"Balade urbaine entre Pantin et Montreuil","author":"Val\u00e9rie Denise","date":"24\/06\/2020","format":false,"excerpt":"Cap sur la Seine-Saint-Denis. Cette fois-ci, je t\u2019embarque pour une balade \u00e0 travers Pantin, Le Pr\u00e9-Saint-Gervais, Les Lilas et Bagnolet. Quatre villes qui refl\u00e8tent les multiples visages du nord-est parisien. A la sortie du tramway, on prend la rue du D\u00e9barcad\u00e8re pour rejoindre la gare RER o\u00f9 d\u00e9bute le balisage\u2026","rel":"","context":"Dans &quot;RANDOS&quot;","block_context":{"text":"RANDOS","link":"https:\/\/shunrize.com\/blog\/category\/randonnees\/"},"img":{"alt_text":"","src":"https:\/\/i0.wp.com\/shunrize.com\/blog\/wp-content\/uploads\/2020\/06\/balade-urbaine-entre-pantin-et-montreuil.jpg?fit=1200%2C520&ssl=1&resize=350%2C200","width":350,"height":200,"srcset":"https:\/\/i0.wp.com\/shunrize.com\/blog\/wp-content\/uploads\/2020\/06\/balade-urbaine-entre-pantin-et-montreuil.jpg?fit=1200%2C520&ssl=1&resize=350%2C200 1x, https:\/\/i0.wp.com\/shunrize.com\/blog\/wp-content\/uploads\/2020\/06\/balade-urbaine-entre-pantin-et-montreuil.jpg?fit=1200%2C520&ssl=1&resize=525%2C300 1.5x, https:\/\/i0.wp.com\/shunrize.com\/blog\/wp-content\/uploads\/2020\/06\/balade-urbaine-entre-pantin-et-montreuil.jpg?fit=1200%2C520&ssl=1&resize=700%2C400 2x, https:\/\/i0.wp.com\/shunrize.com\/blog\/wp-content\/uploads\/2020\/06\/balade-urbaine-entre-pantin-et-montreuil.jpg?fit=1200%2C520&ssl=1&resize=1050%2C600 3x"},"classes":[]},{"id":43607,"url":"https:\/\/shunrize.com\/blog\/my-food-montreuil\/","url_meta":{"origin":61801,"position":1},"title":"My Food, l&rsquo;Afrique du Sud s&rsquo;invite \u00e0 Montreuil","author":"Val\u00e9rie Denise","date":"10\/06\/2015","format":false,"excerpt":"Avis sur le restaurant sud-africain My Food de Montreuil.","rel":"","context":"Dans &quot;LIFESTYLE&quot;","block_context":{"text":"LIFESTYLE","link":"https:\/\/shunrize.com\/blog\/category\/lifestyle\/"},"img":{"alt_text":"","src":"https:\/\/i0.wp.com\/shunrize.com\/blog\/wp-content\/uploads\/2015\/06\/My-Food-Montreuil.png?fit=750%2C400&ssl=1&resize=350%2C200","width":350,"height":200,"srcset":"https:\/\/i0.wp.com\/shunrize.com\/blog\/wp-content\/uploads\/2015\/06\/My-Food-Montreuil.png?fit=750%2C400&ssl=1&resize=350%2C200 1x, https:\/\/i0.wp.com\/shunrize.com\/blog\/wp-content\/uploads\/2015\/06\/My-Food-Montreuil.png?fit=750%2C400&ssl=1&resize=525%2C300 1.5x, https:\/\/i0.wp.com\/shunrize.com\/blog\/wp-content\/uploads\/2015\/06\/My-Food-Montreuil.png?fit=750%2C400&ssl=1&resize=700%2C400 2x"},"classes":[]},{"id":21591,"url":"https:\/\/shunrize.com\/blog\/bnp-paribas-declare-la-guerre-des-post-it\/","url_meta":{"origin":61801,"position":2},"title":"BNP Paribas d\u00e9clare la guerre des post-it !","author":"Alexis Denise","date":"14\/07\/2011","format":false,"excerpt":"Je bosse chez BNP Paribas \u00e0 Montreuil (b\u00e2timent Valmy 1), et tous les midis je vais manger \u00e0 la cantine (b\u00e2timent Valmy 2) qui se trouve en fasse de Renault et Ubisoft, rue Armand Carrel. Depuis quelques semaines, j'aper\u00e7ois aux fen\u00eatres d'Ubisoft de dr\u00f4les de bonhommes en mosa\u00efques color\u00e9es. Je\u2026","rel":"","context":"Dans &quot;CULTURE&quot;","block_context":{"text":"CULTURE","link":"https:\/\/shunrize.com\/blog\/category\/culture\/"},"img":{"alt_text":"","src":"https:\/\/i0.wp.com\/shunrize.com\/blog\/wp-content\/uploads\/2011\/07\/preview.jpg?fit=600%2C405&ssl=1&resize=350%2C200","width":350,"height":200,"srcset":"https:\/\/i0.wp.com\/shunrize.com\/blog\/wp-content\/uploads\/2011\/07\/preview.jpg?fit=600%2C405&ssl=1&resize=350%2C200 1x, https:\/\/i0.wp.com\/shunrize.com\/blog\/wp-content\/uploads\/2011\/07\/preview.jpg?fit=600%2C405&ssl=1&resize=525%2C300 1.5x"},"classes":[]},{"id":66878,"url":"https:\/\/shunrize.com\/blog\/randonnee-boucle-vallon-des-gallicourts-et-la-seine\/","url_meta":{"origin":61801,"position":3},"title":"La boucle du Vallon des Gallicourts et la Seine","author":"Val\u00e9rie Denise","date":"29\/03\/2024","format":false,"excerpt":"Lundi 25 mars. Nous voil\u00e0 enfin de retour sur les sentiers d\u2019Ile de France. Cette fois-ci, direction Rueil-Malmaison dans les Hauts-de-Seine pour une randonn\u00e9e de 13 kilom\u00e8tres. Avec un territoire couvert \u00e0 45 % d'espaces verts, le 92 a de quoi satisfaire nos envies de nature. Dans ce d\u00e9partement, on\u2026","rel":"","context":"Dans &quot;RANDOS&quot;","block_context":{"text":"RANDOS","link":"https:\/\/shunrize.com\/blog\/category\/randonnees\/"},"img":{"alt_text":"","src":"https:\/\/i0.wp.com\/shunrize.com\/blog\/wp-content\/uploads\/2024\/03\/Etang-Saint-Cucufa-scaled.jpg?fit=1200%2C569&ssl=1&resize=350%2C200","width":350,"height":200,"srcset":"https:\/\/i0.wp.com\/shunrize.com\/blog\/wp-content\/uploads\/2024\/03\/Etang-Saint-Cucufa-scaled.jpg?fit=1200%2C569&ssl=1&resize=350%2C200 1x, https:\/\/i0.wp.com\/shunrize.com\/blog\/wp-content\/uploads\/2024\/03\/Etang-Saint-Cucufa-scaled.jpg?fit=1200%2C569&ssl=1&resize=525%2C300 1.5x, https:\/\/i0.wp.com\/shunrize.com\/blog\/wp-content\/uploads\/2024\/03\/Etang-Saint-Cucufa-scaled.jpg?fit=1200%2C569&ssl=1&resize=700%2C400 2x, https:\/\/i0.wp.com\/shunrize.com\/blog\/wp-content\/uploads\/2024\/03\/Etang-Saint-Cucufa-scaled.jpg?fit=1200%2C569&ssl=1&resize=1050%2C600 3x"},"classes":[]},{"id":50739,"url":"https:\/\/shunrize.com\/blog\/randonnee-etangs-de-rambouillet-le-perray\/","url_meta":{"origin":61801,"position":4},"title":"Quatre \u00e9tangs de la For\u00eat de Rambouillet","author":"Val\u00e9rie Denise","date":"29\/05\/2017","format":false,"excerpt":"Dimanche 21 mai. On s\u2019offre \u00e0 nouveau un bol d\u2019air frais \u00e0 deux pas de Paris. Au c\u0153ur de la For\u00eat de Rambouillet, cette randonn\u00e9e empruntera les sentiers du GR1 et du PR78. De Paris, le TER \u00e0 la gare Montparnasse en direction de Chartres met 35 minutes et le\u2026","rel":"","context":"Dans &quot;RANDOS&quot;","block_context":{"text":"RANDOS","link":"https:\/\/shunrize.com\/blog\/category\/randonnees\/"},"img":{"alt_text":"Vue sur l'\u00e9tang de la Tour \u00e0 Rambouillet","src":"https:\/\/i0.wp.com\/shunrize.com\/blog\/wp-content\/uploads\/2017\/05\/etang-de-la-tour-rambouillet.jpg?fit=1200%2C520&ssl=1&resize=350%2C200","width":350,"height":200,"srcset":"https:\/\/i0.wp.com\/shunrize.com\/blog\/wp-content\/uploads\/2017\/05\/etang-de-la-tour-rambouillet.jpg?fit=1200%2C520&ssl=1&resize=350%2C200 1x, https:\/\/i0.wp.com\/shunrize.com\/blog\/wp-content\/uploads\/2017\/05\/etang-de-la-tour-rambouillet.jpg?fit=1200%2C520&ssl=1&resize=525%2C300 1.5x, https:\/\/i0.wp.com\/shunrize.com\/blog\/wp-content\/uploads\/2017\/05\/etang-de-la-tour-rambouillet.jpg?fit=1200%2C520&ssl=1&resize=700%2C400 2x, https:\/\/i0.wp.com\/shunrize.com\/blog\/wp-content\/uploads\/2017\/05\/etang-de-la-tour-rambouillet.jpg?fit=1200%2C520&ssl=1&resize=1050%2C600 3x"},"classes":[]},{"id":21863,"url":"https:\/\/shunrize.com\/blog\/letrange-festival-2011-le-programme\/","url_meta":{"origin":61801,"position":5},"title":"L&rsquo;Etrange Festival 2011 &#8211; Le programme","author":"Val\u00e9rie Denise","date":"05\/08\/2011","format":false,"excerpt":"Le mois dernier, j'\u00e9voquais le programme de la 17e \u00e9dition de L'\u00c9trange Festival qui se d\u00e9roulera du vendredi 2 au dimanche 11 septembre 2011 au Forum des Images de Paris, le voici plus d\u00e9tail. Beaucoup d'avant-premi\u00e8res et d'in\u00e9dits et surtout la venue exceptionnelle de Rutger Hauer pour une nuit sp\u00e9ciale\u2026","rel":"","context":"Dans &quot;CULTURE&quot;","block_context":{"text":"CULTURE","link":"https:\/\/shunrize.com\/blog\/category\/culture\/"},"img":{"alt_text":"","src":"https:\/\/i0.wp.com\/shunrize.com\/blog\/wp-content\/uploads\/2011\/07\/etrange-festival-2011-preview.jpg?fit=628%2C356&ssl=1&resize=350%2C200","width":350,"height":200,"srcset":"https:\/\/i0.wp.com\/shunrize.com\/blog\/wp-content\/uploads\/2011\/07\/etrange-festival-2011-preview.jpg?fit=628%2C356&ssl=1&resize=350%2C200 1x, https:\/\/i0.wp.com\/shunrize.com\/blog\/wp-content\/uploads\/2011\/07\/etrange-festival-2011-preview.jpg?fit=628%2C356&ssl=1&resize=525%2C300 1.5x"},"classes":[]}],"jetpack_sharing_enabled":true,"_links":{"self":[{"href":"https:\/\/shunrize.com\/blog\/wp-json\/wp\/v2\/posts\/61801","targetHints":{"allow":["GET"]}}],"collection":[{"href":"https:\/\/shunrize.com\/blog\/wp-json\/wp\/v2\/posts"}],"about":[{"href":"https:\/\/shunrize.com\/blog\/wp-json\/wp\/v2\/types\/post"}],"author":[{"embeddable":true,"href":"https:\/\/shunrize.com\/blog\/wp-json\/wp\/v2\/users\/1"}],"replies":[{"embeddable":true,"href":"https:\/\/shunrize.com\/blog\/wp-json\/wp\/v2\/comments?post=61801"}],"version-history":[{"count":0,"href":"https:\/\/shunrize.com\/blog\/wp-json\/wp\/v2\/posts\/61801\/revisions"}],"wp:featuredmedia":[{"embeddable":true,"href":"https:\/\/shunrize.com\/blog\/wp-json\/wp\/v2\/media\/61825"}],"wp:attachment":[{"href":"https:\/\/shunrize.com\/blog\/wp-json\/wp\/v2\/media?parent=61801"}],"wp:term":[{"taxonomy":"category","embeddable":true,"href":"https:\/\/shunrize.com\/blog\/wp-json\/wp\/v2\/categories?post=61801"},{"taxonomy":"post_tag","embeddable":true,"href":"https:\/\/shunrize.com\/blog\/wp-json\/wp\/v2\/tags?post=61801"}],"curies":[{"name":"wp","href":"https:\/\/api.w.org\/{rel}","templated":true}]}}