{"id":57072,"date":"2019-03-26T15:24:22","date_gmt":"2019-03-26T14:24:22","guid":{"rendered":"https:\/\/shunrize.com\/blog\/?p=57072"},"modified":"2023-09-25T16:03:52","modified_gmt":"2023-09-25T14:03:52","slug":"dumbo-tim-burton-critique","status":"publish","type":"post","link":"https:\/\/shunrize.com\/blog\/dumbo-tim-burton-critique\/","title":{"rendered":"Cin\u00e9ma | Dumbo de Tim Burton &#8211; Critique"},"content":{"rendered":"\n<p><strong>A l\u2019occasion de la sortie de DUMBO pr\u00e9vue le 27 mars prochain, Tim Burton et Eva Green ont donn\u00e9 rendez-vous \u00e0 la presse fran\u00e7aise dans un salon cossu de l\u2019H\u00f4tel Bristol. Durant une quarantaine de minutes, le r\u00e9alisateur am\u00e9ricain et l&rsquo;envo\u00fbtante actrice fran\u00e7aise sont revenus sur les coulisses de leur troisi\u00e8me collaboration. <\/strong><\/p>\n\n\n\n<p>Ayant eu la chance d&rsquo;\u00eatre invit\u00e9e \u00e0 cette conf\u00e9rence de presse et de voir le film en avant-premi\u00e8re le 14 mars dernier, voici mon petit compte-rendu et avis.<\/p>\n\n\n\n<center><img data-recalc-dims=\"1\" decoding=\"async\" src=\"https:\/\/i0.wp.com\/www.shunrize.com\/2019\/conference-presse-dumbo-mars-2019.jpg?w=700&#038;ssl=1\"\/><\/center>\n\n\n\n<p>Apr\u00e8s DARK SHADOWS et <a aria-label=\"Miss Peregrine et les enfants particuliers (opens in a new tab)\" rel=\"noreferrer noopener\" href=\"https:\/\/shunrize.com\/blog\/critique-miss-peregrine-et-les-enfants-particuliers\/\" target=\"_blank\">Miss Peregrine et les enfants particuliers<\/a>, Tim Burton et Eva Green se retrouvent donc dans l\u2019adaptation en prises de vues r\u00e9elles d\u2019un classique d\u2019animation des Studios Disney sorti aux \u00c9tats-Unis en 1941. Toutefois, \u00e0 la diff\u00e9rence de <a rel=\"noreferrer noopener\" href=\"https:\/\/shunrize.com\/blog\/critique-la-belle-et-la-bete\/\" target=\"_blank\">La Belle et la B\u00eate<\/a>, ce DUMBO prend davantage ses distances avec le mat\u00e9riau d&rsquo;origine.<\/p>\n\n\n\n<blockquote class=\"wp-block-quote is-layout-flow wp-block-quote-is-layout-flow\">\n<p>Le symbole de cet \u00e9l\u00e9phant volant, c\u2019est d\u2019abord une m\u00e9taphore tr\u00e8s belle. C\u2019est ensuite une histoire un peu personnelle d\u2019un personnage un peu \u00e9trange, qui ne rentre pas dans le moule et qu\u2019on a du mal \u00e0 d\u00e9finir. Dans cette fable, j\u2019y c\u00e9l\u00e8bre comme toujours la beaut\u00e9 d\u2019\u00eatre diff\u00e9rent et celle d\u2019\u00eatre enfin accept\u00e9 par les autres.<\/p>\n<cite>Tim Burton<\/cite><\/blockquote>\n\n\n\n<p>Ici, les animaux ne parlent pas et les humains occupent une place nettement plus importante. N\u00e9 dans le cirque de Max Medici (Danny DeVito), notre \u00e9l\u00e9phanteau aux oreilles disproportionn\u00e9es est aussit\u00f4t confi\u00e9 \u00e0 Holt Farrier (Colin Farrell), une ex-star revenue mutil\u00e9e de la Premi\u00e8re Guerre mondiale. Ce dernier doit \u00e0 la fois faire face aux difficult\u00e9s rencontr\u00e9es par son employeur, \u00e0 sa nouvelle condition physique, au d\u00e9c\u00e8s de sa femme et \u00e0 son inaptitude \u00e0 renouer des liens avec ses deux enfants (Nico  Parker et Finnley Hobbins). <\/p>\n\n\n\n<p>Sensible \u00e0 la cause animale, j\u2019ai \u00e9t\u00e9 \u00e9videmment affect\u00e9e par le sort de notre attachant pachyderme. Pourtant, \u00e0 l\u2019instar de Burton dont je partage l\u2019opinion sur le cirque, c\u2019est surtout les m\u00e9saventures de ces \u00abph\u00e9nom\u00e8nes de foire\u00bb qui m\u2019ont le plus touch\u00e9e. Face \u00e0 un public qui se fait de plus en plus rare et une soci\u00e9t\u00e9 qui les consid\u00e8re comme des rebuts, leur solidarit\u00e9 fait alors plaisir \u00e0 voir.<\/p>\n\n\n\n<blockquote class=\"wp-block-quote is-layout-flow wp-block-quote-is-layout-flow\">\n<p>Je n\u2019aime pas le cirque car je trouve les clowns terrifiants et les animaux sauvages n\u2019y ont pas leur place. En revanche, l&rsquo;id\u00e9e de m\u2019associer \u00e0 un groupe d\u2019artistes marginaux m&rsquo;a toujours enchant\u00e9.<\/p>\n<cite>Tim Burton<\/cite><\/blockquote>\n\n\n\n<blockquote class=\"wp-block-quote is-layout-flow wp-block-quote-is-layout-flow\">\n<p>Pour incarner la trap\u00e9ziste Colette Marchant, il a fallu combattre ma peur du vide. Quotidiennement, je m&rsquo;entrainais dans un chapiteau o\u00f9 les membres du cirque vivent ensemble et s\u2019entraident, comme une grande famille. C\u2019\u00e9tait fascinant de les regarder.<\/p>\n<cite>Eva Green<\/cite><\/blockquote>\n\n\n\n<center><img data-recalc-dims=\"1\" decoding=\"async\" src=\"https:\/\/i0.wp.com\/www.shunrize.com\/2019\/dumbo-burton-extrait.jpg?w=700&#038;ssl=1\"\/><\/center>\n\n\n\n<p>Outre un \u00e9l\u00e9phanteau g\u00e9n\u00e9r\u00e9 par ordinateur tr\u00e8s r\u00e9ussi, l\u2019autre atout du m\u00e9trage est sans conteste le spectaculaire univers visuel qu\u2019il nous offre. Entre les costumes de Colleen Atwood<strong> <\/strong>(LES ANIMAUX FANTASTIQUES) et les d\u00e9cors d\u2019une exceptionnelle richesse dans les d\u00e9tails de Rick Heinrichs (SLEEPY HOLLOW), l\u2019\u00e9merveillement est au rendez-vous. R\u00e9interpr\u00e9tant avec brio certaines sc\u00e8nes embl\u00e9matiques du film d&rsquo;animation, dont la fameuse \u00abMarche des \u00c9l\u00e9phants\u00bb, Tim Burton nous emporte dans un tourbillon d&rsquo;action et d&rsquo;\u00e9motions pour mieux nous divertir. <\/p>\n\n\n\n<blockquote class=\"wp-block-quote is-layout-flow wp-block-quote-is-layout-flow\">\n<p>L\u2019arriv\u00e9e \u00e0 Dreamland \u00e9tait grandiose ! On a eu le luxe de n\u2019avoir quasiment pas de fond vert. Entre les attractions, les acrobates et le groupe de jazz, on avait l\u2019impression de retourner \u00e0 l\u2019\u00e2ge d\u2019or Hollywoodien.<\/p>\n<cite><strong>Eva Green<\/strong><\/cite><\/blockquote>\n\n\n\n<center><img data-recalc-dims=\"1\" decoding=\"async\" src=\"https:\/\/i0.wp.com\/www.shunrize.com\/2019\/dumbo-burton-dreamland.jpg?w=700&#038;ssl=1\"\/><\/center>\n\n\n\n<p>C\u00f4t\u00e9 casting, rien de transcendant. Si <a href=\"https:\/\/www.allocine.fr\/personne\/fichepersonne_gen_cpersonne=84968.html\" target=\"_blank\" rel=\"noopener nofollow\" title=\"Eva Green\">Eva Green<\/a> a su mettre encore une fois son ind\u00e9niable talent au service d\u2019une f\u00e9minit\u00e9 libre et triomphante, je retiendrais principalement le retour de Michael Keaton<strong> <\/strong>devant la cam\u00e9ra de Burton.<strong> <\/strong>27 ans apr\u00e8s BATMAN RETURNS, il incarne \u00e0 la perfection un entrepreneur sans aucun scrupule nomm\u00e9 V.A. Vandemere.<\/p>\n\n\n\n<blockquote class=\"wp-block-quote is-layout-flow wp-block-quote-is-layout-flow\">\n<p>J\u2019ai \u00e9t\u00e9 tr\u00e8s heureux de retrouver Eva, Michael Keaton et Danny DeVito. J\u2019ai eu \u00e9norm\u00e9ment de chance de pouvoir r\u00e9unir ces gens extraordinaires et aussi un peu barr\u00e9s. Quant \u00e0 Colin Farrell, j\u2019ai imm\u00e9diatement ressenti que je le connaissais depuis toujours. J\u2019aimais l\u2019id\u00e9e qu\u2019on puisse former une famille un peu dysfonctionnelle.<\/p>\n<cite><strong><\/strong><strong>Tim Burton<\/strong><\/cite><\/blockquote>\n\n\n\n<center><img data-recalc-dims=\"1\" decoding=\"async\" src=\"https:\/\/i0.wp.com\/www.shunrize.com\/2019\/Disney_Dumbo_2019.png?w=700&#038;ssl=1\"\/><\/center>\n\n\n\n<p>Un poil critique envers les studios qui l\u2019ont pourtant engag\u00e9, Tim Burton s\u2019amuse \u00e9galement \u00e0 faire le parall\u00e8le entre le cirque qu\u2019il montre \u00e0 l\u2019\u00e9cran et celui qu\u2019il dit diriger. Bien plus qu&rsquo;une simple adaptation, son DUMBO enchantera assur\u00e9ment les spectateurs d\u00e8s sa sortie en salle le 27 mars 2019.<\/p>\n","protected":false},"excerpt":{"rendered":"<p>Avis sur Dumbo. Film fantastique r\u00e9alis\u00e9 par Tim Burton, avec Eva Green, Colin Farrell, Danny DeVito et Michael Keaton, dont la sortie est pr\u00e9vue le 27 mars 2019. <\/p>\n","protected":false},"author":1,"featured_media":57086,"comment_status":"open","ping_status":"open","sticky":false,"template":"","format":"standard","meta":{"jetpack_post_was_ever_published":false,"_jetpack_newsletter_access":"","_jetpack_dont_email_post_to_subs":false,"_jetpack_newsletter_tier_id":0,"_jetpack_memberships_contains_paywalled_content":false,"csco_page_load_nextpost":"","csco_post_video_location":[],"csco_post_video_location_hash":"","csco_post_video_url":"","csco_post_video_bg_start_time":0,"csco_post_video_bg_end_time":0,"csco_post_text_color":"","_jetpack_memberships_contains_paid_content":false,"footnotes":"","jetpack_publicize_message":"","jetpack_publicize_feature_enabled":true,"jetpack_social_post_already_shared":false,"jetpack_social_options":{"image_generator_settings":{"template":"highway","default_image_id":0,"font":"","enabled":false},"version":2}},"categories":[5149],"tags":[7285,2069],"class_list":{"0":"post-57072","1":"post","2":"type-post","3":"status-publish","4":"format-standard","5":"has-post-thumbnail","7":"category-culture","8":"tag-cinema","9":"tag-disney","10":"cs-entry","11":"cs-video-wrap"},"aioseo_notices":[],"jetpack_publicize_connections":[],"jetpack_featured_media_url":"https:\/\/i0.wp.com\/shunrize.com\/blog\/wp-content\/uploads\/2019\/03\/dumbo-tim-burton-avis.jpg?fit=1385%2C600&ssl=1","jetpack-related-posts":[{"id":48952,"url":"https:\/\/shunrize.com\/blog\/critique-miss-peregrine-et-les-enfants-particuliers\/","url_meta":{"origin":57072,"position":0},"title":"Cin\u00e9ma | Miss Peregrine et les enfants particuliers &#8211; Critique","author":"Val\u00e9rie Denise","date":"26\/09\/2016","format":false,"excerpt":"Abe Portman (Terence Stamp) et Jacob (Asa Butterfield), son petit-fils, sont unis par un lien solide. Durant toute son enfance, Jacob s'est abreuv\u00e9 des fascinants r\u00e9cits de ce vieil homme. Juif polonais, Abe a fui sa terre natale pour \u00e9chapper aux nazis et s'est r\u00e9fugi\u00e9 sur une \u00eele au large\u2026","rel":"","context":"Dans &quot;CULTURE&quot;","block_context":{"text":"CULTURE","link":"https:\/\/shunrize.com\/blog\/category\/culture\/"},"img":{"alt_text":"Eva Green et Asa Butterfield dans Miss Peregrine","src":"https:\/\/i0.wp.com\/shunrize.com\/blog\/wp-content\/uploads\/2016\/09\/Miss-Peregrine-Eva-Green-Asa-Butterfield.jpg?fit=1200%2C520&ssl=1&resize=350%2C200","width":350,"height":200,"srcset":"https:\/\/i0.wp.com\/shunrize.com\/blog\/wp-content\/uploads\/2016\/09\/Miss-Peregrine-Eva-Green-Asa-Butterfield.jpg?fit=1200%2C520&ssl=1&resize=350%2C200 1x, https:\/\/i0.wp.com\/shunrize.com\/blog\/wp-content\/uploads\/2016\/09\/Miss-Peregrine-Eva-Green-Asa-Butterfield.jpg?fit=1200%2C520&ssl=1&resize=525%2C300 1.5x, https:\/\/i0.wp.com\/shunrize.com\/blog\/wp-content\/uploads\/2016\/09\/Miss-Peregrine-Eva-Green-Asa-Butterfield.jpg?fit=1200%2C520&ssl=1&resize=700%2C400 2x, https:\/\/i0.wp.com\/shunrize.com\/blog\/wp-content\/uploads\/2016\/09\/Miss-Peregrine-Eva-Green-Asa-Butterfield.jpg?fit=1200%2C520&ssl=1&resize=1050%2C600 3x"},"classes":[]},{"id":27151,"url":"https:\/\/shunrize.com\/blog\/sorties-cinema-mercredi-31-octobre-2012\/","url_meta":{"origin":57072,"position":1},"title":"Les sorties cin\u00e9ma : Mercredi 31 octobre 2012","author":"Val\u00e9rie Denise","date":"30\/10\/2012","format":false,"excerpt":"LOOPER Science-fiction - De Rian Johnson Avec Bruce Willis, Joseph Gordon-LevittAvis : A la crois\u00e9e de \"L\u2019Arm\u00e9e des douze singes\", \"Bienvenue \u00e0 Gattaca\" et de \"Retour vers le futur\", \"Looper\" nous esquisse un avenir peu reluisant, dirig\u00e9 par une Mafia qui se sert du pass\u00e9 pour se d\u00e9barrasser de cadavres\u2026","rel":"","context":"Dans &quot;CULTURE&quot;","block_context":{"text":"CULTURE","link":"https:\/\/shunrize.com\/blog\/category\/culture\/"},"img":{"alt_text":"","src":"https:\/\/i0.wp.com\/shunrize.com\/blog\/wp-content\/uploads\/2012\/10\/Looper-Joseph-Gordon-Levitt.jpg?fit=1200%2C520&ssl=1&resize=350%2C200","width":350,"height":200,"srcset":"https:\/\/i0.wp.com\/shunrize.com\/blog\/wp-content\/uploads\/2012\/10\/Looper-Joseph-Gordon-Levitt.jpg?fit=1200%2C520&ssl=1&resize=350%2C200 1x, https:\/\/i0.wp.com\/shunrize.com\/blog\/wp-content\/uploads\/2012\/10\/Looper-Joseph-Gordon-Levitt.jpg?fit=1200%2C520&ssl=1&resize=525%2C300 1.5x, https:\/\/i0.wp.com\/shunrize.com\/blog\/wp-content\/uploads\/2012\/10\/Looper-Joseph-Gordon-Levitt.jpg?fit=1200%2C520&ssl=1&resize=700%2C400 2x, https:\/\/i0.wp.com\/shunrize.com\/blog\/wp-content\/uploads\/2012\/10\/Looper-Joseph-Gordon-Levitt.jpg?fit=1200%2C520&ssl=1&resize=1050%2C600 3x"},"classes":[]},{"id":11323,"url":"https:\/\/shunrize.com\/blog\/critique-alice-au-pays-des-merveilles\/","url_meta":{"origin":57072,"position":2},"title":"Cin\u00e9ma | Alice au pays des merveilles de Tim Burton &#8211; Critique","author":"Val\u00e9rie Denise","date":"19\/03\/2010","format":false,"excerpt":"La tentation de revisiter le classique de Lewis Caroll \u00e9tait bien trop tentante. Apr\u00e8s Sweeney Todd : le diabolique barbier de Fleet Street, Tim Burton nous revient donc avec une adaptation des aventures d'Alice au pays des merveilles m\u00ealant images de synth\u00e8ses et prises de vues r\u00e9elles. Produite par les\u2026","rel":"","context":"Dans &quot;CULTURE&quot;","block_context":{"text":"CULTURE","link":"https:\/\/shunrize.com\/blog\/category\/culture\/"},"img":{"alt_text":"","src":"https:\/\/i0.wp.com\/shunrize.com\/blog\/wp-content\/uploads\/2010\/03\/Alice-In-Wonderland-Tim-Burton.jpg?fit=628%2C356&ssl=1&resize=350%2C200","width":350,"height":200,"srcset":"https:\/\/i0.wp.com\/shunrize.com\/blog\/wp-content\/uploads\/2010\/03\/Alice-In-Wonderland-Tim-Burton.jpg?fit=628%2C356&ssl=1&resize=350%2C200 1x, https:\/\/i0.wp.com\/shunrize.com\/blog\/wp-content\/uploads\/2010\/03\/Alice-In-Wonderland-Tim-Burton.jpg?fit=628%2C356&ssl=1&resize=525%2C300 1.5x"},"classes":[]},{"id":58049,"url":"https:\/\/shunrize.com\/blog\/le-roi-lion-2019-critique\/","url_meta":{"origin":57072,"position":3},"title":"Cin\u00e9ma | Le Roi Lion : que vaut le remake ?","author":"Val\u00e9rie Denise","date":"30\/07\/2019","format":false,"excerpt":"25 ans apr\u00e8s sa sortie en salles, LE ROI LION s\u2019offre un lifting hyperr\u00e9aliste en images de synth\u00e8se. Mais que vaut ce remake\u00a0du classique Disney orchestr\u00e9 par Jon Favreau ? Convi\u00e9s par Orange France, on a eu le privil\u00e8ge de d\u00e9couvrir le dernier n\u00e9 des studios Disney lors d'une projection\u2026","rel":"","context":"Dans &quot;CULTURE&quot;","block_context":{"text":"CULTURE","link":"https:\/\/shunrize.com\/blog\/category\/culture\/"},"img":{"alt_text":"","src":"https:\/\/i0.wp.com\/shunrize.com\/blog\/wp-content\/uploads\/2019\/07\/le-roi-lion-jon-favreau.jpg?fit=1200%2C520&ssl=1&resize=350%2C200","width":350,"height":200,"srcset":"https:\/\/i0.wp.com\/shunrize.com\/blog\/wp-content\/uploads\/2019\/07\/le-roi-lion-jon-favreau.jpg?fit=1200%2C520&ssl=1&resize=350%2C200 1x, https:\/\/i0.wp.com\/shunrize.com\/blog\/wp-content\/uploads\/2019\/07\/le-roi-lion-jon-favreau.jpg?fit=1200%2C520&ssl=1&resize=525%2C300 1.5x, https:\/\/i0.wp.com\/shunrize.com\/blog\/wp-content\/uploads\/2019\/07\/le-roi-lion-jon-favreau.jpg?fit=1200%2C520&ssl=1&resize=700%2C400 2x, https:\/\/i0.wp.com\/shunrize.com\/blog\/wp-content\/uploads\/2019\/07\/le-roi-lion-jon-favreau.jpg?fit=1200%2C520&ssl=1&resize=1050%2C600 3x"},"classes":[]},{"id":54311,"url":"https:\/\/shunrize.com\/blog\/deviant-zone-noel-2017-tim-burton\/","url_meta":{"origin":57072,"position":4},"title":"Deviant Zone No\u00ebl : soir\u00e9e Tim Burton","author":"Val\u00e9rie Denise","date":"01\/12\/2017","format":false,"excerpt":"C\u00e9l\u00e9brer No\u00ebl 2017 au cin\u00e9ma Le Pandora \u00e0 Avignon. Une nuit consacr\u00e9e \u00e0 deux chefs-d\u2019\u0153uvre de Tim Burton","rel":"","context":"Dans &quot;DEVIANT ZONE&quot;","block_context":{"text":"DEVIANT ZONE","link":"https:\/\/shunrize.com\/blog\/category\/deviant-zone\/"},"img":{"alt_text":"","src":"https:\/\/i0.wp.com\/shunrize.com\/blog\/wp-content\/uploads\/2017\/11\/deviant-zone-frankenweenie.jpg?fit=1200%2C520&ssl=1&resize=350%2C200","width":350,"height":200,"srcset":"https:\/\/i0.wp.com\/shunrize.com\/blog\/wp-content\/uploads\/2017\/11\/deviant-zone-frankenweenie.jpg?fit=1200%2C520&ssl=1&resize=350%2C200 1x, https:\/\/i0.wp.com\/shunrize.com\/blog\/wp-content\/uploads\/2017\/11\/deviant-zone-frankenweenie.jpg?fit=1200%2C520&ssl=1&resize=525%2C300 1.5x, https:\/\/i0.wp.com\/shunrize.com\/blog\/wp-content\/uploads\/2017\/11\/deviant-zone-frankenweenie.jpg?fit=1200%2C520&ssl=1&resize=700%2C400 2x, https:\/\/i0.wp.com\/shunrize.com\/blog\/wp-content\/uploads\/2017\/11\/deviant-zone-frankenweenie.jpg?fit=1200%2C520&ssl=1&resize=1050%2C600 3x"},"classes":[]},{"id":66149,"url":"https:\/\/shunrize.com\/blog\/les-trois-mousquetaires-dartagnan-critique\/","url_meta":{"origin":57072,"position":5},"title":"Cin\u00e9ma | Les Trois Mousquetaires : D\u2019Artagnan","author":"Val\u00e9rie Denise","date":"31\/03\/2023","format":false,"excerpt":"Une semaine avant sa sortie nationale, Les Trois Mousquetaires : D\u2019Artagnan de Martin Bourboulon a \u00e9t\u00e9 projet\u00e9 \u00e0 Paris, au Forum des Images. J\u2019y \u00e9tais ! A l'\u00e8re o\u00f9 les super-h\u00e9ros cartonnent, produire un film de cape et d'\u00e9p\u00e9e parait anachronique. Pourtant, une \u00e9ni\u00e8me adaptation du roman d'Alexandre Dumas, pr\u00e8s\u2026","rel":"","context":"Dans &quot;CULTURE&quot;","block_context":{"text":"CULTURE","link":"https:\/\/shunrize.com\/blog\/category\/culture\/"},"img":{"alt_text":"","src":"https:\/\/i0.wp.com\/shunrize.com\/blog\/wp-content\/uploads\/2023\/03\/Trois-Mousquetaires-DArtagnan-Critique.jpg?fit=1200%2C552&ssl=1&resize=350%2C200","width":350,"height":200,"srcset":"https:\/\/i0.wp.com\/shunrize.com\/blog\/wp-content\/uploads\/2023\/03\/Trois-Mousquetaires-DArtagnan-Critique.jpg?fit=1200%2C552&ssl=1&resize=350%2C200 1x, https:\/\/i0.wp.com\/shunrize.com\/blog\/wp-content\/uploads\/2023\/03\/Trois-Mousquetaires-DArtagnan-Critique.jpg?fit=1200%2C552&ssl=1&resize=525%2C300 1.5x, https:\/\/i0.wp.com\/shunrize.com\/blog\/wp-content\/uploads\/2023\/03\/Trois-Mousquetaires-DArtagnan-Critique.jpg?fit=1200%2C552&ssl=1&resize=700%2C400 2x, https:\/\/i0.wp.com\/shunrize.com\/blog\/wp-content\/uploads\/2023\/03\/Trois-Mousquetaires-DArtagnan-Critique.jpg?fit=1200%2C552&ssl=1&resize=1050%2C600 3x"},"classes":[]}],"jetpack_sharing_enabled":true,"_links":{"self":[{"href":"https:\/\/shunrize.com\/blog\/wp-json\/wp\/v2\/posts\/57072","targetHints":{"allow":["GET"]}}],"collection":[{"href":"https:\/\/shunrize.com\/blog\/wp-json\/wp\/v2\/posts"}],"about":[{"href":"https:\/\/shunrize.com\/blog\/wp-json\/wp\/v2\/types\/post"}],"author":[{"embeddable":true,"href":"https:\/\/shunrize.com\/blog\/wp-json\/wp\/v2\/users\/1"}],"replies":[{"embeddable":true,"href":"https:\/\/shunrize.com\/blog\/wp-json\/wp\/v2\/comments?post=57072"}],"version-history":[{"count":0,"href":"https:\/\/shunrize.com\/blog\/wp-json\/wp\/v2\/posts\/57072\/revisions"}],"wp:featuredmedia":[{"embeddable":true,"href":"https:\/\/shunrize.com\/blog\/wp-json\/wp\/v2\/media\/57086"}],"wp:attachment":[{"href":"https:\/\/shunrize.com\/blog\/wp-json\/wp\/v2\/media?parent=57072"}],"wp:term":[{"taxonomy":"category","embeddable":true,"href":"https:\/\/shunrize.com\/blog\/wp-json\/wp\/v2\/categories?post=57072"},{"taxonomy":"post_tag","embeddable":true,"href":"https:\/\/shunrize.com\/blog\/wp-json\/wp\/v2\/tags?post=57072"}],"curies":[{"name":"wp","href":"https:\/\/api.w.org\/{rel}","templated":true}]}}