{"id":55938,"date":"2018-06-08T01:00:32","date_gmt":"2018-06-07T23:00:32","guid":{"rendered":"http:\/\/shunrize.com\/blog\/?p=55938"},"modified":"2024-07-03T23:49:29","modified_gmt":"2024-07-03T21:49:29","slug":"les-jardins-de-lecole-du-breuil-paris","status":"publish","type":"post","link":"https:\/\/shunrize.com\/blog\/les-jardins-de-lecole-du-breuil-paris\/","title":{"rendered":"Les Jardins de l&rsquo;\u00e9cole Du Breuil"},"content":{"rendered":"\n<p><strong>Bordure nord-est du bois de Vincennes. Ce dimanche 27 mai, on a choisi de se rendre \u00e0 la derni\u00e8re journ\u00e9e \u00ab\u00a0Portes Ouvertes\u00a0\u00bb de l&rsquo;\u00e9cole d\u2019horticulture de la ville de Paris.<\/strong><\/p>\n\n\n\n<p>Fond\u00e9e sous l\u2019impulsion du baron Haussmann en 1867, <strong>l\u2019\u00e9cole Du Breuil<\/strong> a d\u2019abord occup\u00e9 4 hectares pr\u00e8s de la Porte dor\u00e9e\/ Puis, elle  a \u00e9t\u00e9 transf\u00e9r\u00e9e en 1936 \u00e0 l\u2019emplacement de l\u2019ancienne <strong>ferme de la Faisanderie<\/strong>. Ce domaine exceptionnel de 23 hectares qui compte des <a href=\"https:\/\/shunrize.com\/blog\/brunch-les-jardins-du-marais-paris\/\" target=\"_blank\" rel=\"noopener nofollow\" title=\"Brunch Les Jardins du Marais \u2013 Paris 11e\">jardins <\/a>et un <strong>arboretum<\/strong> est accessible gratuitement toute l&rsquo;ann\u00e9e.<\/p>\n\n\n\n<figure class=\"wp-block-image is-style-default\"><img data-recalc-dims=\"1\" decoding=\"async\" src=\"https:\/\/i0.wp.com\/www.shunrize.com\/2018\/ecole-du-breuil-mare.jpg?w=700&#038;ssl=1\" alt=\"\"\/><\/figure>\n\n\n\n<figure class=\"wp-block-image is-style-default\"><img data-recalc-dims=\"1\" decoding=\"async\" src=\"https:\/\/i0.wp.com\/www.shunrize.com\/2018\/ecole-du-breuil-libellule.jpg?w=700&#038;ssl=1\" alt=\"\"\/><\/figure>\n\n\n\n<figure class=\"wp-block-image is-style-default\"><img data-recalc-dims=\"1\" decoding=\"async\" src=\"https:\/\/i0.wp.com\/www.shunrize.com\/2018\/ecole-du-breuil-bernaches.jpg?w=700&#038;ssl=1\" alt=\"\"\/><\/figure>\n\n\n\n<figure class=\"wp-block-image is-style-default\"><img data-recalc-dims=\"1\" decoding=\"async\" src=\"https:\/\/i0.wp.com\/www.shunrize.com\/2018\/roseraie-ecole-du-breuil-1.jpg?w=700&#038;ssl=1\" alt=\"\"\/><\/figure>\n\n\n\n<figure class=\"wp-block-image is-style-default\"><img data-recalc-dims=\"1\" decoding=\"async\" src=\"https:\/\/i0.wp.com\/www.shunrize.com\/2018\/roseraie-ecole-du-breuil-2.jpg?w=700&#038;ssl=1\" alt=\"\"\/><\/figure>\n\n\n\n<figure class=\"wp-block-image is-style-default\"><img data-recalc-dims=\"1\" decoding=\"async\" src=\"https:\/\/i0.wp.com\/www.shunrize.com\/2018\/roseraie-ecole-du-breuil-3.jpg?w=700&#038;ssl=1\" alt=\"\"\/><\/figure>\n\n\n\n<figure class=\"wp-block-image is-style-default\"><img data-recalc-dims=\"1\" decoding=\"async\" src=\"https:\/\/i0.wp.com\/www.shunrize.com\/2018\/roseraie-ecole-du-breuil-5.jpg?w=700&#038;ssl=1\" alt=\"\"\/><\/figure>\n\n\n\n<figure class=\"wp-block-image is-style-default\"><img data-recalc-dims=\"1\" decoding=\"async\" src=\"https:\/\/i0.wp.com\/www.shunrize.com\/2018\/roseraie-ecole-du-breuil-4.jpg?w=700&#038;ssl=1\" alt=\"\"\/><\/figure>\n\n\n\n<figure class=\"wp-block-image is-style-default\"><img data-recalc-dims=\"1\" decoding=\"async\" src=\"https:\/\/i0.wp.com\/www.shunrize.com\/2018\/ecole-du-breuil-jardin-mediterraneen.jpg?w=700&#038;ssl=1\" alt=\"\"\/><\/figure>\n\n\n\n<figure class=\"wp-block-image is-style-default\"><img data-recalc-dims=\"1\" decoding=\"async\" src=\"https:\/\/i0.wp.com\/www.shunrize.com\/2018\/arboretum-ecole-du-breuil-insectes.jpg?w=700&#038;ssl=1\" alt=\"\"\/><\/figure>\n\n\n\n<figure class=\"wp-block-image is-style-default\"><img data-recalc-dims=\"1\" decoding=\"async\" src=\"https:\/\/i0.wp.com\/www.shunrize.com\/2018\/jardins-partages-ecole-du-breuil-1.jpg?w=700&#038;ssl=1\" alt=\"\"\/><\/figure>\n\n\n\n<figure class=\"wp-block-image is-style-default\"><img data-recalc-dims=\"1\" decoding=\"async\" src=\"https:\/\/i0.wp.com\/www.shunrize.com\/2018\/arboretum-ecole-du-breuil-lombric.jpg?w=700&#038;ssl=1\" alt=\"\"\/><\/figure>\n\n\n\n<figure class=\"wp-block-image is-style-default\"><img data-recalc-dims=\"1\" decoding=\"async\" src=\"https:\/\/i0.wp.com\/www.shunrize.com\/2018\/arboretum-ecole-du-breuil-canards.jpg?w=700&#038;ssl=1\" alt=\"\"\/><\/figure>\n\n\n\n<figure class=\"wp-block-image is-style-default\"><img data-recalc-dims=\"1\" decoding=\"async\" src=\"https:\/\/i0.wp.com\/www.shunrize.com\/2018\/jardins-partages-ecole-du-breuil-2.jpg?w=700&#038;ssl=1\" alt=\"\"\/><\/figure>\n\n\n\n<p class=\"has-text-align-left\"><br \/>Ce jour-l\u00e0, on a le droit exceptionnellement de visiter le <strong>verger<\/strong>, les <strong>serres<\/strong> (plantes tropicales, d\u00e9sertiques et m\u00e9diterran\u00e9ennes) et le <strong>potager<\/strong> p\u00e9dagogique (l\u00e9gumes, fruits et condiments). En effet, ils sont habituellement ferm\u00e9s au public.<\/p>\n\n\n\n<p>Le soleil tape fort\u00a0! Entre deux photos et fl\u00e2neries dans les all\u00e9es fleuries, on s\u2019octroie des pauses. On squatte les buvettes de la Roseraie. Ainsi que celle du verger pour d\u00e9guster de d\u00e9licieux g\u00e2teaux fait-maison et siroter une canette \u00e0 l\u2019ombre d\u2019un cerisier.<\/p>\n\n\n\n<figure class=\"wp-block-image is-style-default\"><img data-recalc-dims=\"1\" decoding=\"async\" src=\"https:\/\/i0.wp.com\/www.shunrize.com\/2018\/ecole-du-breuil-verger.jpg?w=700&#038;ssl=1\" alt=\"\"\/><\/figure>\n\n\n\n<figure class=\"wp-block-image is-style-default\"><img data-recalc-dims=\"1\" decoding=\"async\" src=\"https:\/\/i0.wp.com\/www.shunrize.com\/2018\/ecole-du-breuil-cerisier.jpg?w=700&#038;ssl=1\" alt=\"\"\/><\/figure>\n\n\n\n<figure class=\"wp-block-image is-style-default\"><img data-recalc-dims=\"1\" decoding=\"async\" src=\"https:\/\/i0.wp.com\/www.shunrize.com\/2018\/ecole-du-breuil-abeille.jpg?w=700&#038;ssl=1\" alt=\"\"\/><\/figure>\n\n\n\n<figure class=\"wp-block-image is-style-default\"><img data-recalc-dims=\"1\" decoding=\"async\" src=\"https:\/\/i0.wp.com\/www.shunrize.com\/2018\/serres-ecole-du-breuil.jpg?w=700&#038;ssl=1\" alt=\"\"\/><\/figure>\n\n\n\n<figure class=\"wp-block-image is-style-default\"><img data-recalc-dims=\"1\" decoding=\"async\" src=\"https:\/\/i0.wp.com\/www.shunrize.com\/2018\/serres-ecole-du-breuil-2.jpg?w=700&#038;ssl=1\" alt=\"\"\/><\/figure>\n\n\n\n<figure class=\"wp-block-image is-style-default\"><img data-recalc-dims=\"1\" decoding=\"async\" src=\"https:\/\/i0.wp.com\/www.shunrize.com\/2018\/serres-ecole-du-breuil-platycerium.jpg?w=700&#038;ssl=1\" alt=\"\"\/><\/figure>\n\n\n\n<figure class=\"wp-block-image is-style-default\"><img data-recalc-dims=\"1\" decoding=\"async\" src=\"https:\/\/i0.wp.com\/www.shunrize.com\/2018\/serres-ecole-du-breuil-succulentes-2.jpg?w=700&#038;ssl=1\" alt=\"\"\/><\/figure>\n\n\n\n<figure class=\"wp-block-image is-style-default\"><img data-recalc-dims=\"1\" decoding=\"async\" src=\"https:\/\/i0.wp.com\/www.shunrize.com\/2018\/serres-ecole-du-breuil-succulentes.jpg?w=700&#038;ssl=1\" alt=\"\"\/><\/figure>\n\n\n\n<figure class=\"wp-block-image is-style-default\"><img data-recalc-dims=\"1\" decoding=\"async\" src=\"https:\/\/i0.wp.com\/www.shunrize.com\/2018\/serres-ecole-du-breuil-succulentes-3.jpg?w=700&#038;ssl=1\" alt=\"\"\/><\/figure>\n\n\n\n<figure class=\"wp-block-image is-style-default\"><img data-recalc-dims=\"1\" decoding=\"async\" src=\"https:\/\/i0.wp.com\/www.shunrize.com\/2018\/potager-ecole-du-breuil-tomates.jpg?w=700&#038;ssl=1\" alt=\"\"\/><\/figure>\n\n\n\n<figure class=\"wp-block-image is-style-default\"><img data-recalc-dims=\"1\" decoding=\"async\" src=\"https:\/\/i0.wp.com\/www.shunrize.com\/2018\/potager-ecole-du-breuil.jpg?w=700&#038;ssl=1\" alt=\"\"\/><\/figure>\n\n\n\n<figure class=\"wp-block-image is-style-default\"><img data-recalc-dims=\"1\" decoding=\"async\" src=\"https:\/\/i0.wp.com\/www.shunrize.com\/2018\/potager-ecole-du-breuil-fraises.jpg?w=700&#038;ssl=1\" alt=\"\"\/><\/figure>\n\n\n\n<p class=\"has-text-align-left\">L\u2019\u00e9tablissement parisien propose \u00e9galement des activit\u00e9s et des animations comme la vente de plantes s\u00e9lectionn\u00e9es par les \u00e9l\u00e8ves en formation au profit du financement de leurs voyages d\u2019\u00e9tudes, des conseils dispens\u00e9s par des anciens \u00e9l\u00e8ves, des expositions, des visites guid\u00e9es ou encore des tours en cal\u00e8che.<\/p>\n\n\n\n<figure class=\"wp-block-image is-style-default\"><img data-recalc-dims=\"1\" decoding=\"async\" src=\"https:\/\/i0.wp.com\/www.shunrize.com\/2018\/miel-ecole-du-breuil.jpg?w=700&#038;ssl=1\" alt=\"\"\/><\/figure>\n\n\n\n<figure class=\"wp-block-image is-style-default\"><img data-recalc-dims=\"1\" decoding=\"async\" src=\"https:\/\/i0.wp.com\/www.shunrize.com\/2018\/ecole-du-breuil-vente-plants-2.jpg?w=700&#038;ssl=1\" alt=\"\"\/><\/figure>\n\n\n\n<figure class=\"wp-block-image is-style-default\"><img data-recalc-dims=\"1\" decoding=\"async\" src=\"https:\/\/i0.wp.com\/www.shunrize.com\/2018\/ecole-du-breuil-pelouse-polyvalente.jpg?w=700&#038;ssl=1\" alt=\"\"\/><\/figure>\n\n\n\n<figure class=\"wp-block-image is-style-default\"><img data-recalc-dims=\"1\" decoding=\"async\" src=\"https:\/\/i0.wp.com\/www.shunrize.com\/2018\/arboretum-ecole-du-breuil-caleche.jpg?w=700&#038;ssl=1\" alt=\"\"\/><\/figure>\n\n\n\n<p class=\"has-text-align-left\"><br \/>Se r\u00e9jouir de voir des jeunes enthousiasm\u00e9s par cette fili\u00e8re, croiser des oiseaux et leur prog\u00e9niture, appr\u00e9cier le calme et les jolis paysages. Forc\u00e9ment, l\u2019apr\u00e8s-midi passe ultra vite. On reviendra par ici, c&rsquo;est certain !<\/p>\n\n\n\n<p class=\"has-text-align-right\">\u00a9 Cr\u00e9dits Photos &#8211; S H U N R I Z E.com<\/p>\n\n\n\n<h2 id=\"les-jardins-de-lecole-du-breuil\" class=\"wp-block-heading has-text-align-left\">Les jardins de l&rsquo;\u00e9cole Du Breuil<\/h2>\n\n\n\n<p class=\"has-text-align-left\">Route de la Ferme, Bois de Vincennes 75012 Paris<br \/>Ouvert 7j\/7 de 9h \u00e0 19h, en octobre et mars de 9h \u00e0 18h et du 1er novembre au 28 f\u00e9vrier de 9h \u00e0 17h.<br \/>Entr\u00e9e libre<br \/>Infos : <a href=\"http:\/\/www.ecoledubreuil.fr\/\" target=\"_blank\" rel=\"noopener noreferrer\">www.ecoledubreuil.fr\/<\/a><\/p>\n\n\n\n<ul class=\"wp-block-list\">\n<li>Depuis Porte Dor\u00e9e : Bus 201 &#8211; Ecole Du Breuil<\/li>\n\n\n\n<li>Depuis Porte de Charenton : Bus 77 &#8211; Ecole Du Breuil<\/li>\n\n\n\n<li>M\u00e9tro ligne 1 &#8211; Ch\u00e2teau de Vincennes + Bus 112 &#8211; Carrefour de Beaut\u00e9 (prendre \u00e0 droite la route de la Ferme).<\/li>\n<\/ul>\n\n\n\n<ul class=\"wp-block-list\">\n<li>V\u00e9lib &#8211; Station 12128 &#8211; Route de la pyramide-\u00e9cole Du Breuil<\/li>\n<\/ul>\n\n\n\n<figure class=\"wp-block-image is-style-default\"><img data-recalc-dims=\"1\" decoding=\"async\" src=\"https:\/\/i0.wp.com\/www.shunrize.com\/2018\/ecole-du-breuil-plan.jpg?w=700&#038;ssl=1\" alt=\"\"\/><\/figure>\n\n\n\n<p class=\"has-text-align-center\"><\/p>\n","protected":false},"excerpt":{"rendered":"<p>Situ\u00e9s en bordure nord-est du bois de Vincennes, les jardins et l\u2019Arboretum de l&rsquo;\u00e9cole Du Breuil sont ouverts au public toute l&rsquo;ann\u00e9e depuis 2013. Le 27 mai dernier, on s\u2019est rendu dans ce bel oasis parisien \u00e0 l\u2019occasion des Journ\u00e9es Portes Ouvertes de l&rsquo;\u00e9cole.<\/p>\n","protected":false},"author":1,"featured_media":55951,"comment_status":"open","ping_status":"open","sticky":false,"template":"","format":"standard","meta":{"jetpack_post_was_ever_published":false,"_jetpack_newsletter_access":"","_jetpack_dont_email_post_to_subs":false,"_jetpack_newsletter_tier_id":0,"_jetpack_memberships_contains_paywalled_content":false,"csco_page_load_nextpost":"","csco_post_video_location":[],"csco_post_video_location_hash":"","csco_post_video_url":"","csco_post_video_bg_start_time":0,"csco_post_video_bg_end_time":0,"csco_post_text_color":"","_jetpack_memberships_contains_paid_content":false,"footnotes":"[]","jetpack_publicize_message":"","jetpack_publicize_feature_enabled":true,"jetpack_social_post_already_shared":false,"jetpack_social_options":{"image_generator_settings":{"template":"highway","enabled":false},"version":2}},"categories":[2002],"tags":[7396],"class_list":{"0":"post-55938","1":"post","2":"type-post","3":"status-publish","4":"format-standard","5":"has-post-thumbnail","7":"category-lifestyle","8":"tag-grand-paris","9":"cs-entry","10":"cs-video-wrap"},"aioseo_notices":[],"jetpack_publicize_connections":[],"jetpack_featured_media_url":"https:\/\/i0.wp.com\/shunrize.com\/blog\/wp-content\/uploads\/2018\/06\/ecole-du-breuil-roses.jpg?fit=1385%2C600&ssl=1","jetpack-related-posts":[{"id":57987,"url":"https:\/\/shunrize.com\/blog\/randonnee-gr2-paris12-maison-alfort\/","url_meta":{"origin":55938,"position":0},"title":"Le Sentier de la Seine : de Porte Dor\u00e9e \u00e0 Cr\u00e9teil","author":"Val\u00e9rie Denise","date":"17\/07\/2019","format":false,"excerpt":"Quand on habite Paris, il est inutile de partir bien loin pour changer d\u2019air. De l\u2019or\u00e9e du Bois de Vincennes dans le 12e arrondissement jusqu\u2019aux bords de la Marne, suis-nous durant 14 kilom\u00e8tres sur le GR2. Surnomm\u00e9 le Sentier de la Seine, le GR2 s\u2019\u00e9tend sur 899 km. Reliant Dijon\u2026","rel":"","context":"Dans &quot;RANDOS&quot;","block_context":{"text":"RANDOS","link":"https:\/\/shunrize.com\/blog\/category\/randonnees\/"},"img":{"alt_text":"","src":"https:\/\/i0.wp.com\/shunrize.com\/blog\/wp-content\/uploads\/2019\/07\/sentier-de-la-seine-bords-de-marne.jpg?fit=1200%2C520&ssl=1&resize=350%2C200","width":350,"height":200,"srcset":"https:\/\/i0.wp.com\/shunrize.com\/blog\/wp-content\/uploads\/2019\/07\/sentier-de-la-seine-bords-de-marne.jpg?fit=1200%2C520&ssl=1&resize=350%2C200 1x, https:\/\/i0.wp.com\/shunrize.com\/blog\/wp-content\/uploads\/2019\/07\/sentier-de-la-seine-bords-de-marne.jpg?fit=1200%2C520&ssl=1&resize=525%2C300 1.5x, https:\/\/i0.wp.com\/shunrize.com\/blog\/wp-content\/uploads\/2019\/07\/sentier-de-la-seine-bords-de-marne.jpg?fit=1200%2C520&ssl=1&resize=700%2C400 2x, https:\/\/i0.wp.com\/shunrize.com\/blog\/wp-content\/uploads\/2019\/07\/sentier-de-la-seine-bords-de-marne.jpg?fit=1200%2C520&ssl=1&resize=1050%2C600 3x"},"classes":[]},{"id":42217,"url":"https:\/\/shunrize.com\/blog\/parc-de-la-vallee-aux-loups-chateaubriand\/","url_meta":{"origin":55938,"position":1},"title":"Balade romantique au parc de La Vall\u00e9e-aux-Loups","author":"Val\u00e9rie Denise","date":"18\/01\/2015","format":false,"excerpt":"Baladons-nous au c\u0153ur de La Vall\u00e9e aux Loups. Une promenade romantique \u00e0 moins d\u2019une heure de Paris.","rel":"","context":"Dans &quot;RANDOS&quot;","block_context":{"text":"RANDOS","link":"https:\/\/shunrize.com\/blog\/category\/randonnees\/"},"img":{"alt_text":"","src":"https:\/\/i0.wp.com\/shunrize.com\/blog\/wp-content\/uploads\/2015\/01\/balade-vallee-aux-loups.jpg?fit=1200%2C520&ssl=1&resize=350%2C200","width":350,"height":200,"srcset":"https:\/\/i0.wp.com\/shunrize.com\/blog\/wp-content\/uploads\/2015\/01\/balade-vallee-aux-loups.jpg?fit=1200%2C520&ssl=1&resize=350%2C200 1x, https:\/\/i0.wp.com\/shunrize.com\/blog\/wp-content\/uploads\/2015\/01\/balade-vallee-aux-loups.jpg?fit=1200%2C520&ssl=1&resize=525%2C300 1.5x, https:\/\/i0.wp.com\/shunrize.com\/blog\/wp-content\/uploads\/2015\/01\/balade-vallee-aux-loups.jpg?fit=1200%2C520&ssl=1&resize=700%2C400 2x, https:\/\/i0.wp.com\/shunrize.com\/blog\/wp-content\/uploads\/2015\/01\/balade-vallee-aux-loups.jpg?fit=1200%2C520&ssl=1&resize=1050%2C600 3x"},"classes":[]},{"id":62707,"url":"https:\/\/shunrize.com\/blog\/3-jours-a-compiegne-et-ses-environs\/","url_meta":{"origin":55938,"position":2},"title":"Que faire \u00e0 Compi\u00e8gne et ses environs en 3 jours","author":"Val\u00e9rie Denise","date":"15\/09\/2020","format":false,"excerpt":"A moins d\u20191h de Paris en voiture, l\u2019Oise offre une jolie palette d\u2019activit\u00e9s pour se ressourcer. En ao\u00fbt dernier, on a donc choisi de faire une escale de 3 jours \u00e0 Compi\u00e8gne. Avec sa richesse naturelle, sa multitude de sites charg\u00e9s d\u2019Histoire et ses joyaux architecturaux, la r\u00e9gion a effectivement\u2026","rel":"","context":"Dans &quot;LIFESTYLE&quot;","block_context":{"text":"LIFESTYLE","link":"https:\/\/shunrize.com\/blog\/category\/lifestyle\/"},"img":{"alt_text":"","src":"https:\/\/i0.wp.com\/shunrize.com\/blog\/wp-content\/uploads\/2020\/09\/3-jours-a-compiegne-et-ses-environs.jpg?fit=1200%2C520&ssl=1&resize=350%2C200","width":350,"height":200,"srcset":"https:\/\/i0.wp.com\/shunrize.com\/blog\/wp-content\/uploads\/2020\/09\/3-jours-a-compiegne-et-ses-environs.jpg?fit=1200%2C520&ssl=1&resize=350%2C200 1x, https:\/\/i0.wp.com\/shunrize.com\/blog\/wp-content\/uploads\/2020\/09\/3-jours-a-compiegne-et-ses-environs.jpg?fit=1200%2C520&ssl=1&resize=525%2C300 1.5x, https:\/\/i0.wp.com\/shunrize.com\/blog\/wp-content\/uploads\/2020\/09\/3-jours-a-compiegne-et-ses-environs.jpg?fit=1200%2C520&ssl=1&resize=700%2C400 2x, https:\/\/i0.wp.com\/shunrize.com\/blog\/wp-content\/uploads\/2020\/09\/3-jours-a-compiegne-et-ses-environs.jpg?fit=1200%2C520&ssl=1&resize=1050%2C600 3x"},"classes":[]},{"id":43970,"url":"https:\/\/shunrize.com\/blog\/visite-parc-floral-paris\/","url_meta":{"origin":55938,"position":3},"title":"Le Parc Floral de Paris","author":"Val\u00e9rie Denise","date":"06\/08\/2015","format":false,"excerpt":"Au c\u0153ur d\u2019une multitude de plantes et de fleurs, d\u00e9couvrez un v\u00e9ritable joyau urbain.","rel":"","context":"Dans &quot;LIFESTYLE&quot;","block_context":{"text":"LIFESTYLE","link":"https:\/\/shunrize.com\/blog\/category\/lifestyle\/"},"img":{"alt_text":"parc floral paris","src":"https:\/\/i0.wp.com\/shunrize.com\/blog\/wp-content\/uploads\/2015\/08\/Parc-Floral-Visite.jpg?fit=1200%2C520&ssl=1&resize=350%2C200","width":350,"height":200,"srcset":"https:\/\/i0.wp.com\/shunrize.com\/blog\/wp-content\/uploads\/2015\/08\/Parc-Floral-Visite.jpg?fit=1200%2C520&ssl=1&resize=350%2C200 1x, https:\/\/i0.wp.com\/shunrize.com\/blog\/wp-content\/uploads\/2015\/08\/Parc-Floral-Visite.jpg?fit=1200%2C520&ssl=1&resize=525%2C300 1.5x, https:\/\/i0.wp.com\/shunrize.com\/blog\/wp-content\/uploads\/2015\/08\/Parc-Floral-Visite.jpg?fit=1200%2C520&ssl=1&resize=700%2C400 2x, https:\/\/i0.wp.com\/shunrize.com\/blog\/wp-content\/uploads\/2015\/08\/Parc-Floral-Visite.jpg?fit=1200%2C520&ssl=1&resize=1050%2C600 3x"},"classes":[]},{"id":56816,"url":"https:\/\/shunrize.com\/blog\/restaurant-bourgogne-sud-paris-trinite\/","url_meta":{"origin":55938,"position":4},"title":"Restaurant Bourgogne Sud &#8211; Paris 9e","author":"Val\u00e9rie Denise","date":"14\/02\/2019","format":false,"excerpt":"Que dirais-tu d\u2019un d\u00e9licieux d\u00eener aux accents bourguignons\u00a0? D\u00e9couvert par hasard, le restaurant Bourgogne Sud est l\u2019excellente surprise de notre lundi soir. Situ\u00e9 \u00e0 proximit\u00e9 des salles de spectacle du 9e arrondissement (Casino de Paris, Grande Com\u00e9die, Th\u00e9\u00e2tre Mogador...), c\u2019est un petit bistrot o\u00f9 il vaut mieux r\u00e9server. Tables en\u2026","rel":"","context":"Dans &quot;LIFESTYLE&quot;","block_context":{"text":"LIFESTYLE","link":"https:\/\/shunrize.com\/blog\/category\/lifestyle\/"},"img":{"alt_text":"","src":"https:\/\/i0.wp.com\/shunrize.com\/blog\/wp-content\/uploads\/2019\/02\/restaurant-bourgogne-sud-paris-trinite.jpg?fit=1200%2C520&ssl=1&resize=350%2C200","width":350,"height":200,"srcset":"https:\/\/i0.wp.com\/shunrize.com\/blog\/wp-content\/uploads\/2019\/02\/restaurant-bourgogne-sud-paris-trinite.jpg?fit=1200%2C520&ssl=1&resize=350%2C200 1x, https:\/\/i0.wp.com\/shunrize.com\/blog\/wp-content\/uploads\/2019\/02\/restaurant-bourgogne-sud-paris-trinite.jpg?fit=1200%2C520&ssl=1&resize=525%2C300 1.5x, https:\/\/i0.wp.com\/shunrize.com\/blog\/wp-content\/uploads\/2019\/02\/restaurant-bourgogne-sud-paris-trinite.jpg?fit=1200%2C520&ssl=1&resize=700%2C400 2x, https:\/\/i0.wp.com\/shunrize.com\/blog\/wp-content\/uploads\/2019\/02\/restaurant-bourgogne-sud-paris-trinite.jpg?fit=1200%2C520&ssl=1&resize=1050%2C600 3x"},"classes":[]},{"id":61801,"url":"https:\/\/shunrize.com\/blog\/randonnee-boucle-des-3-parcs-de-montreuil\/","url_meta":{"origin":55938,"position":5},"title":"La boucle des 3 parcs de Montreuil","author":"Val\u00e9rie Denise","date":"11\/06\/2020","format":false,"excerpt":"Malgr\u00e9 l'urbanisation galopante, Montreuil reste une ville riche en attraits naturels. Terre d\u2019accueil de nombreuses esp\u00e8ces v\u00e9g\u00e9tales et animales, elle offre ainsi aux promeneurs de beaux sites \u00e0 traverser. Suis nous sur le PR 8. Il plonge au c\u0153ur des 3 grands parcs de Montreuil, dont une partie est en\u2026","rel":"","context":"Dans &quot;RANDOS&quot;","block_context":{"text":"RANDOS","link":"https:\/\/shunrize.com\/blog\/category\/randonnees\/"},"img":{"alt_text":"","src":"https:\/\/i0.wp.com\/shunrize.com\/blog\/wp-content\/uploads\/2020\/06\/randonnee-la-boucle-des-3-parcs.jpg?fit=1200%2C520&ssl=1&resize=350%2C200","width":350,"height":200,"srcset":"https:\/\/i0.wp.com\/shunrize.com\/blog\/wp-content\/uploads\/2020\/06\/randonnee-la-boucle-des-3-parcs.jpg?fit=1200%2C520&ssl=1&resize=350%2C200 1x, https:\/\/i0.wp.com\/shunrize.com\/blog\/wp-content\/uploads\/2020\/06\/randonnee-la-boucle-des-3-parcs.jpg?fit=1200%2C520&ssl=1&resize=525%2C300 1.5x, https:\/\/i0.wp.com\/shunrize.com\/blog\/wp-content\/uploads\/2020\/06\/randonnee-la-boucle-des-3-parcs.jpg?fit=1200%2C520&ssl=1&resize=700%2C400 2x, https:\/\/i0.wp.com\/shunrize.com\/blog\/wp-content\/uploads\/2020\/06\/randonnee-la-boucle-des-3-parcs.jpg?fit=1200%2C520&ssl=1&resize=1050%2C600 3x"},"classes":[]}],"jetpack_sharing_enabled":true,"_links":{"self":[{"href":"https:\/\/shunrize.com\/blog\/wp-json\/wp\/v2\/posts\/55938","targetHints":{"allow":["GET"]}}],"collection":[{"href":"https:\/\/shunrize.com\/blog\/wp-json\/wp\/v2\/posts"}],"about":[{"href":"https:\/\/shunrize.com\/blog\/wp-json\/wp\/v2\/types\/post"}],"author":[{"embeddable":true,"href":"https:\/\/shunrize.com\/blog\/wp-json\/wp\/v2\/users\/1"}],"replies":[{"embeddable":true,"href":"https:\/\/shunrize.com\/blog\/wp-json\/wp\/v2\/comments?post=55938"}],"version-history":[{"count":0,"href":"https:\/\/shunrize.com\/blog\/wp-json\/wp\/v2\/posts\/55938\/revisions"}],"wp:featuredmedia":[{"embeddable":true,"href":"https:\/\/shunrize.com\/blog\/wp-json\/wp\/v2\/media\/55951"}],"wp:attachment":[{"href":"https:\/\/shunrize.com\/blog\/wp-json\/wp\/v2\/media?parent=55938"}],"wp:term":[{"taxonomy":"category","embeddable":true,"href":"https:\/\/shunrize.com\/blog\/wp-json\/wp\/v2\/categories?post=55938"},{"taxonomy":"post_tag","embeddable":true,"href":"https:\/\/shunrize.com\/blog\/wp-json\/wp\/v2\/tags?post=55938"}],"curies":[{"name":"wp","href":"https:\/\/api.w.org\/{rel}","templated":true}]}}