{"id":55793,"date":"2018-05-31T20:22:27","date_gmt":"2018-05-31T18:22:27","guid":{"rendered":"http:\/\/shunrize.com\/blog\/?p=55793"},"modified":"2021-05-15T17:57:56","modified_gmt":"2021-05-15T15:57:56","slug":"game-of-thrones-the-touring-exhibition-paris","status":"publish","type":"post","link":"https:\/\/shunrize.com\/blog\/game-of-thrones-the-touring-exhibition-paris\/","title":{"rendered":"Game of Thrones : The Touring Exhibition"},"content":{"rendered":"\n<p><strong>Avril 2019\u2026 L\u2019attente sera longue avant la diffusion de la 8<sup>e<\/sup> et derni\u00e8re saison de <em>Game of Thrones<\/em>. Pour pallier \u00e0 cette \u00e9ternit\u00e9, HBO, OCS, GES Events et Encore Productions nous proposent d\u2019explorer le Royaume des 7 Couronnes.<\/strong><\/p>\n\n\n\n<p>D\u00e8s demain, et ce jusqu&rsquo;au 2 septembre prochain, <a href=\"https:\/\/shunrize.com\/blog\/game-of-thrones-saison-4-avant-premiere-au-grand-rex\/\" target=\"_blank\" rel=\"noreferrer noopener nofollow\" title=\"Preview : Game of Thrones \u2013 Saison 4\">Game of Thrones<\/a>\u00a0: The Touring Exhibition, l&rsquo;exposition itin\u00e9rante sur la s\u00e9rie ph\u00e9nom\u00e8ne s\u2019installe ainsi \u00e0 <strong>Paris Expo\/Porte de Versailles<\/strong>.<\/p>\n\n\n\n<h2 id=\"presentation-par-lequipe-de-la-serie\" class=\"wp-block-heading\">Pr\u00e9sentation par l&rsquo;\u00e9quipe de la s\u00e9rie<\/h2>\n\n\n\n<p>Ce matin, j\u2019ai d\u00e9couvert tout cela en avant-premi\u00e8re en pr\u00e9sence d\u2019<strong>Isaac Hempstead-Wright<\/strong> (Bran Stark), <strong>Carice Van Houten<\/strong> (Melisandre), <strong>Ian Beattie<\/strong> (Meryn Trant), <strong>Michelle Clapton<\/strong> (la costumi\u00e8re de la s\u00e9rie), <strong>Pascal Bernardin<\/strong> (Encore Productions), <strong>Robin Stapley<\/strong> (design and creative GES) et <strong>Jeff Peters<\/strong> (licensing and retail HBO).<\/p>\n\n\n\n<figure class=\"wp-block-image\"><img data-recalc-dims=\"1\" decoding=\"async\" src=\"https:\/\/i0.wp.com\/www.shunrize.com\/2018\/game-of-thrones-exhibition-conference.jpg?w=700&#038;ssl=1\" alt=\"\"\/><\/figure>\n\n\n\n<figure class=\"wp-block-image\"><img data-recalc-dims=\"1\" decoding=\"async\" src=\"https:\/\/i0.wp.com\/www.shunrize.com\/2018\/game-of-thrones-exhibition-conference-2.jpg?w=700&#038;ssl=1\" alt=\"\"\/><\/figure>\n\n\n\n<p>Ils nous ont confi\u00e9 quelques anecdotes et l\u2019immense plaisir qu\u2019ils ont eu \u00e0 travailler sur cette s\u00e9rie mythique. On a notamment appris qu\u2019\u00e0 la fin de la saison 5 l\u2019armure d\u2019Ian Beattie pesait 28 kilos et qu\u2019Isaac Hempstead-Wright comptait bien embarquer quelques souvenirs \u00e0 la fin du tournage.<br \/>Si tu n\u2019es pas sujet au mal de mer, tu peux aller voir mes vid\u00e9os de cette conf\u00e9rence sur <a href=\"https:\/\/twitter.com\/Shunrize\" target=\"_blank\" rel=\"noopener noreferrer\">mon compte Twitter<\/a>&nbsp;\ud83d\ude06<\/p>\n\n\n\n<figure class=\"wp-block-image\"><img data-recalc-dims=\"1\" decoding=\"async\" src=\"https:\/\/i0.wp.com\/www.shunrize.com\/2018\/game-of-thrones-exhibition-photocall.jpg?w=700&#038;ssl=1\" alt=\"\"\/><\/figure>\n\n\n\n<p>Apr\u00e8s un photocall o\u00f9 mon m\u00e8tre 60 ne m\u2019a franchement pas aid\u00e9, c&rsquo;est parti pour l&rsquo;expo.<\/p>\n\n\n\n<h2 id=\"bienvenue-a-westeros-essos\" class=\"wp-block-heading\">Bienvenue \u00e0 Westeros &amp; Essos<\/h2>\n\n\n\n<p>A l\u2019entr\u00e9e, une h\u00f4tesse remet un audioguide qui renseigne sur certains objets expos\u00e9s. D\u00e9cors, accessoires ou encore costumes. R\u00e9partis sur 2 000 m\u00e8tres carr\u00e9s, ils permettent de s\u2019immerger \u00e0 nouveau dans le fabuleux univers de la s\u00e9rie.<\/p>\n\n\n\n<figure class=\"wp-block-image\"><img data-recalc-dims=\"1\" decoding=\"async\" src=\"https:\/\/i0.wp.com\/www.shunrize.com\/2018\/game-of-thrones-the-touring-exhibition.jpg?w=700&#038;ssl=1\" alt=\"\"\/><\/figure>\n\n\n\n<p>L\u2019Antichambre, la Table des cartes, la Route Royale, Port-R\u00e9al, les Maisons Nobles de Westeros, la chambre Targaryen, la Demeure du noir et du Blanc, le mur\/Ch\u00e2teaunoir, Au-del\u00e0 du mur et La chambre du Tr\u00f4ne. A travers 10 espaces sc\u00e9nographiques, on se rem\u00e9more tous ces \u00e9pisodes qui nous ont fait vibrer et on s\u2019imagine dans la peau de nos h\u00e9ros pr\u00e9f\u00e9r\u00e9s.<\/p>\n\n\n\n<p>Au fur et \u00e0 mesure de la visite, je suis ainsi tomb\u00e9e amoureuse de la tenue ultra sexy d\u2019Ellaria Sand (<strong>Indira Varma<\/strong>), j\u2019ai voulu repartir avec Oathkeeper, l\u2019\u00e9p\u00e9e de Brienne de Torth (<strong>Gwendoline Christie<\/strong>), enfourcher un dragon comme Daenerys Targaryen (<strong>Emilia Clarke<\/strong>) et lutter contre les White Walkers comme un membre de la Garde de Nuit. Oui, \u00e7a carbure l\u00e0-haut&nbsp;\ud83d\ude06<\/p>\n\n\n\n<figure class=\"wp-block-image\"><img data-recalc-dims=\"1\" decoding=\"async\" src=\"https:\/\/i0.wp.com\/www.shunrize.com\/2018\/game-of-thrones-the-touring-exhibition-2.jpg?w=700&#038;ssl=1\" alt=\"\"\/><\/figure>\n\n\n\n<figure class=\"wp-block-image\"><img data-recalc-dims=\"1\" decoding=\"async\" src=\"https:\/\/i0.wp.com\/www.shunrize.com\/2018\/game-of-thrones-the-touring-exhibition-3.jpg?w=700&#038;ssl=1\" alt=\"\"\/><\/figure>\n\n\n\n<figure class=\"wp-block-image\"><img data-recalc-dims=\"1\" decoding=\"async\" src=\"https:\/\/i0.wp.com\/www.shunrize.com\/2018\/game-of-thrones-the-touring-exhibition-6.jpg?w=700&#038;ssl=1\" alt=\"\"\/><\/figure>\n\n\n\n<figure class=\"wp-block-image\"><img data-recalc-dims=\"1\" decoding=\"async\" src=\"https:\/\/i0.wp.com\/www.shunrize.com\/2018\/game-of-thrones-the-touring-exhibition-4.jpg?w=700&#038;ssl=1\" alt=\"\"\/><\/figure>\n\n\n\n<figure class=\"wp-block-image\"><img data-recalc-dims=\"1\" decoding=\"async\" src=\"https:\/\/i0.wp.com\/www.shunrize.com\/2018\/game-of-thrones-the-touring-exhibition-5.jpg?w=700&#038;ssl=1\" alt=\"\"\/><\/figure>\n\n\n\n<figure class=\"wp-block-image\"><img data-recalc-dims=\"1\" decoding=\"async\" src=\"https:\/\/i0.wp.com\/www.shunrize.com\/2018\/game-of-thrones-the-touring-exhibition-1.jpg?w=700&#038;ssl=1\" alt=\"\"\/><\/figure>\n\n\n\n<h2 id=\"de-linteractivite\" class=\"wp-block-heading\">De l&rsquo;interactivit\u00e9<\/h2>\n\n\n\n<p>Au-del\u00e0 des objets embl\u00e9matiques de Westeros et d&rsquo;Essos, on peut&nbsp;aussi :<\/p>\n\n\n\n<ul class=\"wp-block-list\"><li>Afficher son portrait sur le <strong>Mur des Visages<\/strong> (faut vraiment que je dorme \ud83d\ude06 ) &#8211; Demeure du Noir et du Blanc<\/li><li>Poser avec <strong>Ice<\/strong>, l\u2019\u00e9p\u00e9e d\u2019Eddard Stark alias Ned Stark &#8211; Bois sacr\u00e9 de Winterfell<\/li><li>Escalader le <strong>mur de glace<\/strong> &#8211; Quartier g\u00e9n\u00e9ral de la Garde de Nuit, Ch\u00e2teaunoir<\/li><li>Brandir <strong>Longclaw<\/strong>, l\u2019\u00e9p\u00e9e de Jon Snow &#8211; Quartier g\u00e9n\u00e9ral de la Garde de Nuit, Ch\u00e2teaunoir<\/li><li>S\u2019asseoir dans le <strong>Tr\u00f4ne de Fer<\/strong> &#8211; A la sortie de l\u2019expo<\/li><\/ul>\n\n\n\n<figure class=\"wp-block-image\"><img data-recalc-dims=\"1\" decoding=\"async\" src=\"https:\/\/i0.wp.com\/www.shunrize.com\/2018\/game-of-thrones-exhibition-salle-visages.jpg?w=700&#038;ssl=1\" alt=\"\"\/><\/figure>\n\n\n\n<figure class=\"wp-block-image\"><img data-recalc-dims=\"1\" decoding=\"async\" src=\"https:\/\/i0.wp.com\/www.shunrize.com\/2018\/game-of-thrones-exhibition-trone-epee.jpg?w=700&#038;ssl=1\" alt=\"\"\/><\/figure>\n\n\n\n<p>Ce n\u2019est qu\u2019un aper\u00e7u de tout ce qui t\u2019attend l\u00e0-bas. <strong>Game of Thrones : The Touring Exhibition<\/strong> a lieu tout l\u2019\u00e9t\u00e9 mais ne tarde pas trop \u00e0 prendre ta place car \u00e0 mon avis \u00e7a va partir vite. En tout cas, je suis certaine que tu kifferas autant que moi de voir ces merveilles de pr\u00e8s\u00a0\ud83d\ude09<\/p>\n\n\n\n<h2 id=\"a-retenir\" class=\"wp-block-heading\">A retenir<\/h2>\n\n\n\n<p><strong>Game of Thrones : The Touring Exhibition<\/strong><br \/>PARIS EXPO \/ Porte de Versailles, Pavillon : 2.1<br \/>Place de la Porte de Versailles 75015 Paris<br \/>Ouvert du 1<sup>er<\/sup> juin au 2 septembre 2018 &#8211; 7j\/7 de 10h \u00e0 19h<br \/>&#x1f4b0; Adulte : 19.90 \u20ac | Groupes : 16.90 \u20ac<br \/>Infos et Billetterie&nbsp;: www.gameofthronesexposition.fr<\/p>\n\n\n\n<p class=\"has-text-align-right\">\u00a9 Cr\u00e9dits Photos &#8211; Val\u00e9rie Denise<\/p>\n","protected":false},"excerpt":{"rendered":"<p>Du 1er juin au 2 septembre 2018, l&rsquo;exposition itin\u00e9rante sur la s\u00e9rie Game of Thrones s\u2019installe \u00e0 Paris Expo\/Porte de Versailles. D\u00e9cors, costumes, accessoires et animations, j\u2019ai pu la visiter en avant-premi\u00e8re. Voici un aper\u00e7u de ce qui vous attend.<\/p>\n","protected":false},"author":1,"featured_media":55794,"comment_status":"open","ping_status":"open","sticky":false,"template":"","format":"standard","meta":{"jetpack_post_was_ever_published":false,"_jetpack_newsletter_access":"","_jetpack_dont_email_post_to_subs":false,"_jetpack_newsletter_tier_id":0,"_jetpack_memberships_contains_paywalled_content":false,"csco_page_load_nextpost":"","csco_post_video_location":[],"csco_post_video_location_hash":"","csco_post_video_url":"","csco_post_video_bg_start_time":0,"csco_post_video_bg_end_time":0,"csco_post_text_color":"","_jetpack_memberships_contains_paid_content":false,"footnotes":"","jetpack_publicize_message":"","jetpack_publicize_feature_enabled":true,"jetpack_social_post_already_shared":false,"jetpack_social_options":{"image_generator_settings":{"template":"highway","default_image_id":0,"font":"","enabled":false},"version":2}},"categories":[5149],"tags":[7396,2656],"class_list":{"0":"post-55793","1":"post","2":"type-post","3":"status-publish","4":"format-standard","5":"has-post-thumbnail","7":"category-culture","8":"tag-grand-paris","9":"tag-serie-tv","10":"cs-entry","11":"cs-video-wrap"},"aioseo_notices":[],"jetpack_publicize_connections":[],"jetpack_featured_media_url":"https:\/\/i0.wp.com\/shunrize.com\/blog\/wp-content\/uploads\/2018\/05\/game-of-thrones-the-touring-exhibition-paris.jpg?fit=1385%2C600&ssl=1","jetpack-related-posts":[{"id":37922,"url":"https:\/\/shunrize.com\/blog\/game-of-thrones-saison-4-avant-premiere-au-grand-rex\/","url_meta":{"origin":55793,"position":0},"title":"Preview : Game of Thrones &#8211; Saison 4","author":"Val\u00e9rie Denise","date":"05\/04\/2014","format":false,"excerpt":"La cha\u00eene OCS diffusera la quatri\u00e8me saison de Game of Thrones \u00e0 partir du 7 avril et organisait une avant-premi\u00e8re au Grand Rex mercredi dernier, nous y \u00e9tions.","rel":"","context":"Dans &quot;CULTURE&quot;","block_context":{"text":"CULTURE","link":"https:\/\/shunrize.com\/blog\/category\/culture\/"},"img":{"alt_text":"","src":"https:\/\/i0.wp.com\/shunrize.com\/blog\/wp-content\/uploads\/2014\/04\/game-of-thrones-rex-2014.jpg?fit=1200%2C520&ssl=1&resize=350%2C200","width":350,"height":200,"srcset":"https:\/\/i0.wp.com\/shunrize.com\/blog\/wp-content\/uploads\/2014\/04\/game-of-thrones-rex-2014.jpg?fit=1200%2C520&ssl=1&resize=350%2C200 1x, https:\/\/i0.wp.com\/shunrize.com\/blog\/wp-content\/uploads\/2014\/04\/game-of-thrones-rex-2014.jpg?fit=1200%2C520&ssl=1&resize=525%2C300 1.5x, https:\/\/i0.wp.com\/shunrize.com\/blog\/wp-content\/uploads\/2014\/04\/game-of-thrones-rex-2014.jpg?fit=1200%2C520&ssl=1&resize=700%2C400 2x, https:\/\/i0.wp.com\/shunrize.com\/blog\/wp-content\/uploads\/2014\/04\/game-of-thrones-rex-2014.jpg?fit=1200%2C520&ssl=1&resize=1050%2C600 3x"},"classes":[]},{"id":38200,"url":"https:\/\/shunrize.com\/blog\/hafthor-julius-bjornsson-une-montagne-en-nfl\/","url_meta":{"origin":55793,"position":1},"title":"Game of Thrones : Une montagne en NFL ?","author":"Alexis Denise","date":"20\/05\/2014","format":false,"excerpt":"Si je vous dis : Gregor \"The Mountain\" Clegane ? En amateur averti de la s\u00e9rie Game of Thrones, vous saurez tout de suite de qui je parle. Mais saviez-vous que l\u2019homme le plus fort de Westeros, capable de trancher un homme en deux avec un seul coup d\u2019\u00e9p\u00e9e, aurait\u2026","rel":"","context":"Dans &quot;CULTURE&quot;","block_context":{"text":"CULTURE","link":"https:\/\/shunrize.com\/blog\/category\/culture\/"},"img":{"alt_text":"","src":"https:\/\/i0.wp.com\/shunrize.com\/blog\/wp-content\/uploads\/2014\/05\/Haf%C3%BEor-Julius-Bjornsson.png?fit=750%2C400&ssl=1&resize=350%2C200","width":350,"height":200,"srcset":"https:\/\/i0.wp.com\/shunrize.com\/blog\/wp-content\/uploads\/2014\/05\/Haf%C3%BEor-Julius-Bjornsson.png?fit=750%2C400&ssl=1&resize=350%2C200 1x, https:\/\/i0.wp.com\/shunrize.com\/blog\/wp-content\/uploads\/2014\/05\/Haf%C3%BEor-Julius-Bjornsson.png?fit=750%2C400&ssl=1&resize=525%2C300 1.5x, https:\/\/i0.wp.com\/shunrize.com\/blog\/wp-content\/uploads\/2014\/05\/Haf%C3%BEor-Julius-Bjornsson.png?fit=750%2C400&ssl=1&resize=700%2C400 2x"},"classes":[]},{"id":43823,"url":"https:\/\/shunrize.com\/blog\/emmy-awards-2015-les-pronostics\/","url_meta":{"origin":55793,"position":2},"title":"Emmy Awards 2015 &#8211; Les Pronostics","author":"Val\u00e9rie Denise","date":"17\/07\/2015","format":false,"excerpt":"Quelles s\u00e9ries seront r\u00e9compens\u00e9es lors des Emmy Awards, qui se tiendra le 20 septembre prochain ? D\u00e9couvrez les pronostics des experts CanalSat.","rel":"","context":"Dans &quot;CULTURE&quot;","block_context":{"text":"CULTURE","link":"https:\/\/shunrize.com\/blog\/category\/culture\/"},"img":{"alt_text":"","src":"https:\/\/i0.wp.com\/shunrize.com\/blog\/wp-content\/uploads\/2015\/07\/Emmy-Awards-2015-CanalSat.png?fit=750%2C400&ssl=1&resize=350%2C200","width":350,"height":200,"srcset":"https:\/\/i0.wp.com\/shunrize.com\/blog\/wp-content\/uploads\/2015\/07\/Emmy-Awards-2015-CanalSat.png?fit=750%2C400&ssl=1&resize=350%2C200 1x, https:\/\/i0.wp.com\/shunrize.com\/blog\/wp-content\/uploads\/2015\/07\/Emmy-Awards-2015-CanalSat.png?fit=750%2C400&ssl=1&resize=525%2C300 1.5x, https:\/\/i0.wp.com\/shunrize.com\/blog\/wp-content\/uploads\/2015\/07\/Emmy-Awards-2015-CanalSat.png?fit=750%2C400&ssl=1&resize=700%2C400 2x"},"classes":[]},{"id":41719,"url":"https:\/\/shunrize.com\/blog\/golden-globes-2015-les-nominations\/","url_meta":{"origin":55793,"position":3},"title":"Golden Globes 2015 : les nominations","author":"Val\u00e9rie Denise","date":"11\/12\/2014","format":false,"excerpt":"Ce jeudi, l'Association de la presse \u00e9trang\u00e8re annon\u00e7ait les nominations pour la prochaine c\u00e9r\u00e9monie des Golden Globes, qui aura lieu le 11 janvier 2015.","rel":"","context":"Dans &quot;CULTURE&quot;","block_context":{"text":"CULTURE","link":"https:\/\/shunrize.com\/blog\/category\/culture\/"},"img":{"alt_text":"","src":"https:\/\/i0.wp.com\/shunrize.com\/blog\/wp-content\/uploads\/2014\/12\/Golden-Globes.jpg?fit=1200%2C520&ssl=1&resize=350%2C200","width":350,"height":200,"srcset":"https:\/\/i0.wp.com\/shunrize.com\/blog\/wp-content\/uploads\/2014\/12\/Golden-Globes.jpg?fit=1200%2C520&ssl=1&resize=350%2C200 1x, https:\/\/i0.wp.com\/shunrize.com\/blog\/wp-content\/uploads\/2014\/12\/Golden-Globes.jpg?fit=1200%2C520&ssl=1&resize=525%2C300 1.5x, https:\/\/i0.wp.com\/shunrize.com\/blog\/wp-content\/uploads\/2014\/12\/Golden-Globes.jpg?fit=1200%2C520&ssl=1&resize=700%2C400 2x, https:\/\/i0.wp.com\/shunrize.com\/blog\/wp-content\/uploads\/2014\/12\/Golden-Globes.jpg?fit=1200%2C520&ssl=1&resize=1050%2C600 3x"},"classes":[]},{"id":54257,"url":"https:\/\/shunrize.com\/blog\/cole-sprouse-photography\/","url_meta":{"origin":55793,"position":4},"title":"Cole Sprouse, l&rsquo;\u00e9chapp\u00e9e belle","author":"Val\u00e9rie Denise","date":"25\/11\/2017","format":false,"excerpt":"It boy aux millions de followers, l\u2019acteur incarnant Jughead dans la s\u00e9rie Riverdale est aussi un talentueux photographe. D\u00e9couvrez quelques-uns de ses clich\u00e9s.","rel":"","context":"Dans &quot;CULTURE&quot;","block_context":{"text":"CULTURE","link":"https:\/\/shunrize.com\/blog\/category\/culture\/"},"img":{"alt_text":"cole sprouse portrait par Diana Silvers","src":"https:\/\/i0.wp.com\/shunrize.com\/blog\/wp-content\/uploads\/2017\/11\/Cole-Sprouse-by-Diana-Silvers.jpg?fit=1200%2C520&ssl=1&resize=350%2C200","width":350,"height":200,"srcset":"https:\/\/i0.wp.com\/shunrize.com\/blog\/wp-content\/uploads\/2017\/11\/Cole-Sprouse-by-Diana-Silvers.jpg?fit=1200%2C520&ssl=1&resize=350%2C200 1x, https:\/\/i0.wp.com\/shunrize.com\/blog\/wp-content\/uploads\/2017\/11\/Cole-Sprouse-by-Diana-Silvers.jpg?fit=1200%2C520&ssl=1&resize=525%2C300 1.5x, https:\/\/i0.wp.com\/shunrize.com\/blog\/wp-content\/uploads\/2017\/11\/Cole-Sprouse-by-Diana-Silvers.jpg?fit=1200%2C520&ssl=1&resize=700%2C400 2x, https:\/\/i0.wp.com\/shunrize.com\/blog\/wp-content\/uploads\/2017\/11\/Cole-Sprouse-by-Diana-Silvers.jpg?fit=1200%2C520&ssl=1&resize=1050%2C600 3x"},"classes":[]},{"id":38050,"url":"https:\/\/shunrize.com\/blog\/red-road-sundance-channel\/","url_meta":{"origin":55793,"position":5},"title":"Preview : The Red Road","author":"Val\u00e9rie Denise","date":"23\/04\/2014","format":false,"excerpt":"Club de l\u2019\u00c9toile \u00e0 Paris, le 11 mars dernier. Jason Momoa et sa femme Lisa Bonnet avaient fait le d\u00e9placement dans notre capitale pour la pr\u00e9sentation de leur nouvelle s\u00e9rie The Red Road. Fort sympathique et facilement abordable, l\u2019impressionnant hawa\u00efen de 34 ans qui campe Khal Drogo dans les deux\u2026","rel":"","context":"Dans &quot;CULTURE&quot;","block_context":{"text":"CULTURE","link":"https:\/\/shunrize.com\/blog\/category\/culture\/"},"img":{"alt_text":"","src":"https:\/\/i0.wp.com\/shunrize.com\/blog\/wp-content\/uploads\/2014\/04\/The-Red-Road.jpg?fit=1200%2C520&ssl=1&resize=350%2C200","width":350,"height":200,"srcset":"https:\/\/i0.wp.com\/shunrize.com\/blog\/wp-content\/uploads\/2014\/04\/The-Red-Road.jpg?fit=1200%2C520&ssl=1&resize=350%2C200 1x, https:\/\/i0.wp.com\/shunrize.com\/blog\/wp-content\/uploads\/2014\/04\/The-Red-Road.jpg?fit=1200%2C520&ssl=1&resize=525%2C300 1.5x, https:\/\/i0.wp.com\/shunrize.com\/blog\/wp-content\/uploads\/2014\/04\/The-Red-Road.jpg?fit=1200%2C520&ssl=1&resize=700%2C400 2x, https:\/\/i0.wp.com\/shunrize.com\/blog\/wp-content\/uploads\/2014\/04\/The-Red-Road.jpg?fit=1200%2C520&ssl=1&resize=1050%2C600 3x"},"classes":[]}],"jetpack_sharing_enabled":true,"_links":{"self":[{"href":"https:\/\/shunrize.com\/blog\/wp-json\/wp\/v2\/posts\/55793","targetHints":{"allow":["GET"]}}],"collection":[{"href":"https:\/\/shunrize.com\/blog\/wp-json\/wp\/v2\/posts"}],"about":[{"href":"https:\/\/shunrize.com\/blog\/wp-json\/wp\/v2\/types\/post"}],"author":[{"embeddable":true,"href":"https:\/\/shunrize.com\/blog\/wp-json\/wp\/v2\/users\/1"}],"replies":[{"embeddable":true,"href":"https:\/\/shunrize.com\/blog\/wp-json\/wp\/v2\/comments?post=55793"}],"version-history":[{"count":0,"href":"https:\/\/shunrize.com\/blog\/wp-json\/wp\/v2\/posts\/55793\/revisions"}],"wp:featuredmedia":[{"embeddable":true,"href":"https:\/\/shunrize.com\/blog\/wp-json\/wp\/v2\/media\/55794"}],"wp:attachment":[{"href":"https:\/\/shunrize.com\/blog\/wp-json\/wp\/v2\/media?parent=55793"}],"wp:term":[{"taxonomy":"category","embeddable":true,"href":"https:\/\/shunrize.com\/blog\/wp-json\/wp\/v2\/categories?post=55793"},{"taxonomy":"post_tag","embeddable":true,"href":"https:\/\/shunrize.com\/blog\/wp-json\/wp\/v2\/tags?post=55793"}],"curies":[{"name":"wp","href":"https:\/\/api.w.org\/{rel}","templated":true}]}}