{"id":54862,"date":"2018-01-22T22:02:32","date_gmt":"2018-01-22T21:02:32","guid":{"rendered":"http:\/\/shunrize.com\/blog\/?p=54862"},"modified":"2022-11-24T11:24:34","modified_gmt":"2022-11-24T10:24:34","slug":"dejeuner-au-cafe-de-la-paix-paris-opera","status":"publish","type":"post","link":"https:\/\/shunrize.com\/blog\/dejeuner-au-cafe-de-la-paix-paris-opera\/","title":{"rendered":"D\u00e9jeuner hivernal au Caf\u00e9 de la Paix &#8211; Paris 9e"},"content":{"rendered":"\n<p><strong>Aujourd\u2019hui, nous partons \u00e0 la d\u00e9couverte des saveurs hivernales imagin\u00e9es par le Chef \u00e9toil\u00e9 Laurent Andr\u00e9. Direction le Caf\u00e9 de la Paix situ\u00e9 sur la place de l\u2019Op\u00e9ra de Paris, \u00e0 l\u2019angle du boulevard des Capucines.<\/strong><\/p>\n\n\n\n<p>Combien de fois sommes-nous pass\u00e9s devant sans oser y entrer ? Vu sa notori\u00e9t\u00e9, on l\u2019imaginait trop guind\u00e9 ou encore pi\u00e8ge \u00e0 touristes. Acteur de la vie parisienne depuis 1862, ce mythique caf\u00e9 a eu parmi ses c\u00e9l\u00e8bres habitu\u00e9s <strong>Oscar Wilde<\/strong>, <strong>Flaubert<\/strong>, <strong>Zola<\/strong>, <strong>Maupassant<\/strong>&#8230; C\u00e9l\u00e9br\u00e9 par <strong>Walt Disney<\/strong> dans <em>Les Aristochats<\/em>, il h\u00e9bergea \u00e9galement dans ses sous-sols en 1896 les projections d\u2019<strong>Eug\u00e8ne Pirou<\/strong> qui exploita notamment l&rsquo;un des premiers films \u00e9rotiques (<em>Le coucher de la mari\u00e9e <\/em>d&rsquo;<strong>Albert Kirchner<\/strong>).<\/p>\n\n\n\n<figure class=\"wp-block-image is-style-default\"><img data-recalc-dims=\"1\" decoding=\"async\" src=\"https:\/\/i0.wp.com\/www.shunrize.com\/2018\/cafe-de-la-paix-place-opera-paris.jpg?w=700&#038;ssl=1\" alt=\"\"\/><\/figure>\n\n\n\n<h2 id=\"les-lieux\" class=\"wp-block-heading\">Les lieux &#x2744;<\/h2>\n\n\n\n<p class=\"has-text-align-left\">Au rez-de-chauss\u00e9e d&rsquo;un luxueux immeuble haussmannien abritant l\u2019<strong>Intercontinental Paris Le Grand<\/strong>. Un immense sapin de <a href=\"https:\/\/shunrize.com\/blog\/tea-time-de-noel-hotel-scribe-paris-opera\/\" target=\"_blank\" rel=\"noopener nofollow\" title=\"Tea Time de No\u00ebl au Scribe Op\u00e9ra \u2013 Paris 9e\">No\u00ebl<\/a> tr\u00f4ne \u00e0 l\u2019accueil. R\u00e9alis\u00e9es par la parfumerie <strong>Fragonard<\/strong>, ses d\u00e9corations s\u2019inspirent des imprim\u00e9s du Mus\u00e9e Proven\u00e7al du Costume et du Bijou. Moulures, colonnes, lustres, plafonds peints, fresques class\u00e9es aux murs. Cet antique \u00e9crin lui donne tout de suite une ambiance feutr\u00e9e tr\u00e8s agr\u00e9able.<\/p>\n\n\n<div class=\"wp-block-image is-style-default\">\n<figure class=\"aligncenter\"><img data-recalc-dims=\"1\" decoding=\"async\" src=\"https:\/\/i0.wp.com\/www.shunrize.com\/2018\/cafe-de-la-paix-christmas-tree-fragonard.jpg?w=700&#038;ssl=1\" alt=\"\"\/><\/figure>\n<\/div>\n\n<div class=\"wp-block-image is-style-default\">\n<figure class=\"aligncenter\"><img data-recalc-dims=\"1\" decoding=\"async\" src=\"https:\/\/i0.wp.com\/www.shunrize.com\/2018\/cafe-de-la-paix-restaurant.jpg?w=700&#038;ssl=1\" alt=\"\"\/><\/figure>\n<\/div>\n\n\n<h2 id=\"un-bel-accueil-de-belles-assiettes\" class=\"wp-block-heading\">Un bel accueil, de belles assiettes &#x2744;<\/h2>\n\n\n\n<p class=\"has-text-align-left\">Premier bon point. Bien que la client\u00e8le afflue sans cesse, le personnel reste souriant et professionnel. S\u2019informant r\u00e9guli\u00e8rement de notre bien-\u00eatre, il prend aussi le temps de nous d\u00e9tailler les plats.<\/p>\n\n\n\n<p class=\"has-text-align-left\">Con\u00e7us \u00e0 partir de produits frais et de saison, les plats sont \u00e0 97% \u00abfait maison\u00bb. Au lendemain de No\u00ebl, on d\u00e9cide de se faire plaisir en commen\u00e7ant par une demi-douzaine d\u2019Huitres Gillardeau \u00ae et le velout\u00e9 du jour qui m\u00eale truffe et foie gras. Un vrai r\u00e9gal&nbsp;!<\/p>\n\n\n<div class=\"wp-block-image is-style-default\">\n<figure class=\"aligncenter\"><img data-recalc-dims=\"1\" decoding=\"async\" src=\"https:\/\/i0.wp.com\/www.shunrize.com\/2018\/cafe-de-la-paix-menu-hiver-entrees.jpg?w=700&#038;ssl=1\" alt=\"\"\/><\/figure>\n<\/div>\n\n\n<p class=\"has-text-align-left\">Le tempo entre les plats est impeccable. On continue notre odyss\u00e9e gastronomique avec un succulent saumon d\u2019Islande grill\u00e9 et un paleron de b\u0153uf \u00abBlack Angus\u00bb parfaitement cuit. En revanche, je ne suis toujours pas fan des patates \u00e0 la vapeur.<\/p>\n\n\n<div class=\"wp-block-image is-style-default\">\n<figure class=\"aligncenter\"><img data-recalc-dims=\"1\" decoding=\"async\" src=\"https:\/\/i0.wp.com\/www.shunrize.com\/2018\/cafe-de-la-paix-menu-hiver.jpg?w=700&#038;ssl=1\" alt=\"\"\/><\/figure>\n<\/div>\n\n\n<p class=\"has-text-align-left\">En guise de dessert, Alex se contente d\u2019un caf\u00e9. Je me laisse tenter par un classique de la p\u00e2tisserie fran\u00e7aise\u00a0: l\u2019op\u00e9ra revisit\u00e9 par <strong>Sophie de Bernardi<\/strong>, la nouvelle chef p\u00e2tissi\u00e8re, qui fit ses classes aupr\u00e8s de <strong>Michel Troisgros<\/strong>. Et tandis que je d\u00e9guste ma douceur chocolat\u00e9e, Alex a la surprise de voir son expresso accompagn\u00e9 de deux cl\u00e9mentines et madeleines. Chouette attention !<\/p>\n\n\n<div class=\"wp-block-image is-style-default\">\n<figure class=\"aligncenter\"><img data-recalc-dims=\"1\" decoding=\"async\" src=\"https:\/\/i0.wp.com\/www.shunrize.com\/2018\/cafe-de-la-paix-desserts.jpg?w=700&#038;ssl=1\" alt=\"\"\/><\/figure>\n<\/div>\n\n\n<h2 id=\"a-retenir\" class=\"wp-block-heading\">A retenir &#x2744;\u00a0<\/h2>\n\n\n\n<p class=\"has-text-align-left\">Id\u00e9al pour un d\u00e9jeuner chic et romantique, le Caf\u00e9 de la Paix a autant ravi nos papilles que nos yeux. D\u00e9mocratisant la gastronomie traditionnelle gr\u00e2ce \u00e0 des tarifs accessibles (menu plat-dessert \u00e0 39\u20ac), cet \u00e9tablissement class\u00e9 au monument historique a \u00e9galement fait plaisir \u00e0 notre portefeuille. Conquis, on pense m\u00eame revenir lorsqu&rsquo;il fera beau afin de profiter de sa verri\u00e8re .<br \/>Notez enfin qu\u2019ici la r\u00e9servation est fortement conseill\u00e9e.<\/p>\n\n\n\n<h2 id=\"menu-dhiver\" class=\"wp-block-heading\">Menu d&rsquo;Hiver &#x2744;<\/h2>\n\n\n\n<ul class=\"wp-block-list\">\n<li>Suggestion du jour : Velout\u00e9 de panais \u00e0 la truffe avec sa cane r\u00f4tie et son foie gras<\/li>\n\n\n\n<li>6 Hu\u00eetres Gillardeau Creuses n\u00b03<\/li>\n\n\n\n<li>Dos de saumon d\u2019Islande grill\u00e9 et pommes vapeur, sauce oseille<\/li>\n\n\n\n<li>Paleron de \u00abBlack Angus\u00bb et pommes de terre r\u00f4ties ail et citron, b\u00e9arnaise<\/li>\n\n\n\n<li>Op\u00e9ra caf\u00e9<\/li>\n\n\n\n<li>Caf\u00e9<\/li>\n\n\n\n<li>1 bouteille d\u2019eau p\u00e9tillante<br \/><span style=\"text-decoration: underline;\">Total<\/span> : 121\u20ac<\/li>\n<\/ul>\n\n\n\n<hr class=\"wp-block-separator has-alpha-channel-opacity\"\/>\n\n\n\n<p><strong>Caf\u00e9 de la Paix<\/strong><br \/>5, place de l&rsquo;Op\u00e9ra 75009 Paris<br \/>Horaires : 12h00 \u00e0 15h00 et de 18h00 \u00e0 23h30<br \/>R\u00e9servation : 01 40 07 36 36 | reservation@cafedelapaix.fr<br \/><a href=\"https:\/\/www.cafedelapaix.fr\/fr\/\" target=\"_blank\" rel=\"noopener nofollow\" title=\"www.cafedelapaix.fr\">www.cafedelapaix.fr<\/a><br \/>&#x1f4b0; Menu d&rsquo;Hiver \u00e0 partir de 39\u20ac\/personne<br \/><\/p>\n","protected":false},"excerpt":{"rendered":"<p>Avis sur le menu d\u2019Hiver du Caf\u00e9 de la Paix, une authentique institution parisienne situ\u00e9e en face de l\u2019Op\u00e9ra Garnier et class\u00e9e monument historique depuis plus de 150 ans. <\/p>\n","protected":false},"author":1,"featured_media":54865,"comment_status":"open","ping_status":"open","sticky":false,"template":"","format":"standard","meta":{"jetpack_post_was_ever_published":false,"_jetpack_newsletter_access":"","_jetpack_dont_email_post_to_subs":false,"_jetpack_newsletter_tier_id":0,"_jetpack_memberships_contains_paywalled_content":false,"csco_page_load_nextpost":"","csco_post_video_location":[],"csco_post_video_location_hash":"","csco_post_video_url":"","csco_post_video_bg_start_time":0,"csco_post_video_bg_end_time":0,"csco_post_text_color":"","_jetpack_memberships_contains_paid_content":false,"footnotes":"","jetpack_publicize_message":"","jetpack_publicize_feature_enabled":true,"jetpack_social_post_already_shared":false,"jetpack_social_options":{"image_generator_settings":{"template":"highway","default_image_id":0,"font":"","enabled":false},"version":2}},"categories":[2002],"tags":[7396,7351],"class_list":{"0":"post-54862","1":"post","2":"type-post","3":"status-publish","4":"format-standard","5":"has-post-thumbnail","7":"category-lifestyle","8":"tag-grand-paris","9":"tag-restaurant","10":"cs-entry","11":"cs-video-wrap"},"aioseo_notices":[],"jetpack_publicize_connections":[],"jetpack_featured_media_url":"https:\/\/i0.wp.com\/shunrize.com\/blog\/wp-content\/uploads\/2018\/01\/cafe-de-la-paix-avis-dejeuner.jpg?fit=1385%2C600&ssl=1","jetpack-related-posts":[{"id":20763,"url":"https:\/\/shunrize.com\/blog\/geek-kids-party-2\/","url_meta":{"origin":54862,"position":0},"title":"Geek Kids Party #2","author":"Val\u00e9rie Denise","date":"09\/05\/2011","format":false,"excerpt":"Fanny Bouton notamment organisatrice des Fanny's Party, soir\u00e9es parisiennes r\u00e9serv\u00e9s aux geeks, vous propose cette fois-ci de venir accompagn\u00e9 de vos enfants \u00e0 la seconde \u00e9dition de la Kid Geeks Party. Le dimanche 15 mai, au 1er \u00e9tage du Hard Rock Caf\u00e9, partagez tout un apr\u00e8s-midi votre d\u00e9vorante passion pour\u2026","rel":"","context":"Dans &quot;LIFESTYLE&quot;","block_context":{"text":"LIFESTYLE","link":"https:\/\/shunrize.com\/blog\/category\/lifestyle\/"},"img":{"alt_text":"","src":"https:\/\/i0.wp.com\/shunrize.com\/blog\/wp-content\/uploads\/2010\/12\/fannys-party.jpg?fit=628%2C356&ssl=1&resize=350%2C200","width":350,"height":200,"srcset":"https:\/\/i0.wp.com\/shunrize.com\/blog\/wp-content\/uploads\/2010\/12\/fannys-party.jpg?fit=628%2C356&ssl=1&resize=350%2C200 1x, https:\/\/i0.wp.com\/shunrize.com\/blog\/wp-content\/uploads\/2010\/12\/fannys-party.jpg?fit=628%2C356&ssl=1&resize=525%2C300 1.5x"},"classes":[]},{"id":43797,"url":"https:\/\/shunrize.com\/blog\/le-138-paris-12e\/","url_meta":{"origin":54862,"position":1},"title":"Le 138 \u2013 Paris 12e","author":"Val\u00e9rie Denise","date":"16\/07\/2015","format":false,"excerpt":"Amateur de cadre atypique, Le 138 devrait sans doute vous plaire. Situ\u00e9 \u00e0 l'angle de la rue du faubourg Saint-Antoine et de la rue Aligre dans le 12e arrondissement de Paris, ce caf\u00e9-restaurant jouit effectivement d\u2019une d\u00e9coration chaotique pour le moins originale. Fauteuils baroques en velours, canap\u00e9s en cuir capitonn\u00e9\u2026","rel":"","context":"Dans &quot;LIFESTYLE&quot;","block_context":{"text":"LIFESTYLE","link":"https:\/\/shunrize.com\/blog\/category\/lifestyle\/"},"img":{"alt_text":"","src":"https:\/\/i0.wp.com\/shunrize.com\/blog\/wp-content\/uploads\/2015\/07\/Le-138.png?fit=750%2C400&ssl=1&resize=350%2C200","width":350,"height":200,"srcset":"https:\/\/i0.wp.com\/shunrize.com\/blog\/wp-content\/uploads\/2015\/07\/Le-138.png?fit=750%2C400&ssl=1&resize=350%2C200 1x, https:\/\/i0.wp.com\/shunrize.com\/blog\/wp-content\/uploads\/2015\/07\/Le-138.png?fit=750%2C400&ssl=1&resize=525%2C300 1.5x, https:\/\/i0.wp.com\/shunrize.com\/blog\/wp-content\/uploads\/2015\/07\/Le-138.png?fit=750%2C400&ssl=1&resize=700%2C400 2x"},"classes":[]},{"id":43852,"url":"https:\/\/shunrize.com\/blog\/le-cafe-serpente-chartres\/","url_meta":{"origin":54862,"position":2},"title":"Le Caf\u00e9 Serpente &#8211; Chartres","author":"Val\u00e9rie Denise","date":"27\/07\/2015","format":false,"excerpt":"Notre avis sur Le Caf\u00e9 Serpente, un restaurant - Salon de th\u00e9 du centre-ville de Chartres","rel":"","context":"Dans &quot;LIFESTYLE&quot;","block_context":{"text":"LIFESTYLE","link":"https:\/\/shunrize.com\/blog\/category\/lifestyle\/"},"img":{"alt_text":"","src":"https:\/\/i0.wp.com\/shunrize.com\/blog\/wp-content\/uploads\/2015\/07\/Cafe-Serpente-Chartres.jpg?fit=1200%2C520&ssl=1&resize=350%2C200","width":350,"height":200,"srcset":"https:\/\/i0.wp.com\/shunrize.com\/blog\/wp-content\/uploads\/2015\/07\/Cafe-Serpente-Chartres.jpg?fit=1200%2C520&ssl=1&resize=350%2C200 1x, https:\/\/i0.wp.com\/shunrize.com\/blog\/wp-content\/uploads\/2015\/07\/Cafe-Serpente-Chartres.jpg?fit=1200%2C520&ssl=1&resize=525%2C300 1.5x, https:\/\/i0.wp.com\/shunrize.com\/blog\/wp-content\/uploads\/2015\/07\/Cafe-Serpente-Chartres.jpg?fit=1200%2C520&ssl=1&resize=700%2C400 2x, https:\/\/i0.wp.com\/shunrize.com\/blog\/wp-content\/uploads\/2015\/07\/Cafe-Serpente-Chartres.jpg?fit=1200%2C520&ssl=1&resize=1050%2C600 3x"},"classes":[]},{"id":49322,"url":"https:\/\/shunrize.com\/blog\/tea-time-noel-meurice-paris\/","url_meta":{"origin":54862,"position":3},"title":"Tea Time de No\u00ebl au Meurice &#8211; Paris 1er","author":"Val\u00e9rie Denise","date":"24\/12\/2016","format":false,"excerpt":"Alex et moi c\u00e9l\u00e9brons notre anniversaire d\u2019amoureux le 21 d\u00e9cembre. L\u2019an dernier, il m\u2019a emmen\u00e9e admirer pour la premi\u00e8re fois de ma vie les lumi\u00e8res de Paris du haut de la Tour Eiffel. Pour nos 9 ann\u00e9es de vie commune, j'avais forc\u00e9ment envie de lui mettre aussi des \u00e9toiles dans\u2026","rel":"","context":"Dans &quot;LIFESTYLE&quot;","block_context":{"text":"LIFESTYLE","link":"https:\/\/shunrize.com\/blog\/category\/lifestyle\/"},"img":{"alt_text":"Meurice tea time de No\u00ebl","src":"https:\/\/i0.wp.com\/shunrize.com\/blog\/wp-content\/uploads\/2016\/12\/le-meurice-christmas-tea-time.jpg?fit=1200%2C520&ssl=1&resize=350%2C200","width":350,"height":200,"srcset":"https:\/\/i0.wp.com\/shunrize.com\/blog\/wp-content\/uploads\/2016\/12\/le-meurice-christmas-tea-time.jpg?fit=1200%2C520&ssl=1&resize=350%2C200 1x, https:\/\/i0.wp.com\/shunrize.com\/blog\/wp-content\/uploads\/2016\/12\/le-meurice-christmas-tea-time.jpg?fit=1200%2C520&ssl=1&resize=525%2C300 1.5x, https:\/\/i0.wp.com\/shunrize.com\/blog\/wp-content\/uploads\/2016\/12\/le-meurice-christmas-tea-time.jpg?fit=1200%2C520&ssl=1&resize=700%2C400 2x, https:\/\/i0.wp.com\/shunrize.com\/blog\/wp-content\/uploads\/2016\/12\/le-meurice-christmas-tea-time.jpg?fit=1200%2C520&ssl=1&resize=1050%2C600 3x"},"classes":[]},{"id":40059,"url":"https:\/\/shunrize.com\/blog\/halloween-2014-sorties-evenements\/","url_meta":{"origin":54862,"position":4},"title":"Halloween 2014 : Que faire ce soir-l\u00e0 \u00e0 Paris ?","author":"Val\u00e9rie Denise","date":"21\/10\/2014","format":false,"excerpt":"Vous cherchez quoi faire la nuit du 31 octobre 2014 ? Demandez le programme !","rel":"","context":"Dans &quot;DEVIANT ZONE&quot;","block_context":{"text":"DEVIANT ZONE","link":"https:\/\/shunrize.com\/blog\/category\/deviant-zone\/"},"img":{"alt_text":"","src":"https:\/\/i0.wp.com\/shunrize.com\/blog\/wp-content\/uploads\/2009\/10\/Happy-Halloween.jpg?fit=1200%2C520&ssl=1&resize=350%2C200","width":350,"height":200,"srcset":"https:\/\/i0.wp.com\/shunrize.com\/blog\/wp-content\/uploads\/2009\/10\/Happy-Halloween.jpg?fit=1200%2C520&ssl=1&resize=350%2C200 1x, https:\/\/i0.wp.com\/shunrize.com\/blog\/wp-content\/uploads\/2009\/10\/Happy-Halloween.jpg?fit=1200%2C520&ssl=1&resize=525%2C300 1.5x, https:\/\/i0.wp.com\/shunrize.com\/blog\/wp-content\/uploads\/2009\/10\/Happy-Halloween.jpg?fit=1200%2C520&ssl=1&resize=700%2C400 2x, https:\/\/i0.wp.com\/shunrize.com\/blog\/wp-content\/uploads\/2009\/10\/Happy-Halloween.jpg?fit=1200%2C520&ssl=1&resize=1050%2C600 3x"},"classes":[]},{"id":37532,"url":"https:\/\/shunrize.com\/blog\/playlist-semaine-25-fevrier-2014\/","url_meta":{"origin":54862,"position":5},"title":"La Playlist de la semaine : Kid Cudi, Koriass, Chinese Man, Nosfell, London Grammar, Black Lips","author":"Val\u00e9rie Denise","date":"25\/02\/2014","format":false,"excerpt":"D\u00e9couvrez ma s\u00e9lection hebdomadaire de clips, de news et de sons, une playlist qui s\u2019\u00e9coute et qui se regarde !","rel":"","context":"Dans &quot;CULTURE&quot;","block_context":{"text":"CULTURE","link":"https:\/\/shunrize.com\/blog\/category\/culture\/"},"img":{"alt_text":"","src":"https:\/\/i0.wp.com\/shunrize.com\/blog\/wp-content\/uploads\/2014\/02\/kid-cudi.png?fit=628%2C356&ssl=1&resize=350%2C200","width":350,"height":200,"srcset":"https:\/\/i0.wp.com\/shunrize.com\/blog\/wp-content\/uploads\/2014\/02\/kid-cudi.png?fit=628%2C356&ssl=1&resize=350%2C200 1x, https:\/\/i0.wp.com\/shunrize.com\/blog\/wp-content\/uploads\/2014\/02\/kid-cudi.png?fit=628%2C356&ssl=1&resize=525%2C300 1.5x"},"classes":[]}],"jetpack_sharing_enabled":true,"_links":{"self":[{"href":"https:\/\/shunrize.com\/blog\/wp-json\/wp\/v2\/posts\/54862","targetHints":{"allow":["GET"]}}],"collection":[{"href":"https:\/\/shunrize.com\/blog\/wp-json\/wp\/v2\/posts"}],"about":[{"href":"https:\/\/shunrize.com\/blog\/wp-json\/wp\/v2\/types\/post"}],"author":[{"embeddable":true,"href":"https:\/\/shunrize.com\/blog\/wp-json\/wp\/v2\/users\/1"}],"replies":[{"embeddable":true,"href":"https:\/\/shunrize.com\/blog\/wp-json\/wp\/v2\/comments?post=54862"}],"version-history":[{"count":0,"href":"https:\/\/shunrize.com\/blog\/wp-json\/wp\/v2\/posts\/54862\/revisions"}],"wp:featuredmedia":[{"embeddable":true,"href":"https:\/\/shunrize.com\/blog\/wp-json\/wp\/v2\/media\/54865"}],"wp:attachment":[{"href":"https:\/\/shunrize.com\/blog\/wp-json\/wp\/v2\/media?parent=54862"}],"wp:term":[{"taxonomy":"category","embeddable":true,"href":"https:\/\/shunrize.com\/blog\/wp-json\/wp\/v2\/categories?post=54862"},{"taxonomy":"post_tag","embeddable":true,"href":"https:\/\/shunrize.com\/blog\/wp-json\/wp\/v2\/tags?post=54862"}],"curies":[{"name":"wp","href":"https:\/\/api.w.org\/{rel}","templated":true}]}}