{"id":54127,"date":"2017-11-16T16:28:20","date_gmt":"2017-11-16T15:28:20","guid":{"rendered":"http:\/\/shunrize.com\/blog\/?p=54127"},"modified":"2021-05-26T12:14:05","modified_gmt":"2021-05-26T10:14:05","slug":"prix-de-la-beaute-plurielle-palmares-2017","status":"publish","type":"post","link":"https:\/\/shunrize.com\/blog\/prix-de-la-beaute-plurielle-palmares-2017\/","title":{"rendered":"Prix de la Beaut\u00e9 Plurielle : palmar\u00e8s 2017"},"content":{"rendered":"\n<p><strong>Le 9 novembre dernier a eu lieu la toute premi\u00e8re \u00e9dition des Prix de la Beaut\u00e9 Plurielle au sein de L&rsquo;Appart Lafayette. Un tr\u00e8s bel \u00e9v\u00e9nement parisien initi\u00e9 par l\u2019infatigable Virginie Bapaume, fondatrice de l\u2019agence Ivy Agency et de Beaut\u00e9 Plurielle.<\/strong><\/p>\n\n\n\n<p>L\u2019objectif&nbsp;? R\u00e9compenser et mettre en avant les marques ayant compris que la beaut\u00e9 ne se limite pas \u00e0 une seule et unique repr\u00e9sentation.<\/p>\n\n\n\n<p>J\u2019avais relay\u00e9 l\u2019info sur mes r\u00e9seaux et pr\u00e9vu de Live tweeter la soir\u00e9e. Mais voil\u00e0 mon petit body a encore fait des siennes et j\u2019ai d\u00fb rester chez moi. #3615mavie. Heureusement, voici une petite vid\u00e9o donnant un aper\u00e7u de ce que j&rsquo;ai rat\u00e9. &#x1f625;<\/p>\n\n\n\n<figure class=\"wp-block-embed is-type-video is-provider-youtube wp-block-embed-youtube wp-embed-aspect-16-9 wp-has-aspect-ratio\"><div class=\"wp-block-embed__wrapper\">\n<span class=\"embed-youtube\" style=\"text-align:center; display: block;\"><iframe loading=\"lazy\" class=\"youtube-player\" width=\"700\" height=\"394\" src=\"https:\/\/www.youtube.com\/embed\/nPpSnPXTBOU?version=3&#038;rel=1&#038;showsearch=0&#038;showinfo=1&#038;iv_load_policy=1&#038;fs=1&#038;hl=fr-FR&#038;autohide=2&#038;wmode=transparent\" allowfullscreen=\"true\" style=\"border:0;\" sandbox=\"allow-scripts allow-same-origin allow-popups allow-presentation allow-popups-to-escape-sandbox\"><\/iframe><\/span>\n<\/div><\/figure>\n\n\n\n<h2 id=\"le-palmares-2017\" class=\"wp-block-heading\">Le palmar\u00e8s 2017<\/h2>\n\n\n\n<p>\u00c9paul\u00e9e par <strong>St\u00e9phanie Ursulet<\/strong> et <strong>Karine Bapaume<\/strong>, Virginie a donc s\u00e9lectionn\u00e9 15 soins et initiatives \u0153uvrant en faveur de la diversit\u00e9.<\/p>\n\n\n\n<figure class=\"wp-block-image\"><img data-recalc-dims=\"1\" decoding=\"async\" src=\"https:\/\/i0.wp.com\/www.shunrize.com\/2017\/beaute-plurielle-palmares-2017.png?w=700\" alt=\"\"\/><\/figure>\n\n\n\n<p>D\u00e9couvrez ci-dessous tous les laur\u00e9ats de cette \u00e9dition 2017 :<\/p>\n\n\n\n<ul class=\"wp-block-list\"><li><a href=\"https:\/\/aullyncosmetics.com\/\" target=\"_blank\" rel=\"noreferrer noopener nofollow\" title=\"https:\/\/aullyncosmetics.com\/\">Aullyn Cosmetics<\/a> &#8211; Le masque soin intense repair<\/li><li><strong>Phyto Specific<\/strong> &#8211; Le soin phytotraxil<\/li><\/ul>\n\n\n\n<figure class=\"wp-block-image\"><img data-recalc-dims=\"1\" decoding=\"async\" src=\"https:\/\/i0.wp.com\/www.shunrize.com\/2017\/prix-beaute-plurielle-2017-phytospecific-aullyn.jpg?w=700\" alt=\"\"\/><\/figure>\n\n\n\n<ul class=\"wp-block-list\"><li><strong>Nuhanciam<\/strong> &#8211; Le s\u00e9rum anti-taches puissance 4<\/li><li><a href=\"https:\/\/shunrize.com\/blog\/eclat-du-jour-clarins\/\" target=\"_blank\" rel=\"noreferrer noopener nofollow\" title=\"Skin in the City, le coup d\u2019\u00e9clat de Clarins\">Clarins <\/a>&#8211; Les Boosters<\/li><\/ul>\n\n\n\n<figure class=\"wp-block-image\"><img data-recalc-dims=\"1\" decoding=\"async\" src=\"https:\/\/i0.wp.com\/www.shunrize.com\/2017\/prix-beaute-plurielle-2017-clarins-nuhanciam.jpg?w=700\" alt=\"\"\/><\/figure>\n\n\n\n<ul class=\"wp-block-list\"><li><strong>Filorga<\/strong> &#8211; La cr\u00e8me universelle<\/li><li><strong>Miss Ferling<\/strong> &#8211; La cr\u00e8me ongles d\u00e9prim\u00e9s et d\u00e9primants<\/li><\/ul>\n\n\n\n<figure class=\"wp-block-image\"><img data-recalc-dims=\"1\" decoding=\"async\" src=\"https:\/\/i0.wp.com\/www.shunrize.com\/2017\/prix-beaute-plurielle-2017-miss-ferling-filorga.jpg?w=700\" alt=\"\"\/><\/figure>\n\n\n\n<ul class=\"wp-block-list\"><li><strong>AN Cosmetics<\/strong> &#8211; Le fond de teint couvrance parfaite<\/li><li><strong>Av\u00e8ne<\/strong> &#8211; Le fluide d\u00e9maquillant 3 en 1<\/li><li><strong>L\u2019Atelier Maquillage Paris<\/strong> &#8211; La bo\u00eete \u00e0 sourcils<\/li><\/ul>\n\n\n\n<figure class=\"wp-block-image\"><img data-recalc-dims=\"1\" decoding=\"async\" src=\"https:\/\/i0.wp.com\/www.shunrize.com\/2017\/prix-beaute-plurielle-2017-avene-iman-cosmetics.jpg?w=700\" alt=\"\"\/><\/figure>\n\n\n\n<ul class=\"wp-block-list\"><li><strong>Carolina B<\/strong> &#8211; L\u2019innovation soin capillaire avec son shampoing solide au karit\u00e9<\/li><li><strong>L.A pince<\/strong> &#8211; L\u2019accessoire de l\u2019ann\u00e9e<\/li><\/ul>\n\n\n\n<figure class=\"wp-block-image\"><img data-recalc-dims=\"1\" decoding=\"async\" src=\"https:\/\/i0.wp.com\/www.shunrize.com\/2017\/prix-beaute-plurielle-2017-carolinaB-lapince.jpg?w=700\" alt=\"\"\/><\/figure>\n\n\n\n<ul class=\"wp-block-list\"><li><strong>Ma coiffeuse Afro<\/strong> &#8211; L\u2019application de l\u2019ann\u00e9e<\/li><li><strong>Diouda<\/strong> &#8211; L\u2019e-shop de l\u2019ann\u00e9e<\/li><\/ul>\n\n\n\n<figure class=\"wp-block-image\"><img data-recalc-dims=\"1\" decoding=\"async\" src=\"https:\/\/i0.wp.com\/www.shunrize.com\/2017\/prix-beaute-plurielle-2017-ma-coiffure-afro-diouda.jpg?w=700\" alt=\"\"\/><\/figure>\n\n\n\n<ul class=\"wp-block-list\"><li><strong>Pant\u00e8ne<\/strong> &#8211; La campagne Strong is Beautiful<\/li><li><strong>Fenty Beauty By Rihanna<\/strong> &#8211; La campagne de l\u2019ann\u00e9e<\/li><\/ul>\n\n\n\n<p>Ce soir-l\u00e0, <em>Clarins<\/em>, <em>Nuhanciam<\/em>, <em>Aullyn Cosmetics<\/em>, <em>Iman Cosmetics<\/em>, <em>Diouda<\/em>, <em>Phytospecific<\/em>, <em>L\u2019Atelier du Maquillage Pari<\/em>s, et <em>PopMyNails<\/em> \u00e9taient pr\u00e9sents pour \u00e9changer avec l\u2019assistance. Sinc\u00e8rement, je suis ravie de voir autant d&rsquo;acteurs de la beaut\u00e9 se mobiliser et proposer des produits \u00e0 toutes les femmes.<\/p>\n\n\n\n<p>Avec l\u2019av\u00e8nement des blogs et des cha\u00eenes YouTube sp\u00e9cialis\u00e9s, les marques ne peuvent plus ignorer les voix des insatisfaites. Certes, il y a encore pas mal de boulot mais l\u2019avenir semble vraiment prometteur. D\u2019autant plus avec de chouettes concepts comme les Prix de la Beaut\u00e9 Plurielle. Vivement la prochaine \u00e9dition !<\/p>\n","protected":false},"excerpt":{"rendered":"<p>Le 9 novembre dernier a eu lieu la toute premi\u00e8re \u00e9dition des Prix de la Beaut\u00e9 Plurielle au sein de L&rsquo;Appart Lafayette. Un tr\u00e8s bel \u00e9v\u00e9nement parisien initi\u00e9 par l\u2019infatigable Virginie Bapaume, fondatrice de l\u2019agence Ivy Agency et de Beaut\u00e9 Plurielle. L\u2019objectif&nbsp;? R\u00e9compenser et mettre en avant les marques ayant compris que la beaut\u00e9 ne [&hellip;]<\/p>\n","protected":false},"author":1,"featured_media":54133,"comment_status":"open","ping_status":"open","sticky":false,"template":"","format":"standard","meta":{"jetpack_post_was_ever_published":false,"_jetpack_newsletter_access":"","_jetpack_dont_email_post_to_subs":false,"_jetpack_newsletter_tier_id":0,"_jetpack_memberships_contains_paywalled_content":false,"csco_page_load_nextpost":"","csco_post_video_location":[],"csco_post_video_location_hash":"","csco_post_video_url":"","csco_post_video_bg_start_time":0,"csco_post_video_bg_end_time":0,"csco_post_text_color":"","_jetpack_memberships_contains_paid_content":false,"footnotes":"","jetpack_publicize_message":"","jetpack_publicize_feature_enabled":true,"jetpack_social_post_already_shared":false,"jetpack_social_options":{"image_generator_settings":{"template":"highway","default_image_id":0,"font":"","enabled":false},"version":2}},"categories":[2002],"tags":[7366],"class_list":{"0":"post-54127","1":"post","2":"type-post","3":"status-publish","4":"format-standard","5":"has-post-thumbnail","7":"category-lifestyle","8":"tag-beaute","9":"cs-entry","10":"cs-video-wrap"},"aioseo_notices":[],"jetpack_publicize_connections":[],"jetpack_featured_media_url":"https:\/\/i0.wp.com\/shunrize.com\/blog\/wp-content\/uploads\/2017\/11\/beaute-plurielle-palmares-2017.jpg?fit=1385%2C600&ssl=1","jetpack-related-posts":[{"id":56435,"url":"https:\/\/shunrize.com\/blog\/prix-de-la-beaute-plurielle-2018-le-palmares\/","url_meta":{"origin":54127,"position":0},"title":"Prix de la Beaut\u00e9 Plurielle 2018 : le palmar\u00e8s","author":"Val\u00e9rie Denise","date":"14\/11\/2018","format":false,"excerpt":"Jeudi 8 novembre 2018, la seconde c\u00e9r\u00e9monie de remise des Prix de la Beaut\u00e9 Plurielle s\u2019est tenue en pr\u00e9sence de l\u2019\u00e9g\u00e9rie de marque Neomist Sandrine Qu\u00e9tier, de Miss France 2003 Corinne Coman et de nombreuses personnalit\u00e9s d\u2019Internet. Au sein du showroom parisien So.Skaia, Virginie Bapaume a r\u00e9compens\u00e9 12 soins et\u2026","rel":"","context":"Dans &quot;LIFESTYLE&quot;","block_context":{"text":"LIFESTYLE","link":"https:\/\/shunrize.com\/blog\/category\/lifestyle\/"},"img":{"alt_text":"prix de la beaut\u00e9 plurielle palmar\u00e8s 2018","src":"https:\/\/i0.wp.com\/shunrize.com\/blog\/wp-content\/uploads\/2018\/11\/prix-beaute-plurielle-2018.jpg?fit=1200%2C520&ssl=1&resize=350%2C200","width":350,"height":200,"srcset":"https:\/\/i0.wp.com\/shunrize.com\/blog\/wp-content\/uploads\/2018\/11\/prix-beaute-plurielle-2018.jpg?fit=1200%2C520&ssl=1&resize=350%2C200 1x, https:\/\/i0.wp.com\/shunrize.com\/blog\/wp-content\/uploads\/2018\/11\/prix-beaute-plurielle-2018.jpg?fit=1200%2C520&ssl=1&resize=525%2C300 1.5x, https:\/\/i0.wp.com\/shunrize.com\/blog\/wp-content\/uploads\/2018\/11\/prix-beaute-plurielle-2018.jpg?fit=1200%2C520&ssl=1&resize=700%2C400 2x, https:\/\/i0.wp.com\/shunrize.com\/blog\/wp-content\/uploads\/2018\/11\/prix-beaute-plurielle-2018.jpg?fit=1200%2C520&ssl=1&resize=1050%2C600 3x"},"classes":[]},{"id":55293,"url":"https:\/\/shunrize.com\/blog\/beaute-plurielle-mars-2018\/","url_meta":{"origin":54127,"position":1},"title":"Beaut\u00e9 Plurielle by Vivi","author":"Val\u00e9rie Denise","date":"15\/03\/2018","format":false,"excerpt":"Le 10 mars dernier, Beaut\u00e9 Plurielle a r\u00e9uni Activilong Paris, Miss Ferling, Evoluderm, Elikya et Beaut\u00e9 Insolente chez So.Skaia pour r\u00e9pondre aux probl\u00e9matiques de peau, cheveux et maquillage de 40 blogueuses et lectrices. Un joli rendez-vous riche en d\u00e9couvertes.","rel":"","context":"Dans &quot;LIFESTYLE&quot;","block_context":{"text":"LIFESTYLE","link":"https:\/\/shunrize.com\/blog\/category\/lifestyle\/"},"img":{"alt_text":"","src":"https:\/\/i0.wp.com\/shunrize.com\/blog\/wp-content\/uploads\/2018\/03\/beaute-plurielle-by-vivi-mars-2018.jpg?fit=1200%2C520&ssl=1&resize=350%2C200","width":350,"height":200,"srcset":"https:\/\/i0.wp.com\/shunrize.com\/blog\/wp-content\/uploads\/2018\/03\/beaute-plurielle-by-vivi-mars-2018.jpg?fit=1200%2C520&ssl=1&resize=350%2C200 1x, https:\/\/i0.wp.com\/shunrize.com\/blog\/wp-content\/uploads\/2018\/03\/beaute-plurielle-by-vivi-mars-2018.jpg?fit=1200%2C520&ssl=1&resize=525%2C300 1.5x, https:\/\/i0.wp.com\/shunrize.com\/blog\/wp-content\/uploads\/2018\/03\/beaute-plurielle-by-vivi-mars-2018.jpg?fit=1200%2C520&ssl=1&resize=700%2C400 2x, https:\/\/i0.wp.com\/shunrize.com\/blog\/wp-content\/uploads\/2018\/03\/beaute-plurielle-by-vivi-mars-2018.jpg?fit=1200%2C520&ssl=1&resize=1050%2C600 3x"},"classes":[]},{"id":10223,"url":"https:\/\/shunrize.com\/blog\/eclat-du-jour-clarins\/","url_meta":{"origin":54127,"position":2},"title":"Skin in the City, le coup d\u2019\u00e9clat de Clarins","author":"Val\u00e9rie Denise","date":"18\/01\/2010","format":false,"excerpt":"Depuis 1954, Clarins offre son expertise aux femmes du monde entier en commercialisant des produits cosm\u00e9tiques haut de gamme. Cette ann\u00e9e, la marque a d\u00e9cid\u00e9 de lancer une nouvelle ligne de soins destin\u00e9e aux jeunes femmes : \u00c9clat du jour. Jeudi dernier, c'est en compagnie de M\u00e9lanie Doutey que nous\u2026","rel":"","context":"Dans &quot;LIFESTYLE&quot;","block_context":{"text":"LIFESTYLE","link":"https:\/\/shunrize.com\/blog\/category\/lifestyle\/"},"img":{"alt_text":"","src":"https:\/\/i0.wp.com\/shunrize.com\/blog\/wp-content\/uploads\/2010\/01\/skin-clarins.jpg?fit=628%2C356&ssl=1&resize=350%2C200","width":350,"height":200,"srcset":"https:\/\/i0.wp.com\/shunrize.com\/blog\/wp-content\/uploads\/2010\/01\/skin-clarins.jpg?fit=628%2C356&ssl=1&resize=350%2C200 1x, https:\/\/i0.wp.com\/shunrize.com\/blog\/wp-content\/uploads\/2010\/01\/skin-clarins.jpg?fit=628%2C356&ssl=1&resize=525%2C300 1.5x"},"classes":[]},{"id":37563,"url":"https:\/\/shunrize.com\/blog\/test-mysekit-diversite\/","url_meta":{"origin":54127,"position":3},"title":"Mysekit diversit\u00e9, des kits beaut\u00e9 pour toutes !","author":"Val\u00e9rie Denise","date":"01\/03\/2014","format":false,"excerpt":"D\u00e9couvrez le fruit de la collaboration entre Mysekit et les blogueuses beaut\u00e9 Vivi LaChipie, ArtVintageGallery et Sananas","rel":"","context":"Dans &quot;LIFESTYLE&quot;","block_context":{"text":"LIFESTYLE","link":"https:\/\/shunrize.com\/blog\/category\/lifestyle\/"},"img":{"alt_text":"","src":"https:\/\/i0.wp.com\/shunrize.com\/blog\/wp-content\/uploads\/2014\/03\/Mysekit-mars-2014.jpg?fit=1200%2C520&ssl=1&resize=350%2C200","width":350,"height":200,"srcset":"https:\/\/i0.wp.com\/shunrize.com\/blog\/wp-content\/uploads\/2014\/03\/Mysekit-mars-2014.jpg?fit=1200%2C520&ssl=1&resize=350%2C200 1x, https:\/\/i0.wp.com\/shunrize.com\/blog\/wp-content\/uploads\/2014\/03\/Mysekit-mars-2014.jpg?fit=1200%2C520&ssl=1&resize=525%2C300 1.5x, https:\/\/i0.wp.com\/shunrize.com\/blog\/wp-content\/uploads\/2014\/03\/Mysekit-mars-2014.jpg?fit=1200%2C520&ssl=1&resize=700%2C400 2x, https:\/\/i0.wp.com\/shunrize.com\/blog\/wp-content\/uploads\/2014\/03\/Mysekit-mars-2014.jpg?fit=1200%2C520&ssl=1&resize=1050%2C600 3x"},"classes":[]},{"id":50292,"url":"https:\/\/shunrize.com\/blog\/blogger-for-a-cause-totebags-vivi-b-contre-lepilepsie\/","url_meta":{"origin":54127,"position":4},"title":"Blogger for a Cause : le 1er Tote-bag caritatif de Vivi B.","author":"Val\u00e9rie Denise","date":"19\/04\/2017","format":false,"excerpt":"Blogueuse, r\u00e9dactrice, cr\u00e9atrice d\u2019ateliers beaut\u00e9 ou entrepreneuse, Virginie Bapaume s\u2019est toujours employ\u00e9e \u00e0 mettre en avant la diversit\u00e9. Aujourd'hui, elle s'est lanc\u00e9 dans un projet caritatif\u00a0: Blogger for a Cause. Afin de soutenir une association, Virginie a d\u00e9cid\u00e9 de r\u00e9colter des fonds gr\u00e2ce \u00e0 la vente de Tote-bags remplis de\u2026","rel":"","context":"Dans &quot;LIFESTYLE&quot;","block_context":{"text":"LIFESTYLE","link":"https:\/\/shunrize.com\/blog\/category\/lifestyle\/"},"img":{"alt_text":"blogger for a Cause le Totebag de Vivi B. contre l\u2019\u00e9pilepsie","src":"https:\/\/i0.wp.com\/shunrize.com\/blog\/wp-content\/uploads\/2017\/04\/blogger-for-a-cause-virginie-bapaume.jpg?fit=1200%2C520&ssl=1&resize=350%2C200","width":350,"height":200,"srcset":"https:\/\/i0.wp.com\/shunrize.com\/blog\/wp-content\/uploads\/2017\/04\/blogger-for-a-cause-virginie-bapaume.jpg?fit=1200%2C520&ssl=1&resize=350%2C200 1x, https:\/\/i0.wp.com\/shunrize.com\/blog\/wp-content\/uploads\/2017\/04\/blogger-for-a-cause-virginie-bapaume.jpg?fit=1200%2C520&ssl=1&resize=525%2C300 1.5x, https:\/\/i0.wp.com\/shunrize.com\/blog\/wp-content\/uploads\/2017\/04\/blogger-for-a-cause-virginie-bapaume.jpg?fit=1200%2C520&ssl=1&resize=700%2C400 2x, https:\/\/i0.wp.com\/shunrize.com\/blog\/wp-content\/uploads\/2017\/04\/blogger-for-a-cause-virginie-bapaume.jpg?fit=1200%2C520&ssl=1&resize=1050%2C600 3x"},"classes":[]},{"id":20828,"url":"https:\/\/shunrize.com\/blog\/strivectin-sd-preparez-votre-peau-au-soleil\/","url_meta":{"origin":54127,"position":5},"title":"Strivectin-SD, Pr\u00e9parez votre peau au soleil","author":"Val\u00e9rie Denise","date":"14\/05\/2011","format":false,"excerpt":"Pr\u00eate \u00e0 accueillir l\u2019\u00e9t\u00e9 ? Strivectin nous a concoct\u00e9 un kit de soins pour nous aider \u00e0 retrouver une peau rayonnante et . Les beaux jours sont d\u00e9j\u00e0 l\u00e0 et les vacances ne vont pas tarder. Il est grand temps de nous refaire une petite beaut\u00e9 en nous d\u00e9barrassant de\u2026","rel":"","context":"Dans &quot;LIFESTYLE&quot;","block_context":{"text":"LIFESTYLE","link":"https:\/\/shunrize.com\/blog\/category\/lifestyle\/"},"img":{"alt_text":"","src":"https:\/\/i0.wp.com\/shunrize.com\/blog\/wp-content\/uploads\/2011\/05\/Strivectin-ete.jpg?fit=628%2C356&ssl=1&resize=350%2C200","width":350,"height":200,"srcset":"https:\/\/i0.wp.com\/shunrize.com\/blog\/wp-content\/uploads\/2011\/05\/Strivectin-ete.jpg?fit=628%2C356&ssl=1&resize=350%2C200 1x, https:\/\/i0.wp.com\/shunrize.com\/blog\/wp-content\/uploads\/2011\/05\/Strivectin-ete.jpg?fit=628%2C356&ssl=1&resize=525%2C300 1.5x"},"classes":[]}],"jetpack_sharing_enabled":true,"_links":{"self":[{"href":"https:\/\/shunrize.com\/blog\/wp-json\/wp\/v2\/posts\/54127","targetHints":{"allow":["GET"]}}],"collection":[{"href":"https:\/\/shunrize.com\/blog\/wp-json\/wp\/v2\/posts"}],"about":[{"href":"https:\/\/shunrize.com\/blog\/wp-json\/wp\/v2\/types\/post"}],"author":[{"embeddable":true,"href":"https:\/\/shunrize.com\/blog\/wp-json\/wp\/v2\/users\/1"}],"replies":[{"embeddable":true,"href":"https:\/\/shunrize.com\/blog\/wp-json\/wp\/v2\/comments?post=54127"}],"version-history":[{"count":0,"href":"https:\/\/shunrize.com\/blog\/wp-json\/wp\/v2\/posts\/54127\/revisions"}],"wp:featuredmedia":[{"embeddable":true,"href":"https:\/\/shunrize.com\/blog\/wp-json\/wp\/v2\/media\/54133"}],"wp:attachment":[{"href":"https:\/\/shunrize.com\/blog\/wp-json\/wp\/v2\/media?parent=54127"}],"wp:term":[{"taxonomy":"category","embeddable":true,"href":"https:\/\/shunrize.com\/blog\/wp-json\/wp\/v2\/categories?post=54127"},{"taxonomy":"post_tag","embeddable":true,"href":"https:\/\/shunrize.com\/blog\/wp-json\/wp\/v2\/tags?post=54127"}],"curies":[{"name":"wp","href":"https:\/\/api.w.org\/{rel}","templated":true}]}}