{"id":53386,"date":"2017-09-12T12:59:06","date_gmt":"2017-09-12T10:59:06","guid":{"rendered":"http:\/\/shunrize.com\/blog\/?p=53386"},"modified":"2023-04-04T10:35:38","modified_gmt":"2023-04-04T08:35:38","slug":"le-complexe-de-frankenstein-test-dvd","status":"publish","type":"post","link":"https:\/\/shunrize.com\/blog\/le-complexe-de-frankenstein-test-dvd\/","title":{"rendered":"Vid\u00e9o : Le Complexe de Frankenstein"},"content":{"rendered":"\n<p><strong>Si tu l&rsquo;as rat\u00e9 lors de sa projection au PIFFF 2015, r\u00e9jouis toi car <em>Le Complexe de Frankenstein<\/em> sera enfin disponible en DVD et Blu-ray le 27 septembre prochain.<\/strong><\/p>\n\n\n\n<p>Rick Baker, John Vulich, Phil Tippett, Kevin Yagher, Steve Johnson, Alex Gillis ou encore Greg Nicotero. Ces noms ne te disent rien ? Pourtant, ils sont les artisans des cr\u00e9atures les plus mythiques du 7<sup>e<\/sup> Art. Cin\u00e9philes de tous bords, voici donc de quoi updater tes connaissances.<\/p>\n\n\n\n<p class=\"has-text-align-center\"><img data-recalc-dims=\"1\" decoding=\"async\" src=\"https:\/\/i0.wp.com\/www.shunrize.com\/2017\/complexe-frankenstein-DVD-Bluray.jpg?w=700\"\/><br \/><strong>Genre :<\/strong> Documentaire<br \/><strong>Ann\u00e9e de Production :<\/strong> 2015<br \/><strong>Sortie en DVD et Blu-ray :<\/strong> 27 septembre 2017<br \/><strong>Distributeur :<\/strong> Carlotta Films<br \/><strong>Format \u00e9dition DVD:<\/strong> 2 DVD 9 | Master HD |PAL | Encodage MPEG-2<br \/><strong>Image DVD :<\/strong> 1.78 respect\u00e9 | 16\/9 compatible 4\/3<br \/><strong>Audio DVD et Blu-ray :<\/strong> Version Originale Dolby Digital 5.1<br \/><strong>Format \u00e9dition Blu-ray :<\/strong> BD 50 + DVD 9 | Master HD | 1080\/50i | Encodage AVC<br \/><strong>Image Blu-ray :<\/strong> 1.78 respect\u00e9<br \/><strong>Audio Blu-ray:<\/strong> Version Originale DTS-HD Master Audio 5.1<br \/><strong>Sous Titres :<\/strong> fran\u00e7ais<\/p>\n\n\n\n<p>Apr\u00e8s avoir rendu hommage au plus illustre concepteur d&rsquo;effets sp\u00e9ciaux, <strong>Alexandre Poncet<\/strong> et <strong>Gilles Penso<\/strong> (<a href=\"https:\/\/laboutique.carlottafilms.com\/products\/dvd-ray-harryhausen-le-titan-des-effets-speciaux\" target=\"_blank\" rel=\"noopener nofollow\" title=\"Ray Harryhausen, le titan des effets sp\u00e9ciaux\">Ray Harryhausen, le titan des effets sp\u00e9ciaux<\/a>) ont choisi ici de donner la parole \u00e0 ses pairs.<\/p>\n\n\n\n<figure class=\"wp-block-image is-style-default\"><img data-recalc-dims=\"1\" decoding=\"async\" src=\"https:\/\/i0.wp.com\/www.shunrize.com\/2017\/le-complexe-de-frankenstein-gilles-penso-predator.jpg?w=700\" alt=\"\"\/><\/figure>\n\n\n\n<h2 id=\"garder-son-oeil-denfant-malgre-les-delais-et-des-producteurs-capricieux\" class=\"wp-block-heading\">Garder son \u0153il d&rsquo;enfant malgr\u00e9 les d\u00e9lais et des producteurs capricieux<\/h2>\n\n\n\n<p>D\u2019avril 2013 \u00e0 mars 2015, nos deux documentaristes ont ainsi investi leurs studios pour revenir sur pr\u00e8s d\u2019un si\u00e8cle de techniques. Du maquillage artisanal aux co\u00fbteux effets g\u00e9n\u00e9r\u00e9s par ordinateur. A travers leurs souvenirs, nous percevons leur vision du m\u00e9tier et leurs influences.<\/p>\n\n\n\n<p>Rehauss\u00e9e d\u2019images d\u2019archives in\u00e9dites et d\u2019interviews de cin\u00e9astes, cette \u00e9difiante r\u00e9trospective montre aussi \u00e0 quel point il faut \u00eatre vraiment passionn\u00e9 pour travailler dans un secteur peu reconnu.<\/p>\n\n\n\n<figure class=\"wp-block-image is-style-default\"><img data-recalc-dims=\"1\" decoding=\"async\" src=\"https:\/\/i0.wp.com\/www.shunrize.com\/2017\/le-complexe-de-frankenstein-stephen-chiodo-critters.jpg?w=700\" alt=\"\"\/><\/figure>\n\n\n\n<p class=\"has-text-align-left\">J\u2019ai mat\u00e9 d\u2019une traite cet indispensable documentaire et sa tripot\u00e9e de bonus. Il m\u2019a ramen\u00e9 \u00e0 l\u2019\u00e9poque o\u00f9 je ne loupais pas un \u00e9pisode de LE CIN\u00c9MA DES EFFETS SP\u00c9CIAUX aka MOVIE MAGIC. Diffus\u00e9e entre 1996 et 2001 sur La Cinqui\u00e8me, cette s\u00e9rie am\u00e9ricaine nous donnait d\u00e9j\u00e0 un aper\u00e7u des coulisses d\u2019un art en perp\u00e9tuel \u00e9volution.<\/p>\n\n\n\n<p>Rassures toi, LE COMPLEXE DE FRANKENSTEIN ne s\u2019adresse pas uniquement aux Geeks. Il est suffisamment ludique pour ne perdre en route les non aficionados. Soutenu par la lueur malicieuse qui traverse le regard de ces grands enfants, il nous embarque vite dans un fascinant univers.<\/p>\n\n\n\n<h2 id=\"premiere-salve-de-bonus\" class=\"wp-block-heading\">Premi\u00e8re salve de bonus<\/h2>\n\n\n\n<p>Du c\u00f4t\u00e9 des bonus, nous sommes assez g\u00e2t\u00e9s avec pr\u00e8s de 3h de suppl\u00e9ments. Note que les contenus ci-dessous sont disponibles en HD uniquement sur le Blu-ray.<\/p>\n\n\n\n<p><b>\u2022 Commentaire audio des r\u00e9alisateurs<\/b><\/p>\n\n\n\n<p><b>\u2022 L&rsquo;Odyss\u00e9e de Frankenstein <\/b>(55 minutes)<br \/>Alexandre Poncet et Gilles Penso nous racontent la singuli\u00e8re gen\u00e8se de leur projet et les conditions dans lesquelles s&rsquo;est d\u00e9roul\u00e9 son tournage.<\/p>\n\n\n\n<p><b>\u2022 Artisanat num\u00e9rique <\/b>(15 minutes)<br \/>Interview de l&rsquo;\u00e9quipe de Vega Prod, la soci\u00e9t\u00e9 parisienne qui s&rsquo;est occup\u00e9e de la post-production du documentaire. De la cr\u00e9ation du g\u00e9n\u00e9rique \u00e0 la r\u00e9solution des probl\u00e8mes rencontr\u00e9s lors de la prise de vues, ils nous parlent de leur implication sur ce projet.<\/p>\n\n\n\n<p><b>\u2022 Bande originale du film<\/b><br \/>Les th\u00e8mes compos\u00e9s par Alexandre Poncet. 8 morceaux en \u00e9coute.<\/p>\n\n\n\n<p><b>\u2022 Galerie photos<\/b><br \/><b>\u2022 Bande-annonce du documentaire<\/b><\/p>\n\n\n\n<figure class=\"wp-block-image is-style-default\"><img data-recalc-dims=\"1\" decoding=\"async\" src=\"https:\/\/i0.wp.com\/www.shunrize.com\/2017\/complexe-frankenstein-poncet-penso.jpg?w=700\" alt=\"\"\/><\/figure>\n\n\n\n<h2 id=\"encore-plus-de-bonus\" class=\"wp-block-heading\">Encore plus de bonus<\/h2>\n\n\n\n<p class=\"has-text-align-left\">Commun au deux \u00e9ditions, ce DVD propose 10 autres modules. On y retrouve l&rsquo;int\u00e9gralit\u00e9 des interventions des cr\u00e9ateurs d&rsquo;effets sp\u00e9ciaux :<\/p>\n\n\n\n<p><b>\u2022 Dans l&rsquo;antre de Rick Baker<\/b> (9 minutes)<br \/>Un entretien exclusif dans les studios du maestro des effets traditionnels. Comptant 7 oscars \u00e0 actif, il a boss\u00e9 sur le clip culte de Michael Jackson THRILLER, HURLEMENTS, <a href=\"http:\/\/shunrize.com\/blog\/le-mythe-du-loup-garou\/\" target=\"_blank\" rel=\"noopener noreferrer\">Le Loup Garou de Londres<\/a> et plus r\u00e9cemment la s\u00e9rie THE STRAIN.<\/p>\n\n\n\n<p><b>\u2022 Dans l&rsquo;antre de Tom Woodruff Jr. et Alex Gillis<\/b> (13 minutes)<br \/>Laur\u00e9at d&rsquo;un oscar pour LA MORT VOUS VA SI BIEN, Tom Woodruff Jr. a travaill\u00e9 notamment sur TREMORS, ALIEN 3 ou encore STARSHIP TROOPERS avec Alex Gillis.<\/p>\n\n\n\n<p><b>\u2022 Vivre parmi les monstres : l&rsquo;art de Kevin Yagher<\/b> (14 minutes)<br \/>Connu pour son maquillage de <a href=\"http:\/\/shunrize.com\/blog\/la-saga-freddy-krueger\/\" target=\"_blank\" rel=\"noopener noreferrer\">Freddy Krueger<\/a> et la conception de la poup\u00e9e Chucky.<\/p>\n\n\n\n<p><b>\u2022 Papier Monsters : l&rsquo;art de Charlie Chiodo<\/b> (12 minutes)<br \/>On lui doit les rondouillards CRITTERS et les grotesques <a href=\"http:\/\/shunrize.com\/blog\/les-clowns-les-plus-terrifiants\/\" target=\"_blank\" rel=\"noopener noreferrer\">Clowns tueurs venus d&rsquo;ailleurs<\/a>.<\/p>\n\n\n\n<p><b>\u2022 Conversation avec Steve Johnson et John Vulich<\/b> (7 minutes)<br \/>Un \u00e9change passionnant entre Steve Johnson (SPIDER-MAN 2, ABYSS) et John Vulich (BUFFY CONTRE LES VAMPIRES, GHOULIES, LE JOUR DES MORTS-VIVANTS), d\u00e9c\u00e9d\u00e9 pr\u00e9matur\u00e9ment \u00e0 l&rsquo;\u00e2ge de 55 ans.<\/p>\n\n\n\n<figure class=\"wp-block-image is-style-default\"><img data-recalc-dims=\"1\" decoding=\"async\" src=\"https:\/\/i0.wp.com\/www.shunrize.com\/2017\/complexe-frankenstein-1.jpg?w=700\" alt=\"\"\/><\/figure>\n\n\n\n<h2 id=\"mais-aussi-celles-des-realisateurs\" class=\"wp-block-heading has-text-align-left\">Mais aussi celles des r\u00e9alisateurs<\/h2>\n\n\n\n<p><b>\u2022 La Mare aux Gremlins : rencontre avec Sacha Feiner<\/b> (10 minutes)<br \/>R\u00e9alisateur belge du court-m\u00e9trage d&rsquo;animation DERNI\u00c8RE PORTE AU SUD, il fit parl\u00e9 de lui en attirant l&rsquo;attention de Joe Dante, Rick Baker et Chris Walas avec un premier film amateur&nbsp;GREMLINS FAN FILM.<\/p>\n\n\n\n<p><b>\u2022 Plus que des hommes, moins que des dieux : entretien avec Christophe Gans<\/b> (36 minutes)<br \/>Le r\u00e9alisateur fran\u00e7ais qui d\u00e9buta en signant \u00ab\u00a0The Drowned\u00a0\u00bb, l&rsquo;un des segments de l&rsquo;anthologie <a href=\"http:\/\/shunrize.com\/blog\/h-p-lovecraft-au-cinema\/\" target=\"_blank\" rel=\"noopener noreferrer\">NECRONOMICON<\/a>, est un fantasticophile de la premi\u00e8re heure.<\/p>\n\n\n\n<p><b>\u2022 Conversation avec Joe Dante et John Landis<\/b> (6 minutes)<br \/>Le face \u00e0 face inattendu entre Joe Dante (HURLEMENTS) et John Landis (Fear Itself, LE LOUP GAROU DE LONDRES).<\/p>\n\n\n\n<p><b>\u2022 Q&amp;A avec Joe Dante, Gilles Penso et Alexandre Poncet <\/b>(19 minutes)<br \/>Au sein du cin\u00e9ma de la Guilde des r\u00e9alisateurs de Los Angeles, Joe Dante (GREMLINS) interviewe les deux documentaristes fran\u00e7ais durant le Festival Colcoa.<\/p>\n\n\n\n<p><b>\u2022 Masterclass de Guillermo Del Toro <\/b>(22 minutes)<br \/>Film\u00e9e en juillet 2016, \u00e0 l&rsquo;issue de la projection du documentaire qui avait lieu au Festival Fantasia de Montr\u00e9al.<\/p>\n\n\n\n<p>Une mine d&rsquo;informations \u00e0 s&rsquo;offrir ou \u00e0 se procurer en pr\u00e9vision d&rsquo;un cadeau de No\u00ebl. En pr\u00e9commande jusqu&rsquo;au 27 Septembre 2017 sur le site de Carlotta Films et les plateformes habituelles d&rsquo;achat en ligne.<\/p>\n\n\n<div class=\"wp-block-image is-style-default\">\n<figure class=\"alignright is-resized\"><img data-recalc-dims=\"1\" loading=\"lazy\" decoding=\"async\" src=\"https:\/\/i0.wp.com\/www.shunrize.com\/2017\/cadeau.png?resize=95%2C29\" alt=\"\" width=\"95\" height=\"29\"\/><\/figure>\n<\/div>\n\n\n<p class=\"has-text-align-right\"><\/p>\n","protected":false},"excerpt":{"rendered":"<p>Si tu l&rsquo;as rat\u00e9 lors de sa projection au PIFFF 2015, r\u00e9jouis toi car Le Complexe de Frankenstein sera enfin disponible en DVD et Blu-ray le 27 septembre prochain. Rick Baker, John Vulich, Phil Tippett, Kevin Yagher, Steve Johnson, Alex Gillis ou encore Greg Nicotero. Ces noms ne te disent rien ? Pourtant, ils sont [&hellip;]<\/p>\n","protected":false},"author":1,"featured_media":53424,"comment_status":"open","ping_status":"open","sticky":false,"template":"","format":"standard","meta":{"jetpack_post_was_ever_published":false,"_jetpack_newsletter_access":"","_jetpack_dont_email_post_to_subs":false,"_jetpack_newsletter_tier_id":0,"_jetpack_memberships_contains_paywalled_content":false,"csco_page_load_nextpost":"","csco_post_video_location":[],"csco_post_video_location_hash":"","csco_post_video_url":"","csco_post_video_bg_start_time":0,"csco_post_video_bg_end_time":0,"csco_post_text_color":"","_jetpack_memberships_contains_paid_content":false,"footnotes":"","jetpack_publicize_message":"","jetpack_publicize_feature_enabled":true,"jetpack_social_post_already_shared":false,"jetpack_social_options":{"image_generator_settings":{"template":"highway","default_image_id":0,"font":"","enabled":false},"version":2}},"categories":[7407],"tags":[7285],"class_list":{"0":"post-53386","1":"post","2":"type-post","3":"status-publish","4":"format-standard","5":"has-post-thumbnail","7":"category-deviant-zone","8":"tag-cinema","9":"cs-entry","10":"cs-video-wrap"},"aioseo_notices":[],"jetpack_publicize_connections":[],"jetpack_featured_media_url":"https:\/\/i0.wp.com\/shunrize.com\/blog\/wp-content\/uploads\/2017\/09\/le-complexe-frankenstein-sortie-DVD-Bluray.jpg?fit=1385%2C600&ssl=1","jetpack-related-posts":[{"id":22481,"url":"https:\/\/shunrize.com\/blog\/test-dvd-voir-la-mer-en-dvd-et-blu-ray-depuis-le-20-septembre\/","url_meta":{"origin":53386,"position":0},"title":"Vid\u00e9o | Voir la mer","author":"Val\u00e9rie Denise","date":"01\/10\/2011","format":false,"excerpt":"Deux fr\u00e8res d\u00e9cident de rendre visite \u00e0 leur m\u00e8re \u00e0 Saint-Jean-de-Luz. Ils ont trouv\u00e9 un motor-home d\u2019occasion, et vont faire la route au rythme du bitume, au gr\u00e9 des envies. Sauf qu'une fille attachante leur tombe dessus. Elle n\u2019a jamais vu la mer. Ils vont donc faire la route \u00e0\u2026","rel":"","context":"Dans &quot;CULTURE&quot;","block_context":{"text":"CULTURE","link":"https:\/\/shunrize.com\/blog\/category\/culture\/"},"img":{"alt_text":"","src":"https:\/\/i0.wp.com\/shunrize.com\/blog\/wp-content\/uploads\/2011\/10\/voir-la-mer-preview.jpg?fit=600%2C405&ssl=1&resize=350%2C200","width":350,"height":200,"srcset":"https:\/\/i0.wp.com\/shunrize.com\/blog\/wp-content\/uploads\/2011\/10\/voir-la-mer-preview.jpg?fit=600%2C405&ssl=1&resize=350%2C200 1x, https:\/\/i0.wp.com\/shunrize.com\/blog\/wp-content\/uploads\/2011\/10\/voir-la-mer-preview.jpg?fit=600%2C405&ssl=1&resize=525%2C300 1.5x"},"classes":[]},{"id":49418,"url":"https:\/\/shunrize.com\/blog\/comancheria-gagnez-dvd-et-blu-ray\/","url_meta":{"origin":53386,"position":1},"title":"Concours : gagnez des DVD et Blu-ray de Comancheria","author":"Val\u00e9rie Denise","date":"23\/01\/2017","format":false,"excerpt":"Apr\u00e8s une plong\u00e9e percutante dans l\u2019univers carc\u00e9ral, David Mackenzie (LES POINGS CONTRE LES MURS) nous entraine dans l'Ouest cr\u00e9pusculaire des \u00c9tats-Unis avec COMANCHERIA. Disponible en DVD, Blu-ray et VOD d\u00e8s le 25 janvier prochain, ce western contemporain suit ainsi deux fr\u00e8res braqueurs (Ben Foster et Chris Pine) qui devront faire\u2026","rel":"","context":"Dans &quot;CULTURE&quot;","block_context":{"text":"CULTURE","link":"https:\/\/shunrize.com\/blog\/category\/culture\/"},"img":{"alt_text":"Jeff Bridges Comancheria","src":"https:\/\/i0.wp.com\/shunrize.com\/blog\/wp-content\/uploads\/2017\/01\/Comancheria-concours.jpg?fit=1200%2C520&ssl=1&resize=350%2C200","width":350,"height":200,"srcset":"https:\/\/i0.wp.com\/shunrize.com\/blog\/wp-content\/uploads\/2017\/01\/Comancheria-concours.jpg?fit=1200%2C520&ssl=1&resize=350%2C200 1x, https:\/\/i0.wp.com\/shunrize.com\/blog\/wp-content\/uploads\/2017\/01\/Comancheria-concours.jpg?fit=1200%2C520&ssl=1&resize=525%2C300 1.5x, https:\/\/i0.wp.com\/shunrize.com\/blog\/wp-content\/uploads\/2017\/01\/Comancheria-concours.jpg?fit=1200%2C520&ssl=1&resize=700%2C400 2x, https:\/\/i0.wp.com\/shunrize.com\/blog\/wp-content\/uploads\/2017\/01\/Comancheria-concours.jpg?fit=1200%2C520&ssl=1&resize=1050%2C600 3x"},"classes":[]},{"id":27252,"url":"https:\/\/shunrize.com\/blog\/les-coffrets-warner-2012\/","url_meta":{"origin":53386,"position":2},"title":"Shopping No\u00ebl : Les Coffrets Warner","author":"Val\u00e9rie Denise","date":"10\/11\/2012","format":false,"excerpt":"Cette ann\u00e9e, Warner Bros a d\u00e9cid\u00e9 de nous g\u00e2ter en nous proposant un panel tr\u00e8s large de coffrets DVD. Action, Com\u00e9die, Drame, Guerre, Frissons, Coffret Prestige, par R\u00e9alisateur ou S\u00e9ries TV. Avec son offre de 318 coffrets d'exception, il y a de quoi bien garnir le pied de vos sapins\u2026","rel":"","context":"Dans &quot;CULTURE&quot;","block_context":{"text":"CULTURE","link":"https:\/\/shunrize.com\/blog\/category\/culture\/"},"img":{"alt_text":"","src":"https:\/\/i0.wp.com\/shunrize.com\/blog\/wp-content\/uploads\/2012\/11\/Shopping-Warner-2012.jpg?fit=1200%2C520&ssl=1&resize=350%2C200","width":350,"height":200,"srcset":"https:\/\/i0.wp.com\/shunrize.com\/blog\/wp-content\/uploads\/2012\/11\/Shopping-Warner-2012.jpg?fit=1200%2C520&ssl=1&resize=350%2C200 1x, https:\/\/i0.wp.com\/shunrize.com\/blog\/wp-content\/uploads\/2012\/11\/Shopping-Warner-2012.jpg?fit=1200%2C520&ssl=1&resize=525%2C300 1.5x, https:\/\/i0.wp.com\/shunrize.com\/blog\/wp-content\/uploads\/2012\/11\/Shopping-Warner-2012.jpg?fit=1200%2C520&ssl=1&resize=700%2C400 2x, https:\/\/i0.wp.com\/shunrize.com\/blog\/wp-content\/uploads\/2012\/11\/Shopping-Warner-2012.jpg?fit=1200%2C520&ssl=1&resize=1050%2C600 3x"},"classes":[]},{"id":29146,"url":"https:\/\/shunrize.com\/blog\/kill-dead-zombie-martijn-smits-test-dvd\/","url_meta":{"origin":53386,"position":3},"title":"Vid\u00e9o | Kill Dead Zombie","author":"Val\u00e9rie Denise","date":"18\/04\/2013","format":false,"excerpt":"Connaissez-vous le cin\u00e9ma n\u00e9erlandais ? Moi pas trop, donc j'\u00e9tais impatiente de d\u00e9couvrir une de leur production. KILL DEAD ZOMBIE est d'ores et d\u00e9j\u00e0 disponible chez vos revendeurs habituels en \u00e9dition Blu-ray et DVD. Genre : Com\u00e9die horrifique Ann\u00e9e de production : 2012 Sortie en DVD et Blu-ray : 17\u2026","rel":"","context":"Dans &quot;DEVIANT ZONE&quot;","block_context":{"text":"DEVIANT ZONE","link":"https:\/\/shunrize.com\/blog\/category\/deviant-zone\/"},"img":{"alt_text":"","src":"https:\/\/i0.wp.com\/shunrize.com\/blog\/wp-content\/uploads\/2013\/04\/kill-dead-zombie-preview.jpg?fit=628%2C356&ssl=1&resize=350%2C200","width":350,"height":200,"srcset":"https:\/\/i0.wp.com\/shunrize.com\/blog\/wp-content\/uploads\/2013\/04\/kill-dead-zombie-preview.jpg?fit=628%2C356&ssl=1&resize=350%2C200 1x, https:\/\/i0.wp.com\/shunrize.com\/blog\/wp-content\/uploads\/2013\/04\/kill-dead-zombie-preview.jpg?fit=628%2C356&ssl=1&resize=525%2C300 1.5x"},"classes":[]},{"id":32113,"url":"https:\/\/shunrize.com\/blog\/les-coffrets-warner-noel-2013\/","url_meta":{"origin":53386,"position":4},"title":"Shopping No\u00ebl : Notre s\u00e9lection de coffrets Blu-ray et DVD Warner","author":"Val\u00e9rie Denise","date":"02\/12\/2013","format":false,"excerpt":"Le 9 octobre dernier, j\u2019ai pu d\u00e9couvrir en avant-premi\u00e8re ce que nous r\u00e9servait Warner pour les f\u00eates de fin d\u2019ann\u00e9e. Au menu de ce No\u00ebl 2013 : 38 coffrets Nouveaut\u00e9s, 50 coffrets Int\u00e9grales, 38 coffrets acteurs\/r\u00e9alisateurs, 4 coffrets Clint Eastwood, 11 coffrets pour c\u00e9l\u00e9brer leur 90e anniversaire, 53 Coffrets Films,\u2026","rel":"","context":"Dans &quot;CULTURE&quot;","block_context":{"text":"CULTURE","link":"https:\/\/shunrize.com\/blog\/category\/culture\/"},"img":{"alt_text":"","src":"https:\/\/i0.wp.com\/shunrize.com\/blog\/wp-content\/uploads\/2013\/12\/coffret-warner-2013.jpg?fit=628%2C356&ssl=1&resize=350%2C200","width":350,"height":200,"srcset":"https:\/\/i0.wp.com\/shunrize.com\/blog\/wp-content\/uploads\/2013\/12\/coffret-warner-2013.jpg?fit=628%2C356&ssl=1&resize=350%2C200 1x, https:\/\/i0.wp.com\/shunrize.com\/blog\/wp-content\/uploads\/2013\/12\/coffret-warner-2013.jpg?fit=628%2C356&ssl=1&resize=525%2C300 1.5x"},"classes":[]},{"id":66099,"url":"https:\/\/shunrize.com\/blog\/armageddon-time-en-dvd-et-blu-ray-le-16-mars\/","url_meta":{"origin":53386,"position":5},"title":"Vid\u00e9o | Armageddon Time en DVD et Blu-ray le 16 mars","author":"Val\u00e9rie Denise","date":"06\/03\/2023","format":false,"excerpt":"Huiti\u00e8me long-m\u00e9trage de James Gray, Armageddon Time sortira en DVD et Blu-ray le 16 mars prochain. Pr\u00e9sent\u00e9 en comp\u00e9tition officielle \u00e0 la 75e \u00e9dition du Festival de Cannes, ce drame revisite avec sinc\u00e9rit\u00e9 une partie de son enfance. Trois ans apr\u00e8s une escale aux confins du syst\u00e8me solaire (Ad Astra),\u2026","rel":"","context":"Dans &quot;CULTURE&quot;","block_context":{"text":"CULTURE","link":"https:\/\/shunrize.com\/blog\/category\/culture\/"},"img":{"alt_text":"","src":"https:\/\/i0.wp.com\/shunrize.com\/blog\/wp-content\/uploads\/2023\/03\/Armageddon-Time-critique.jpg?fit=1200%2C683&ssl=1&resize=350%2C200","width":350,"height":200,"srcset":"https:\/\/i0.wp.com\/shunrize.com\/blog\/wp-content\/uploads\/2023\/03\/Armageddon-Time-critique.jpg?fit=1200%2C683&ssl=1&resize=350%2C200 1x, https:\/\/i0.wp.com\/shunrize.com\/blog\/wp-content\/uploads\/2023\/03\/Armageddon-Time-critique.jpg?fit=1200%2C683&ssl=1&resize=525%2C300 1.5x, https:\/\/i0.wp.com\/shunrize.com\/blog\/wp-content\/uploads\/2023\/03\/Armageddon-Time-critique.jpg?fit=1200%2C683&ssl=1&resize=700%2C400 2x, https:\/\/i0.wp.com\/shunrize.com\/blog\/wp-content\/uploads\/2023\/03\/Armageddon-Time-critique.jpg?fit=1200%2C683&ssl=1&resize=1050%2C600 3x"},"classes":[]}],"jetpack_sharing_enabled":true,"_links":{"self":[{"href":"https:\/\/shunrize.com\/blog\/wp-json\/wp\/v2\/posts\/53386","targetHints":{"allow":["GET"]}}],"collection":[{"href":"https:\/\/shunrize.com\/blog\/wp-json\/wp\/v2\/posts"}],"about":[{"href":"https:\/\/shunrize.com\/blog\/wp-json\/wp\/v2\/types\/post"}],"author":[{"embeddable":true,"href":"https:\/\/shunrize.com\/blog\/wp-json\/wp\/v2\/users\/1"}],"replies":[{"embeddable":true,"href":"https:\/\/shunrize.com\/blog\/wp-json\/wp\/v2\/comments?post=53386"}],"version-history":[{"count":0,"href":"https:\/\/shunrize.com\/blog\/wp-json\/wp\/v2\/posts\/53386\/revisions"}],"wp:featuredmedia":[{"embeddable":true,"href":"https:\/\/shunrize.com\/blog\/wp-json\/wp\/v2\/media\/53424"}],"wp:attachment":[{"href":"https:\/\/shunrize.com\/blog\/wp-json\/wp\/v2\/media?parent=53386"}],"wp:term":[{"taxonomy":"category","embeddable":true,"href":"https:\/\/shunrize.com\/blog\/wp-json\/wp\/v2\/categories?post=53386"},{"taxonomy":"post_tag","embeddable":true,"href":"https:\/\/shunrize.com\/blog\/wp-json\/wp\/v2\/tags?post=53386"}],"curies":[{"name":"wp","href":"https:\/\/api.w.org\/{rel}","templated":true}]}}