{"id":53273,"date":"2017-08-22T06:00:25","date_gmt":"2017-08-22T04:00:25","guid":{"rendered":"http:\/\/shunrize.com\/blog\/?p=53273"},"modified":"2022-11-21T11:21:13","modified_gmt":"2022-11-21T10:21:13","slug":"letrange-festival-2017-programmation-detaillee","status":"publish","type":"post","link":"https:\/\/shunrize.com\/blog\/letrange-festival-2017-programmation-detaillee\/","title":{"rendered":"L\u2019\u00c9trange Festival 2017 \u2013 Programmation d\u00e9taill\u00e9e"},"content":{"rendered":"<p style=\"text-align: justify;\">Neuf premi\u00e8res mondiales, Trois premi\u00e8res internationales, sept premi\u00e8res europ\u00e9ennes et vingt-cinq premi\u00e8res fran\u00e7aises.\u00a0 C\u2019est ce qui vous attend du 6 au 17 septembre prochains au <strong>Forum des Images<\/strong> \u00e0 Paris \u00e0 l\u2019occasion de la 23<sup>e<\/sup> \u00e9dition de <strong>L\u2019\u00c9trange Festival<\/strong>.<\/p>\n<p style=\"text-align: justify;\">131 s\u00e9ances o\u00f9 vous pourrez faire le plein de films in\u00e9dits et d\u00e9lirants venus du monde entier.<\/p>\n<p style=\"text-align: justify;\">Mais sans plus attendre, d\u00e9couvrons plus en d\u00e9tail ce que nous r\u00e9serve cette 23<sup>e<\/sup> \u00e9dition.<\/p>\n<p style=\"text-align: center;\"><img data-recalc-dims=\"1\" decoding=\"async\" src=\"https:\/\/i0.wp.com\/www.shunrize.com\/2017\/EF2017-Visuel.jpg?w=700\" \/><\/p>\n<h2 id=\"film-douverture-et-de-cloture\"><span style=\"color: #4fb8a6;\">Film d\u2019ouverture et de cl\u00f4ture<\/span><\/h2>\n<ul>\n<li>MAYHEM de Joe Lynch Zimbr\u00f3n, premi\u00e8re fran\u00e7aise + LA MORT P\u00c8RE &amp; FILS court m\u00e9trage de Denis Walgenwitz &amp; Vincent Parronnaud, premi\u00e8re mondiale<\/li>\n<li>MUTAFUKAZ de Guillaume Renard. En pr\u00e9sence de l\u2019\u00e9quipe du film<\/li>\n<\/ul>\n<p style=\"text-align: center;\"><img data-recalc-dims=\"1\" decoding=\"async\" src=\"https:\/\/i0.wp.com\/www.shunrize.com\/2017\/avp-etrange-festival-2017.jpg?w=700\" \/><\/p>\n<h2 id=\"grand-prix-nouveau-genre-et-prix-du-public\"><span style=\"color: #4fb8a6;\">Grand Prix Nouveau Genre et Prix du Public<\/span><\/h2>\n<ul>\n<li>PURGATORYO &#8211; Roderick Cabrido. Premi\u00e8re europ\u00e9enne<\/li>\n<li>REPLACE &#8211; Norbert Keil. Premi\u00e8re fran\u00e7aise, en pr\u00e9sence de l\u2019\u00e9quipe du film<\/li>\n<li>9 DOIGTS &#8211; FJ Ossang Premi\u00e8re fran\u00e7aise, en pr\u00e9sence de l\u2019\u00e9quipe du film<\/li>\n<li>LOWLIFE &#8211; Ryan Prows Premi\u00e8re fran\u00e7aise, en pr\u00e9sence du r\u00e9alisateur<\/li>\n<li>AVANT QUE NOUS DISPARAISSIONS de Kiyoshi Kurosawa<\/li>\n<li>LES GAR\u00c7ONS SAUVAGES de Bertrand Mandico Premi\u00e8re fran\u00e7aise, en pr\u00e9sence de l\u2019\u00e9quipe du film<\/li>\n<li>KUSO de Flying Lotus. Premi\u00e8re fran\u00e7aise<\/li>\n<li>LA LUNE DE JUPITER de Kornel Mundruczo<\/li>\n<li>LA MORT DU CERF SACR\u00c9 de Yorgos Lanthimos<\/li>\n<li>EUTHANIZER de Teemu Nikki Premi\u00e8re europ\u00e9enne<\/li>\n<li>I\u2019M NOT A WITCH deRungano Nyoni<\/li>\n<li>LES BONNES MANI\u00c8RES de Juliana Rojas &amp; Marco Dutra. Premi\u00e8re fran\u00e7aise, en pr\u00e9sence des r\u00e9alisateurs<\/li>\n<\/ul>\n<p style=\"text-align: center;\"><img data-recalc-dims=\"1\" decoding=\"async\" src=\"https:\/\/i0.wp.com\/www.shunrize.com\/2017\/competition-internationale-etrange-festival-2017.jpg?w=700\" \/><\/p>\n<ul>\n<li>A DAY de Sun-ho Cho. Premi\u00e8re europ\u00e9enne<\/li>\n<li>FIRSTBORN de Aik Karapetian. En pr\u00e9sence du r\u00e9alisateur<\/li>\n<li>THELMA de Joachim Trier. Premi\u00e8re fran\u00e7aise<\/li>\n<li>COLD HELL de Stefan Ruzowitzky. En pr\u00e9sence du r\u00e9alisateur<\/li>\n<li>THE FAMILY de Rosie Jones. Premi\u00e8re europ\u00e9enne<\/li>\n<li>MAYHEM de Joe Lynch. Premi\u00e8re fran\u00e7aise<\/li>\n<li>THE MARKER de Justin Edgar. Premi\u00e8re internationale<\/li>\n<li>MON MON MONSTERS de Giddens Ko. Premi\u00e8re fran\u00e7aise<\/li>\n<li>ATTACKS OF THE ADULT BABIES de Dominic Brunt. Premi\u00e8re internationale, en pr\u00e9sence du r\u00e9alisateur<\/li>\n<li>HOUSWIFE de Can Evrenol (S\u00e9lection ScreenAnarchy) Premi\u00e8re mondiale, en pr\u00e9sence du r\u00e9alisateur<\/li>\n<li>BITCH de Marianna Palka. Premi\u00e8re fran\u00e7aise<\/li>\n<li>UGLY NASTY PEOPLE de Cosimo Gomez. Premi\u00e8re internationale, en pr\u00e9sence de l\u2019\u00e9quipe du film<\/li>\n<\/ul>\n<h2 id=\"inedits-avant-premieres-hors-competition\"><span style=\"color: #4fb8a6;\">In\u00e9dits-Avant Premi\u00e8res (Hors Comp\u00e9tition)<\/span><\/h2>\n[divider]NOUVEAUX TALENTS[\/divider]\n<ul>\n<li>THE LAST FAMILY de Jan P. Matuszynski<\/li>\n<li>SPIT\u2019N SPLIT de J\u00e9r\u00f4me Vandewattyne. Premi\u00e8re fran\u00e7aise, en pr\u00e9sence du r\u00e9alisateur<\/li>\n<li>FRIENDLY BEAST de Gabriela Amaral Almeida. Premi\u00e8re europ\u00e9enne<\/li>\n<li>UGLY &#8211; de Juri Rechinsky. Premi\u00e8re fran\u00e7aise<\/li>\n<li>DOUBLEPLUSUNGOOD de Marco Laguna. Premi\u00e8re mondiale, en pr\u00e9sence du r\u00e9alisateur<\/li>\n<li>GAME OF DEATH de Sebastien Landry &amp; Laurence Morais-Lagace. Premi\u00e8re fran\u00e7aise<\/li>\n<\/ul>\n[divider]MONDOVISION[\/divider]\n<ul>\n<li>30 YEARS OF ADONIS de Scud. Premi\u00e8re europ\u00e9enne<\/li>\n<li>KODOKU: MEATBALL MACHINE de Yoshihiro Nishimura. Premi\u00e8re fran\u00e7aise<\/li>\n<li>THE MISANDRISTS de Bruce la Bruce. Premi\u00e8re fran\u00e7aise<\/li>\n<li>FLUID\u00d8 de Shu Lea Cheang. Premi\u00e8re fran\u00e7aise, en pr\u00e9sence de la r\u00e9alisatrice<\/li>\n<li>UNE PRI\u00c8RE AVANT L\u2019AUBE de Jean-St\u00e9phane Sauvaire<\/li>\n<li>DEATH ROW FAMILY de Yuki Kobayashi. Premi\u00e8re mondiale, en pr\u00e9sence du r\u00e9alisateur<\/li>\n<li>SWEET VIRGINIA de Jamie M.Dagg. En pr\u00e9sence du r\u00e9alisateur<\/li>\n<li>THE LAPLACE\u2019S DEMON de Giordano Giulivi. Premi\u00e8re europ\u00e9enne, en pr\u00e9sence du r\u00e9alisateur<\/li>\n<li>THE VILLAINESS de Jung Byung-gil. Premi\u00e8re fran\u00e7aise<\/li>\n<\/ul>\n<p style=\"text-align: center;\"><img data-recalc-dims=\"1\" decoding=\"async\" src=\"https:\/\/i0.wp.com\/www.shunrize.com\/2017\/inedits-etrange-festival-2017.jpg?w=700\" \/><\/p>\n[divider]DOCUMENTAIRES[\/divider]\n<ul>\n<li>LIBERATION DAY de Morten Traavik &amp; Ugis Olte. Premi\u00e8re fran\u00e7aise<\/li>\n<li>MANSFIELD 66\/67 de P.David Ebersole &amp; Todd Hughes Premi\u00e8re fran\u00e7aise<\/li>\n<li>NI JUGE NI SOUMISE de Yves Hinant &amp; Jean Libon Premi\u00e8re fran\u00e7aise<\/li>\n<li>PEAU D\u2019ANNE de Claude Grunspan. Premi\u00e8re mondiale, en pr\u00e9sence de l\u2019\u00e9quipe du film + LES \u00c9TABLISSEMENTS PHONOGRAPHIQUES DE L\u2019EST de Yves-Marie Mah\u00e9. Premi\u00e8re mondiale, en pr\u00e9sence de l\u2019\u00e9quipe du film<\/li>\n<li>INSTRUMENT: FUGAZI de Jem Cohen<\/li>\n<\/ul>\n[divider]S\u00c9ANCES SP\u00c9CIALES[\/divider]\n<ul>\n<li>TOKYO VAMPIRE HOTEL de\u00a0 Sono Sion. Premi\u00e8re mondiale<\/li>\n<li>CHICKEN KITCHEN + \u00c0 LA ROSE DES VENTSde Vincent Hachet. En pr\u00e9sence de l\u2019\u00e9quipe du film<\/li>\n<li>ET MA SOEUR NE PENSE QU\u2019\u00c0 \u00c7A de Henri Xhonneux. In\u00e9dit<\/li>\n<li>PIERRE &amp; SABINE de August Rieger<\/li>\n<\/ul>\n[divider]COMP\u00c9TITION COURTS M\u00c9TRAGES[\/divider]\n<ul>\n<li>Programme 1 : POLITIQUE EXP\u00c9RIMENTALE<\/li>\n<li>Programme 2 : SCHIZO C\u2019EST TROP<\/li>\n<li>Programme 3 : MAIS QU\u2019EST-CE QUE SEXE ?<\/li>\n<li>Programme 4 : CARR\u00c9MENT FANTASTIQUE<\/li>\n<li>Programme 5 : HISTOIRES DE FAMILLE<\/li>\n<li>Programme 6 : IMPROBABLES VOYAGES<\/li>\n<\/ul>\n[divider]CARTES BLANCHES [\/divider]\n<ul>\n<li>S\u00e9ances pr\u00e9sent\u00e9es par <strong>Marc Caro<\/strong> et <strong>Jean-Pierre Jeunet<\/strong><\/li>\n<\/ul>\n<p>ELECTRONIC LABYRINTH + THX 1138 de George Lucas<br \/>\nGOTO, L\u2019\u00ceLE D\u2019AMOUR de Walerian Borowczyk<br \/>\nLE CONTE DES CONTES &#8211; Youri Norstein + LES NOCES FUN\u00c8BRES de Tim Burton<br \/>\nLES AVENTURES DE BUCKAROO BANZA\u00cf de W.D.Richter<br \/>\nTHE AMERICAN WAY de Maurice Philippe<\/p>\n<p style=\"text-align: center;\"><img data-recalc-dims=\"1\" decoding=\"async\" src=\"https:\/\/i0.wp.com\/www.shunrize.com\/2017\/cartes-blanches-etrange-festival-2017.jpg?w=700\" \/><\/p>\n<p>S\u00e9ances pr\u00e9sent\u00e9es par <strong>Jaume Balaguer\u00f3<\/strong><\/p>\n<ul>\n<li>ELEPHANT MAN de David Lynch<\/li>\n<li>LE SACRIFICE de Andrei Tarkovski<\/li>\n<li>LA BOUCHE DE JEAN-PIERRE de Lucile Hadzihalilovic. En pr\u00e9sence de la r\u00e9alisatrice<\/li>\n<li>LA GRANDE BOUFFE de Marco Ferreri<\/li>\n<li>STREET TRASH de James M.Muro<\/li>\n<\/ul>\n[divider]SITGES A 50 ANS ![\/divider]\n<ul>\n<li>COLD SKIN de Xaver Gens Premi\u00e8re mondiale, , en pr\u00e9sence de l\u2019\u00e9quipe du film<\/li>\n<li>PRISON DE CRISTAL de Agusti Villaronga. Pr\u00e9sentation de \u00c1ngel Sala<\/li>\n<li>ANGOISSE de Bigas Luna Pr\u00e9sentation de \u00c1ngel Sala<\/li>\n<li>HEREDEROS DE LA BESTIA de Diego Lopez &amp; David Pizarro. Premi\u00e8re fran\u00e7aise, en pr\u00e9sence de l\u2019\u00e9quipe du film + Rencontre<\/li>\n<li>EL ATAUD DE CRISTAL de Haritz Zubillaga. Premi\u00e8re fran\u00e7aise, en pr\u00e9sence du r\u00e9alisateur<\/li>\n<li>S\u00c9ANCE COURTS &#8211; Pr\u00e9sentation de Jaume Balaguer\u00f3 &amp; \u00c1ngel Sala :<br \/>\nALICIA &#8211; Jaume Balaguer\u00f3 \/ DIAS SIN LUZ &#8211; Jaume Balaguer\u00f3 \/ AMO &#8211; Alex Gargot \/ ZERO &#8211; David Victori \/ ZONE 84 &#8211; Lonan Garcia \/ GENESIS &#8211; Nacho Cerd\u00e0<\/li>\n<\/ul>\n[divider]20 ANS DE MAUVAIS GENRES[\/divider]\n<p>S\u00e9ances pr\u00e9sent\u00e9es par l\u2019\u00e9quipe de Mauvais Genres<\/p>\n<ul>\n<li>LE TRIO INFERNAL de Francis Girod<\/li>\n<li>LE L\u00c9ZARD NOIR de Kinji Fukasaku<\/li>\n<li>LANTERNES TRAGIQUES : Jean-Teddy Filippe : LES DOCUMENTS INTERDITS : LE NAUFRAGE \/ LES FANT\u00d4MES \/ LA SORCI\u00c8RE \/ L\u2019EXTRATERRESTRE \/ LA SIB\u00c9RIE En pr\u00e9sence du r\u00e9alisateur<em> ; <\/em>Pac\u00f4me Thiellement &amp; Thomas Bertay LE DISPOSITIF : RITUEL DE D\u00c9CAPITATION DU PAPE + LA SECONDE MORT En pr\u00e9sence des r\u00e9alisateurs<em>; <\/em>Bertrand Mandico : BORO IN THE BOX En pr\u00e9sence du r\u00e9alisateur<\/li>\n<\/ul>\n[divider]SOIREE BiTS[\/divider]\n<ul>\n<li>PERDITA DURANGO de\u00c1lex de la Iglesia<\/li>\n<li>FORGOTTEN SILVER de Peter Jackson + SURPRISES !<\/li>\n<\/ul>\n[divider]FOCUS \u00c1LEX DE LA IGLESIA[\/divider]\n<p>S\u00e9ances en pr\u00e9sence de \u00c1lex de la iglesia<\/p>\n<ul>\n<li>PRIS AU PI\u00c8GE <em>Premi\u00e8re fran\u00e7aise<\/em><\/li>\n<li>PERDITA DURANGO<\/li>\n<li>LE JOUR DE LA B\u00caTE<\/li>\n<\/ul>\n<p style=\"text-align: center;\"><img data-recalc-dims=\"1\" decoding=\"async\" src=\"https:\/\/i0.wp.com\/www.shunrize.com\/2017\/alex-iglesia.jpg?w=700\" \/><\/p>\n[divider]FOCUS BORIS SZULZINGER[\/divider]\nS\u00e9ances en pr\u00e9sence de Boris Szulzinger<\/p>\n<ul>\n<li>LES TUEURS FOUS<\/li>\n<li>LA HONTE DE LA JUNGLE<\/li>\n<li>MAMA DRACULA<\/li>\n<\/ul>\n<p style=\"text-align: justify;\">Un sacr\u00e9 programme en perspective ! Le tout sera compl\u00e9t\u00e9 par d&rsquo;animations, d&rsquo;expositions et d\u2019autres petites surprises.<\/p>\n<p style=\"text-align: justify;\">Les billets seront en vente en ligne sur le site du <a href=\"https:\/\/www.forumdesimages.fr\/\" target=\"_blank\" rel=\"noopener noreferrer\">Forum des image<\/a>s d\u00e9s le 30 ao\u00fbt \u00e0 12h30 et \u00e0 leurs caisses \u00e0 partir du 4 septembre 2017 de 12h30 \u00e0 20h. <span style=\"text-decoration: underline;\">Tarifs<\/span> : 8\u20ac50 | R\u00e9duit 7\u20ac (ch\u00f4meurs, \u00e9tudiants, +60 ans)| \u00c9trange Carte 30\u20ac\/5 films ou 55\u20ac\/10 films | Soir\u00e9e Haldernablou 12\u20ac | Soir\u00e9e Bits 10\u20ac<\/p>\n<p style=\"text-align: justify;\">Retrouvez toutes les infos pratiques dont les horaires sur le site officiel : <a href=\"http:\/\/www.etrangefestival.com\/2019\" target=\"_blank\" rel=\"noopener noreferrer\">www.etrangefestival.com<\/a><\/p>\n","protected":false},"excerpt":{"rendered":"<p>Neuf premi\u00e8res mondiales, Trois premi\u00e8res internationales, sept premi\u00e8res europ\u00e9ennes et vingt-cinq premi\u00e8res fran\u00e7aises.\u00a0 C\u2019est ce qui vous attend du 6 au 17 septembre prochains au Forum des Images \u00e0 Paris \u00e0 l\u2019occasion de la 23e \u00e9dition de L\u2019\u00c9trange Festival. 131 s\u00e9ances o\u00f9 vous pourrez faire le plein de films in\u00e9dits et d\u00e9lirants venus du monde [&hellip;]<\/p>\n","protected":false},"author":1,"featured_media":53274,"comment_status":"open","ping_status":"open","sticky":false,"template":"","format":"standard","meta":{"jetpack_post_was_ever_published":false,"_jetpack_newsletter_access":"","_jetpack_dont_email_post_to_subs":false,"_jetpack_newsletter_tier_id":0,"_jetpack_memberships_contains_paywalled_content":false,"csco_page_load_nextpost":"","csco_post_video_location":[],"csco_post_video_location_hash":"","csco_post_video_url":"","csco_post_video_bg_start_time":0,"csco_post_video_bg_end_time":0,"csco_post_text_color":"","_jetpack_memberships_contains_paid_content":false,"footnotes":"","jetpack_publicize_message":"","jetpack_publicize_feature_enabled":true,"jetpack_social_post_already_shared":false,"jetpack_social_options":{"image_generator_settings":{"template":"highway","default_image_id":0,"font":"","enabled":false},"version":2}},"categories":[7407],"tags":[7285],"class_list":{"0":"post-53273","1":"post","2":"type-post","3":"status-publish","4":"format-standard","5":"has-post-thumbnail","7":"category-deviant-zone","8":"tag-cinema","9":"cs-entry","10":"cs-video-wrap"},"aioseo_notices":[],"jetpack_publicize_connections":[],"jetpack_featured_media_url":"https:\/\/i0.wp.com\/shunrize.com\/blog\/wp-content\/uploads\/2017\/08\/etrange-festival-2017.jpg?fit=1385%2C600&ssl=1","jetpack-related-posts":[{"id":64088,"url":"https:\/\/shunrize.com\/blog\/tres-court-international-film-festival-2021-interview-anne-sophie-jacques-coordinatrice-generale\/","url_meta":{"origin":53273,"position":0},"title":"Tr\u00e8s Court International Film Festival 2021","author":"Val\u00e9rie Denise","date":"24\/05\/2021","format":false,"excerpt":"La 23e \u00e9dition du Tr\u00e8s Court International Film Festival aura lieu du 4 au 13 juin prochains. Apr\u00e8s avoir \u00e9t\u00e9 repens\u00e9 l\u2019an dernier en version 100% digitale, il revient cette fois-ci sous une forme hybride. Tandis que la pand\u00e9mie fait encore des ravages, l'\u00e9dition 2021 du grand rendez-vous annuel des\u2026","rel":"","context":"Dans &quot;CULTURE&quot;","block_context":{"text":"CULTURE","link":"https:\/\/shunrize.com\/blog\/category\/culture\/"},"img":{"alt_text":"","src":"https:\/\/i0.wp.com\/shunrize.com\/blog\/wp-content\/uploads\/2021\/05\/Exuvie-Antoine-Franc%CC%A7ois-tres-court-festival-2021.png?fit=1200%2C800&ssl=1&resize=350%2C200","width":350,"height":200,"srcset":"https:\/\/i0.wp.com\/shunrize.com\/blog\/wp-content\/uploads\/2021\/05\/Exuvie-Antoine-Franc%CC%A7ois-tres-court-festival-2021.png?fit=1200%2C800&ssl=1&resize=350%2C200 1x, https:\/\/i0.wp.com\/shunrize.com\/blog\/wp-content\/uploads\/2021\/05\/Exuvie-Antoine-Franc%CC%A7ois-tres-court-festival-2021.png?fit=1200%2C800&ssl=1&resize=525%2C300 1.5x, https:\/\/i0.wp.com\/shunrize.com\/blog\/wp-content\/uploads\/2021\/05\/Exuvie-Antoine-Franc%CC%A7ois-tres-court-festival-2021.png?fit=1200%2C800&ssl=1&resize=700%2C400 2x, https:\/\/i0.wp.com\/shunrize.com\/blog\/wp-content\/uploads\/2021\/05\/Exuvie-Antoine-Franc%CC%A7ois-tres-court-festival-2021.png?fit=1200%2C800&ssl=1&resize=1050%2C600 3x"},"classes":[]},{"id":14007,"url":"https:\/\/shunrize.com\/blog\/palmares-du-16e-etrange-festival\/","url_meta":{"origin":53273,"position":1},"title":"L&rsquo;Etrange Festival 2010 &#8211; Palmar\u00e8s","author":"Val\u00e9rie Denise","date":"12\/09\/2010","format":false,"excerpt":"Depuis le 3 septembre dernier, les amateurs de cin\u00e9ma de genre ont pu d\u00e9couvrir dans le cadre de la 16 \u00e9dition de L'Etrange Festival de nombreux films en avant-premi\u00e8res et quelques p\u00e9pites jamais diffus\u00e9es sur nos \u00e9crans. De mon c\u00f4t\u00e9, j'ai pu red\u00e9couvrir \"Massacre \u00e0 la tron\u00e7onneuse\" sur un grand\u2026","rel":"","context":"Dans &quot;CULTURE&quot;","block_context":{"text":"CULTURE","link":"https:\/\/shunrize.com\/blog\/category\/culture\/"},"img":{"alt_text":"","src":"https:\/\/i0.wp.com\/shunrize.com\/blog\/wp-content\/uploads\/2010\/08\/etrange-festival-2010.jpg?fit=628%2C356&ssl=1&resize=350%2C200","width":350,"height":200,"srcset":"https:\/\/i0.wp.com\/shunrize.com\/blog\/wp-content\/uploads\/2010\/08\/etrange-festival-2010.jpg?fit=628%2C356&ssl=1&resize=350%2C200 1x, https:\/\/i0.wp.com\/shunrize.com\/blog\/wp-content\/uploads\/2010\/08\/etrange-festival-2010.jpg?fit=628%2C356&ssl=1&resize=525%2C300 1.5x"},"classes":[]},{"id":21599,"url":"https:\/\/shunrize.com\/blog\/letrange-festival-2011-le-programme-commence-a-se-devoiler\/","url_meta":{"origin":53273,"position":2},"title":"L&rsquo;Etrange Festival 2011 commence \u00e0 se d\u00e9voiler","author":"Val\u00e9rie Denise","date":"18\/07\/2011","format":false,"excerpt":"La 17\u00e8me \u00e9dition de L'\u00c9trange Festival se d\u00e9roulera du vendredi 2 au dimanche 11 septembre 2011 au Forum des Images. Et comme \u00e0 l\u2019accoutum\u00e9e, le festival le plus d\u00e9cal\u00e9 de l\u2019hexagone offrira de quoi contenter les plus d\u00e9viants d'entre nous. Des classiques du genre, des films in\u00e9dits et des projections\u2026","rel":"","context":"Dans &quot;CULTURE&quot;","block_context":{"text":"CULTURE","link":"https:\/\/shunrize.com\/blog\/category\/culture\/"},"img":{"alt_text":"","src":"https:\/\/i0.wp.com\/shunrize.com\/blog\/wp-content\/uploads\/2011\/07\/etrange-festival-2011-preview.jpg?fit=628%2C356&ssl=1&resize=350%2C200","width":350,"height":200,"srcset":"https:\/\/i0.wp.com\/shunrize.com\/blog\/wp-content\/uploads\/2011\/07\/etrange-festival-2011-preview.jpg?fit=628%2C356&ssl=1&resize=350%2C200 1x, https:\/\/i0.wp.com\/shunrize.com\/blog\/wp-content\/uploads\/2011\/07\/etrange-festival-2011-preview.jpg?fit=628%2C356&ssl=1&resize=525%2C300 1.5x"},"classes":[]},{"id":22301,"url":"https:\/\/shunrize.com\/blog\/palmares-du-17e-etrange-festival\/","url_meta":{"origin":53273,"position":3},"title":"L&rsquo;Etrange Festival 2011 &#8211; Palmar\u00e8s","author":"Val\u00e9rie Denise","date":"13\/09\/2011","format":false,"excerpt":"Depuis le 2 septembre dernier, les amateurs de cin\u00e9ma de genre ont pu d\u00e9couvrir dans le cadre de la 17 \u00e9dition de L\u2019\u00c9trange Festival de nombreux films en avant-premi\u00e8res et quelques p\u00e9pites jamais diffus\u00e9es sur nos \u00e9crans. De mon c\u00f4t\u00e9, je n'ai malheureusement pas pu vivre ce festival comme je\u2026","rel":"","context":"Dans &quot;CULTURE&quot;","block_context":{"text":"CULTURE","link":"https:\/\/shunrize.com\/blog\/category\/culture\/"},"img":{"alt_text":"","src":"https:\/\/i0.wp.com\/shunrize.com\/blog\/wp-content\/uploads\/2011\/07\/etrange-festival-2011-preview.jpg?fit=628%2C356&ssl=1&resize=350%2C200","width":350,"height":200,"srcset":"https:\/\/i0.wp.com\/shunrize.com\/blog\/wp-content\/uploads\/2011\/07\/etrange-festival-2011-preview.jpg?fit=628%2C356&ssl=1&resize=350%2C200 1x, https:\/\/i0.wp.com\/shunrize.com\/blog\/wp-content\/uploads\/2011\/07\/etrange-festival-2011-preview.jpg?fit=628%2C356&ssl=1&resize=525%2C300 1.5x"},"classes":[]},{"id":14445,"url":"https:\/\/shunrize.com\/blog\/festival-paris-courts-devant-2010\/","url_meta":{"origin":53273,"position":4},"title":"Festival Paris Courts Devant 2010 : Programme","author":"Val\u00e9rie Denise","date":"02\/10\/2010","format":false,"excerpt":"Depuis sa cr\u00e9ation l\u2019\u00e9quipe de Courts Devant s'emploie \u00e0 nous pr\u00e9senter une s\u00e9lection tr\u00e8s vari\u00e9e de films courts. Pour cette 6e \u00e9dition, \"Courts Devant\" devient \u201cParis Courts Devant\u201d et sera une fois encore consacr\u00e9e \u00e0 une s\u00e9lection internationale de tout premier ordre. Du 14 au 17 octobre prochain Le Cin\u00e9ma\u2026","rel":"","context":"Dans &quot;CULTURE&quot;","block_context":{"text":"CULTURE","link":"https:\/\/shunrize.com\/blog\/category\/culture\/"},"img":{"alt_text":"","src":"https:\/\/i0.wp.com\/shunrize.com\/blog\/wp-content\/uploads\/2010\/10\/pariscourtsdevant.jpg?fit=628%2C356&ssl=1&resize=350%2C200","width":350,"height":200,"srcset":"https:\/\/i0.wp.com\/shunrize.com\/blog\/wp-content\/uploads\/2010\/10\/pariscourtsdevant.jpg?fit=628%2C356&ssl=1&resize=350%2C200 1x, https:\/\/i0.wp.com\/shunrize.com\/blog\/wp-content\/uploads\/2010\/10\/pariscourtsdevant.jpg?fit=628%2C356&ssl=1&resize=525%2C300 1.5x"},"classes":[]},{"id":40752,"url":"https:\/\/shunrize.com\/blog\/the-mole-song-takashi-miike\/","url_meta":{"origin":53273,"position":5},"title":"PIFFF 2014 &#8211; The Mole Song: Undercover Agent Reiji","author":"Val\u00e9rie Denise","date":"19\/11\/2014","format":false,"excerpt":"Mon avis sur le film d'ouverture du PIFFF 2014, The Mole Song: Undercover Agent Reiji de Takashi Miike","rel":"","context":"Dans &quot;DEVIANT ZONE&quot;","block_context":{"text":"DEVIANT ZONE","link":"https:\/\/shunrize.com\/blog\/category\/deviant-zone\/"},"img":{"alt_text":"","src":"https:\/\/i0.wp.com\/shunrize.com\/blog\/wp-content\/uploads\/2014\/11\/The-Mole-Song-Takashi-Miike.png?fit=750%2C400&ssl=1&resize=350%2C200","width":350,"height":200,"srcset":"https:\/\/i0.wp.com\/shunrize.com\/blog\/wp-content\/uploads\/2014\/11\/The-Mole-Song-Takashi-Miike.png?fit=750%2C400&ssl=1&resize=350%2C200 1x, https:\/\/i0.wp.com\/shunrize.com\/blog\/wp-content\/uploads\/2014\/11\/The-Mole-Song-Takashi-Miike.png?fit=750%2C400&ssl=1&resize=525%2C300 1.5x, https:\/\/i0.wp.com\/shunrize.com\/blog\/wp-content\/uploads\/2014\/11\/The-Mole-Song-Takashi-Miike.png?fit=750%2C400&ssl=1&resize=700%2C400 2x"},"classes":[]}],"jetpack_sharing_enabled":true,"_links":{"self":[{"href":"https:\/\/shunrize.com\/blog\/wp-json\/wp\/v2\/posts\/53273","targetHints":{"allow":["GET"]}}],"collection":[{"href":"https:\/\/shunrize.com\/blog\/wp-json\/wp\/v2\/posts"}],"about":[{"href":"https:\/\/shunrize.com\/blog\/wp-json\/wp\/v2\/types\/post"}],"author":[{"embeddable":true,"href":"https:\/\/shunrize.com\/blog\/wp-json\/wp\/v2\/users\/1"}],"replies":[{"embeddable":true,"href":"https:\/\/shunrize.com\/blog\/wp-json\/wp\/v2\/comments?post=53273"}],"version-history":[{"count":0,"href":"https:\/\/shunrize.com\/blog\/wp-json\/wp\/v2\/posts\/53273\/revisions"}],"wp:featuredmedia":[{"embeddable":true,"href":"https:\/\/shunrize.com\/blog\/wp-json\/wp\/v2\/media\/53274"}],"wp:attachment":[{"href":"https:\/\/shunrize.com\/blog\/wp-json\/wp\/v2\/media?parent=53273"}],"wp:term":[{"taxonomy":"category","embeddable":true,"href":"https:\/\/shunrize.com\/blog\/wp-json\/wp\/v2\/categories?post=53273"},{"taxonomy":"post_tag","embeddable":true,"href":"https:\/\/shunrize.com\/blog\/wp-json\/wp\/v2\/tags?post=53273"}],"curies":[{"name":"wp","href":"https:\/\/api.w.org\/{rel}","templated":true}]}}