{"id":53111,"date":"2017-08-08T06:00:45","date_gmt":"2017-08-08T04:00:45","guid":{"rendered":"http:\/\/shunrize.com\/blog\/?p=53111"},"modified":"2024-04-04T13:32:34","modified_gmt":"2024-04-04T11:32:34","slug":"randonnee-boucle-viaduc-de-longueville","status":"publish","type":"post","link":"https:\/\/shunrize.com\/blog\/randonnee-boucle-viaduc-de-longueville\/","title":{"rendered":"La Boucle du Viaduc de Longueville"},"content":{"rendered":"\n<p><strong>Apr\u00e8s notre escapade en <a href=\"https:\/\/shunrize.com\/blog\/randonnee-oslo-frognerseteren-skadalen\/\" target=\"_blank\" rel=\"noopener noreferrer\">Norv\u00e8ge<\/a>, on a encore des fourmis dans les pattes. Munis de notre Pass Navigo, on part donc explorer \u00e0 nouveau l\u2019ile de France. 9h46, Dimanche 30 juillet. On prend le train \u00e0 Gare de l\u2019Est en direction de Provins pour se rendre \u00e0 Longueville.<\/strong><\/p>\n\n\n\n<p>Ce voyage d\u20191 heure est \u00abgratuit\u00bb gr\u00e2ce au d\u00e9zonage du Pass Navigo. Si tu&nbsp; ne l\u2019as pas, opte pour un Mobilis 1 \u00e0 5, moins on\u00e9reux qu\u2019un aller-retour Paris-Longueville.<\/p>\n\n\n\n<p>Ce parcours d\u00e9bute \u00e0 gauche de la <strong>Gare de Longueville<\/strong> et suit le GR 11F (balisage blanc-rouge) jusqu\u2019\u00e0 Chalmaison. L\u00e0-bas, on poursuit sur le PR (balisage jaune) jusqu\u2019au bois Vaurien o\u00f9 on reprend le <a href=\"https:\/\/shunrize.com\/blog\/tag\/gr11\/\" target=\"_blank\" rel=\"noreferrer noopener\" title=\"https:\/\/shunrize.com\/blog\/tag\/gr11\/\">GR 11<\/a> qui m\u00e8ne \u00e0 la gare SNCF de Longueville.<\/p>\n\n\n\n<p class=\"has-very-dark-gray-color has-text-color has-background\" style=\"background-color:#b4d079\"><strong>D\u00e9part et arriv\u00e9e :<\/strong> Longueville, Ligne P<br \/><strong>Dur\u00e9e estim\u00e9e :<\/strong> 5H<br \/><strong>Distance estim\u00e9e :<\/strong> 17 km<br \/><strong>Balisage :<\/strong> blanc-rouge et jaune<\/p>\n\n\n\n<h2 id=\"longueville\" class=\"wp-block-heading\">LONGUEVILLE<\/h2>\n\n\n\n<p>Avant de d\u00e9marrer la rando, tu peux visiter le <strong>Mus\u00e9e Vivant du Chemin de Fer<\/strong> (3, rue Louis Platriez 77650 Longueville &#8211; 4\u20ac\/pers &#8211; <a href=\"https:\/\/www.ajecta.fr\/\">www.ajecta.fr<\/a>). On y trouve des locomotives \u00e0 vapeur datant de 1866 \u00e0 1943 dont certaines enti\u00e8rement restaur\u00e9es par les b\u00e9n\u00e9voles de l\u2019association.<\/p>\n\n\n\n<p>Les premiers kilom\u00e8tres nous font passer par les hameaux de La Martine et de <strong>Tachy<\/strong>. Travers\u00e9 par le ruisseau des M\u00e9ances, ce dernier ne nous d\u00e9voilera pas les fa\u00e7ades de son Ch\u00e2teau car il abrite d\u00e9sormais une \u00e9cole priv\u00e9e.<\/p>\n\n\n\n<p>Juste avant de passer sous le pont qui s\u2019\u00e9l\u00e8ve vers le bois de la Barre, on fera un bout de chemin avec l\u2019adorable Lotus.<\/p>\n\n\n\n<p>Quelques m\u00fbres glan\u00e9es sur la route et voici d\u00e9j\u00e0 \u00e0 Chalmaison.<\/p>\n\n\n\n<center><img data-recalc-dims=\"1\" decoding=\"async\" src=\"https:\/\/i0.wp.com\/www.shunrize.com\/2017\/longueville-jardin.jpg?w=700&#038;ssl=1\" alt=\"Jardin \u00e0 Longueville\"\/><br \/><br \/>\n<img data-recalc-dims=\"1\" decoding=\"async\" src=\"https:\/\/i0.wp.com\/www.shunrize.com\/2017\/tachy-champs-2.jpg?w=700&#038;ssl=1\" alt=\"Champs \u00e0 Tachy\"\/><br \/><br \/>\n<img data-recalc-dims=\"1\" decoding=\"async\" src=\"https:\/\/i0.wp.com\/www.shunrize.com\/2017\/fleurs-des-champs.jpg?w=700&#038;ssl=1\"\/><br \/><br \/>\n<img data-recalc-dims=\"1\" decoding=\"async\" src=\"https:\/\/i0.wp.com\/www.shunrize.com\/2017\/tachy-camion.jpg?w=700&#038;ssl=1\"\/><br \/><br \/>\n<img data-recalc-dims=\"1\" decoding=\"async\" src=\"https:\/\/i0.wp.com\/www.shunrize.com\/2017\/tachy-gite.jpg?w=700&#038;ssl=1\"\/><br \/><br \/>\n<img data-recalc-dims=\"1\" decoding=\"async\" src=\"https:\/\/i0.wp.com\/www.shunrize.com\/2017\/tachy-niche-oiseaux.jpg?w=700&#038;ssl=1\"\/><br \/><br \/>\n<img data-recalc-dims=\"1\" decoding=\"async\" src=\"https:\/\/i0.wp.com\/www.shunrize.com\/2017\/tachy-pont-sncf.jpg?w=700&#038;ssl=1\" alt=\"Pont SNCF \u00e0 Tachy\"\/><br \/><br \/>\n<img data-recalc-dims=\"1\" decoding=\"async\" src=\"https:\/\/i0.wp.com\/www.shunrize.com\/2017\/mures-tachy.jpg?w=700&#038;ssl=1\"\/><br \/><br \/>\n<img data-recalc-dims=\"1\" decoding=\"async\" src=\"https:\/\/i0.wp.com\/www.shunrize.com\/2017\/tachy-champs-fleurs.jpg?w=700&#038;ssl=1\"\/><\/center>\n\n\n\n<h2 id=\"chalmaison\" class=\"wp-block-heading\"><b>CHALMAISON<\/b><\/h2>\n\n\n\n<p>On d\u00e9jeune face \u00e0 <strong>l\u2019\u00c9glise paroissiale St \u00c9tienne<\/strong>, monument historique du XIII<sup>e<\/sup> si\u00e8cle et on fait le plein d\u2019eau fra\u00eeche \u00e0 la fontaine.<\/p>\n\n\n\n<p>En remontant la rue Henri Brugeail, on voit les fa\u00e7ades roses du <strong>Ch\u00e2teau de Chalmaison<\/strong>. Apr\u00e8s avoir enjamb\u00e9 le ru, on aper\u00e7oit un chevreuil en dessous des poteaux \u00e9lectriques. Alex ayant laiss\u00e9 son Canon 40D \u00e0 la maison, le zoom de mon M10 ne suffira pas \u00e0 capturer correctement cette belle rencontre. Dommage !<\/p>\n\n\n\n<p>On parvient bient\u00f4t \u00e0 la <strong>rivi\u00e8re Voulzie<\/strong> qui alimente Paris en eau potable. Le ciel se d\u00e9gage et il commence \u00e0 faire tr\u00e8s chaud lorsqu&rsquo;on arrive \u00e0 Jutigny.<\/p>\n\n\n\n<center><img data-recalc-dims=\"1\" decoding=\"async\" src=\"https:\/\/i0.wp.com\/www.shunrize.com\/2017\/ferme-chalmaison.jpg?w=700&#038;ssl=1\" alt=\"\"\/><br \/><br \/>\n<img data-recalc-dims=\"1\" decoding=\"async\" src=\"https:\/\/i0.wp.com\/www.shunrize.com\/2017\/eglise-saint-etienne-chalmaison.jpg?w=700&#038;ssl=1\"\/><br \/><br \/>\n<img data-recalc-dims=\"1\" decoding=\"async\" src=\"https:\/\/i0.wp.com\/www.shunrize.com\/2017\/eglise-saint-etienne-chalmaison-2.jpg?w=700&#038;ssl=1\" alt=\"l\u2019\u00c9glise paroissiale St \u00c9tienne \u00e0 Chalmaison\"\/><br \/><br \/>\n<img data-recalc-dims=\"1\" decoding=\"async\" src=\"https:\/\/i0.wp.com\/www.shunrize.com\/2017\/chalmaison-mendicite.jpg?w=700&#038;ssl=1\"\/><br \/><br \/>\n<img data-recalc-dims=\"1\" decoding=\"async\" src=\"https:\/\/i0.wp.com\/www.shunrize.com\/2017\/chalmaison-maison-3.jpg?w=700&#038;ssl=1\"\/><br \/><br \/>\n<img data-recalc-dims=\"1\" decoding=\"async\" src=\"https:\/\/i0.wp.com\/www.shunrize.com\/2017\/chateau-de-chalmaison.jpg?w=700&#038;ssl=1\"\/><br \/><br \/>\n<img data-recalc-dims=\"1\" decoding=\"async\" src=\"https:\/\/i0.wp.com\/www.shunrize.com\/2017\/chalmaison-coq.jpg?w=700&#038;ssl=1\"\/><br \/><br \/>\n<img data-recalc-dims=\"1\" decoding=\"async\" src=\"https:\/\/i0.wp.com\/www.shunrize.com\/2017\/chalmaison-poule.jpg?w=700&#038;ssl=1\"\/><br \/><br \/>\n<img data-recalc-dims=\"1\" decoding=\"async\" src=\"https:\/\/i0.wp.com\/www.shunrize.com\/2017\/chalmaison-maison.jpg?w=700&#038;ssl=1\"\/><br \/><br \/>\n<img data-recalc-dims=\"1\" decoding=\"async\" src=\"https:\/\/i0.wp.com\/www.shunrize.com\/2017\/chalmaison-maison-2.jpg?w=700&#038;ssl=1\"\/><br \/><br \/>\n<img data-recalc-dims=\"1\" decoding=\"async\" src=\"https:\/\/i0.wp.com\/www.shunrize.com\/2017\/chalmaison-ru-des-meances.jpg?w=700&#038;ssl=1\" alt=\"Ru des m\u00e9ances \u00e0 Chalmaison\/><br \/><br \/>\n<img decoding=\"async\" src=\"https:\/\/www.shunrize.com\/2017\/chalmaison-chevreuil.jpg\"\/><br \/><br \/>\n<img data-recalc-dims=\"1\" decoding=\"async\" src=\"https:\/\/i0.wp.com\/www.shunrize.com\/2017\/chalmaison-champs.jpg?w=700&#038;ssl=1\"\/><br \/><br \/>\n<img data-recalc-dims=\"1\" decoding=\"async\" src=\"https:\/\/i0.wp.com\/www.shunrize.com\/2017\/vallee-de-la-voulzie.jpg?w=700&#038;ssl=1\"alt=\"vall\u00e9e de la Voulzie\"\/><\/center>\n\n\n\n<h2 id=\"les-moulins-de-jutigny\" class=\"wp-block-heading\"><b>LES MOULINS DE JUTIGNY<\/b><\/h2>\n\n\n\n<p>On franchit \u00e0 nouveau la Voulzie et tombons sur le <strong>Moulin de Gouaix<\/strong>. Construit \u00e0 l\u2019emplacement d\u2019un ancien gu\u00e9, il abrite d\u00e9sormais de jolies chambres d\u2019h\u00f4tes (\u00e0 partir de 90\u20ac la nuit\u00e9e &#8211; www.chambre-hote-provins.com\/).<\/p>\n\n\n\n<p>Un peu plus loin, en face du <strong>Moulin de Jutigny<\/strong>, des moutons shetlands et une ch\u00e8vre blanche broutent tranquillement. Deux femmes sont install\u00e9es dans le jardin et l\u2019une d\u2019entre elle s\u00e9pare des morceaux de laine. On engage la conversation.<\/p>\n\n\n\n<p>Autodidacte, <strong>Marine Guillier<\/strong> nous explique qu&rsquo;elle s\u2019est lanc\u00e9e dans la production de laine en cr\u00e9ant <strong>La belle berg\u00e8re<\/strong>. Passionn\u00e9e par son m\u00e9tier, elle a aussi cofond\u00e9 l\u2019association Brebislaine afin d\u2019aider ses coll\u00e8gues artisans et sensibiliser les gens \u00e0 la qualit\u00e9 de la production fran\u00e7aise.<\/p>\n\n\n\n<p>L\u2019an dernier, la ville de Bray-sur-Seine accueillait d\u2019ailleurs la premi\u00e8re \u00e9dition de leur <strong>Festival de la brebis et de la laine<\/strong>. Laine, fils \u00e0 tricoter, toisons et cr\u00e9ations. Si tu souhaites lui passer commande ou encore faire un stage d\u2019initiation, tu peux la contacter par mail : <a href=\"mailto:brebislaine@gmail.com\">brebislaine@gmail.com<\/a> et par t\u00e9l\u00e9phone 01 64 08 82 77. &#x1f411;<\/p>\n\n\n\n<center><img data-recalc-dims=\"1\" decoding=\"async\" src=\"https:\/\/i0.wp.com\/www.shunrize.com\/2017\/jutigny-fleurs.jpg?w=700&#038;ssl=1\"\/><br \/><br \/>\n<img data-recalc-dims=\"1\" decoding=\"async\" src=\"https:\/\/i0.wp.com\/www.shunrize.com\/2017\/maison-jutigny.jpg?w=700&#038;ssl=1\"\/><br \/><br \/>\n<img data-recalc-dims=\"1\" decoding=\"async\" src=\"https:\/\/i0.wp.com\/www.shunrize.com\/2017\/rose-tremiere-jutigny.jpg?w=700&#038;ssl=1\"\/><br \/><br \/>\n<img data-recalc-dims=\"1\" decoding=\"async\" src=\"https:\/\/i0.wp.com\/www.shunrize.com\/2017\/moulin-de-gouaix-jutigny.jpg?w=700&#038;ssl=1\"alt=\"Moulin de Jutigny\"\/><br \/><br \/>\n<img data-recalc-dims=\"1\" decoding=\"async\" src=\"https:\/\/i0.wp.com\/www.shunrize.com\/2017\/la-belle-bergere-moulin-jutigny.jpg?w=700&#038;ssl=1\"alt=\"La belle berg\u00e8re Moulin de Jutigny\"\/><br \/><br \/>\n<img data-recalc-dims=\"1\" decoding=\"async\" src=\"https:\/\/i0.wp.com\/www.shunrize.com\/2017\/la-belle-bergere-sac.jpg?w=700&#038;ssl=1\"\/><br \/><br \/>\n<img data-recalc-dims=\"1\" decoding=\"async\" src=\"https:\/\/i0.wp.com\/www.shunrize.com\/2017\/moulin-de-jutigny.jpg?w=700&#038;ssl=1\"\/>\n<\/center>\n\n\n\n<h2 id=\"la-vallee-de-la-voulzie\" class=\"wp-block-heading\"><b>LA VALL\u00c9E DE LA VOULZIE<\/b><\/h2>\n\n\n\n<p>Il est d\u00e9j\u00e0 temps de repartir. On sort du village, on coupe la D\u00e9partementale et on s&rsquo;engage sur le terre-plein de l\u2019aqueduc de la Voulzie.<\/p>\n\n\n\n<p><strong>L&rsquo;\u00e9glise Saint-Meuge-de-Lourps <\/strong>est bient\u00f4t en vue sur le coteau \u00e0 notre gauche.&nbsp;\u00c9difi\u00e9e \u00e0 la fin du XII<sup>e<\/sup> si\u00e8cle, la chapelle en pierres grises est class\u00e9e monument historique depuis 1913. Ferm\u00e9e au public en 1966 suite \u00e0 l&rsquo;effondrement de sa vo\u00fbte, ses trois d\u00e9cors muraux (XIII<sup>e<\/sup> si\u00e8cle, fin du Moyen-\u00e2ge et du XVII<sup>e<\/sup> si\u00e8cle) auront n\u00e9cessit\u00e9 12 ans de restauration.<\/p>\n\n\n\n<p>Apr\u00e8s un petit arr\u00eat Mirabelles, on entre bient\u00f4t dans le bois Vaurien et descendons un chemin caillouteux qui m\u00e8ne \u00e0 la voie ferr\u00e9e. On distingue au loin le <strong>Viaduc de Besnard<\/strong> (dit aussi viaduc de Longueville) datant de 1856 qui s\u2019\u00e9l\u00e8ve \u00e0 19,30 m\u00e8tres.<\/p>\n\n\n\n<p>De retour \u00e0 la gare de Longueville, les b\u00e2timents d\u00e9saffect\u00e9s des <strong>\u00c9tablissements Jules Degond <\/strong>donnent l\u2019impression d\u2019\u00eatre sur un site fant\u00f4me. Cr\u00e9\u00e9 en 1861, cet atelier familial qui fabriquait principalement des tubes sanitaires a employ\u00e9 jusqu&rsquo;\u00e0 600 ouvriers. Malgr\u00e9 les reprises successives, l&rsquo;entreprise ferma d\u00e9finitivement en 2003.<\/p>\n\n\n\n<center><img data-recalc-dims=\"1\" decoding=\"async\" src=\"https:\/\/i0.wp.com\/www.shunrize.com\/2017\/aqueduc-voulzie.jpg?w=700&#038;ssl=1\"\/><br \/><br \/>\n<img data-recalc-dims=\"1\" decoding=\"async\" src=\"https:\/\/i0.wp.com\/www.shunrize.com\/2017\/eglise-saint-meuge-de-lourps-aqueduc-voulzie.jpg?w=700&#038;ssl=1\" alt=\"L'\u00e9glise Saint-Meuge-de-Lourps\"\/><br \/><br \/>\n<img data-recalc-dims=\"1\" decoding=\"async\" src=\"https:\/\/i0.wp.com\/www.shunrize.com\/2017\/lourps-fleurs-champs.jpg?w=700&#038;ssl=1\"\/><br \/><br \/>\n<img data-recalc-dims=\"1\" decoding=\"async\" src=\"https:\/\/i0.wp.com\/www.shunrize.com\/2017\/eglise-saint-meuge-de-lourps-longueville.jpg?w=700&#038;ssl=1\"\/><br \/><br \/>\n<img data-recalc-dims=\"1\" decoding=\"async\" src=\"https:\/\/i0.wp.com\/www.shunrize.com\/2017\/eglise-saint-meuge-de-lourps-detail.jpg?w=700&#038;ssl=1\"\/><br \/><br \/>\n<img data-recalc-dims=\"1\" decoding=\"async\" src=\"https:\/\/i0.wp.com\/www.shunrize.com\/2017\/mirabelles-longueville.jpg?w=700&#038;ssl=1\"\/><br \/><br \/>\n<img data-recalc-dims=\"1\" decoding=\"async\" src=\"https:\/\/i0.wp.com\/www.shunrize.com\/2017\/vue-viaduc-longueville.jpg?w=700&#038;ssl=1\" alt=\"vue du viaduc de longueville\"\/><br \/><br \/>\n<img data-recalc-dims=\"1\" decoding=\"async\" src=\"https:\/\/i0.wp.com\/www.shunrize.com\/2017\/bois-vaurien-longueville.jpg?w=700&#038;ssl=1\"\/><br \/><br \/>\n<img data-recalc-dims=\"1\" decoding=\"async\" src=\"https:\/\/i0.wp.com\/www.shunrize.com\/2017\/viaduc-longueville.jpg?w=700&#038;ssl=1\"\/><br \/><br \/>\n<img data-recalc-dims=\"1\" decoding=\"async\" src=\"https:\/\/i0.wp.com\/www.shunrize.com\/2017\/etablissements-jules-degond-longueville.jpg?w=700&#038;ssl=1\"\/><br \/><br \/>\n<img data-recalc-dims=\"1\" decoding=\"async\" src=\"https:\/\/i0.wp.com\/www.shunrize.com\/2017\/maison-longueville.jpg?w=700&#038;ssl=1\"\/>\n<\/center>\n\n\n\n<p>Sur cette randonn\u00e9e, on a particuli\u00e8rement aim\u00e9 les pauses gourmandes le long du chemin, la br\u00e8ve rencontre avec le chevreuil ainsi que l&rsquo;\u00e9change avec cette berg\u00e8re passionn\u00e9e.<\/p>\n\n\n\n<p>Les nombreux passages \u00e0 d\u00e9couvert dans les champs requi\u00e8rent le port d\u2019une casquette par temps chaud. Seule r\u00e9elle difficult\u00e9, la descente dans le bois Vaurien remplie de caillasses.<\/p>\n\n\n\n<figure class=\"wp-block-image\"><img data-recalc-dims=\"1\" decoding=\"async\" src=\"https:\/\/i0.wp.com\/shunrize.com\/blog\/wp-content\/uploads\/2017\/09\/GPS.jpg?w=700&#038;ssl=1\" alt=\"\"\/><\/figure>\n\n\n\n<figure><iframe loading=\"lazy\" src=\"https:\/\/www.google.com\/maps\/d\/embed?mid=1XynrzkhWTGe7uXY6cAiRmfxalxc\" width=\"280\" height=\"480\"><\/iframe><\/figure>\n\n\n\n<p class=\"has-text-align-right\">\u00a9 Cr\u00e9dits Photos &#8211; S H U N R I Z E.com<\/p>\n","protected":false},"excerpt":{"rendered":"<p>Apr\u00e8s notre escapade en Norv\u00e8ge, on a encore des fourmis dans les pattes. Munis de notre Pass Navigo, on part donc explorer \u00e0 nouveau l\u2019ile de France. 9h46, Dimanche 30 juillet. On prend le train \u00e0 Gare de l\u2019Est en direction de Provins pour se rendre \u00e0 Longueville. Ce voyage d\u20191 heure est \u00abgratuit\u00bb gr\u00e2ce [&hellip;]<\/p>\n","protected":false},"author":1,"featured_media":53119,"comment_status":"open","ping_status":"open","sticky":false,"template":"","format":"standard","meta":{"jetpack_post_was_ever_published":false,"_jetpack_newsletter_access":"","_jetpack_dont_email_post_to_subs":false,"_jetpack_newsletter_tier_id":0,"_jetpack_memberships_contains_paywalled_content":false,"csco_page_load_nextpost":"","csco_post_video_location":[],"csco_post_video_location_hash":"","csco_post_video_url":"","csco_post_video_bg_start_time":0,"csco_post_video_bg_end_time":0,"csco_post_text_color":"","_jetpack_memberships_contains_paid_content":false,"footnotes":"","jetpack_publicize_message":"","jetpack_publicize_feature_enabled":true,"jetpack_social_post_already_shared":false,"jetpack_social_options":{"image_generator_settings":{"template":"highway","default_image_id":0,"font":"","enabled":false},"version":2}},"categories":[7382],"tags":[7312,7185,7200,7358],"class_list":{"0":"post-53111","1":"post","2":"type-post","3":"status-publish","4":"format-standard","5":"has-post-thumbnail","7":"category-randonnees","8":"tag-balade","9":"tag-gr11","10":"tag-ile-de-france","11":"tag-produits-terroir","12":"cs-entry","13":"cs-video-wrap"},"aioseo_notices":[],"jetpack_publicize_connections":[],"jetpack_featured_media_url":"https:\/\/i0.wp.com\/shunrize.com\/blog\/wp-content\/uploads\/2017\/08\/La-belle-bergere-Marine-Guillier.jpg?fit=1385%2C600&ssl=1","jetpack-related-posts":[{"id":53329,"url":"https:\/\/shunrize.com\/blog\/randonnee-longueville-provins\/","url_meta":{"origin":53111,"position":0},"title":"\u00c0 l&rsquo;assaut de Provins","author":"Val\u00e9rie Denise","date":"08\/09\/2017","format":false,"excerpt":"Mercredi 2 ao\u00fbt. C\u2019est parti pour une nouvelle randonn\u00e9e en Ile de France. Un parcours de 20 kilom\u00e8tres jusqu'\u00e0 la cit\u00e9 M\u00e9di\u00e9vale de Provins. Le d\u00e9part se fait \u00e0 Longueville, accessible en 1h par le Transilien via Gare de l'Est (Zone 5 du Navigo). D\u00e9part : Longueville, Ligne PArriv\u00e9e :\u2026","rel":"","context":"Dans &quot;RANDOS&quot;","block_context":{"text":"RANDOS","link":"https:\/\/shunrize.com\/blog\/category\/randonnees\/"},"img":{"alt_text":"","src":"https:\/\/i0.wp.com\/shunrize.com\/blog\/wp-content\/uploads\/2017\/09\/longueville-provins-rando.jpg?fit=1200%2C520&ssl=1&resize=350%2C200","width":350,"height":200,"srcset":"https:\/\/i0.wp.com\/shunrize.com\/blog\/wp-content\/uploads\/2017\/09\/longueville-provins-rando.jpg?fit=1200%2C520&ssl=1&resize=350%2C200 1x, https:\/\/i0.wp.com\/shunrize.com\/blog\/wp-content\/uploads\/2017\/09\/longueville-provins-rando.jpg?fit=1200%2C520&ssl=1&resize=525%2C300 1.5x, https:\/\/i0.wp.com\/shunrize.com\/blog\/wp-content\/uploads\/2017\/09\/longueville-provins-rando.jpg?fit=1200%2C520&ssl=1&resize=700%2C400 2x, https:\/\/i0.wp.com\/shunrize.com\/blog\/wp-content\/uploads\/2017\/09\/longueville-provins-rando.jpg?fit=1200%2C520&ssl=1&resize=1050%2C600 3x"},"classes":[]},{"id":61656,"url":"https:\/\/shunrize.com\/blog\/5-randonnees-autour-de-paris-accessibles-en-train\/","url_meta":{"origin":53111,"position":1},"title":"5 randonn\u00e9es autour de Paris accessibles en train","author":"Val\u00e9rie Denise","date":"03\/06\/2020","format":false,"excerpt":"Apr\u00e8s des mois de confinement d\u00fb au Covid-19, l\u2019envie de se reconnecter \u00e0 la nature se fait plus pressante. Pour \u00e9chapper au bruit \u00e9tourdissant de nos rues parisiennes, que dirais-tu d\u2019une randonn\u00e9e \u00e0 port\u00e9e de train ? Sillonn\u00e9e par de nombreux GR et chemins balis\u00e9s, l\u2019Ile de France ne manque\u2026","rel":"","context":"Dans &quot;RANDOS&quot;","block_context":{"text":"RANDOS","link":"https:\/\/shunrize.com\/blog\/category\/randonnees\/"},"img":{"alt_text":"","src":"https:\/\/i0.wp.com\/shunrize.com\/blog\/wp-content\/uploads\/2020\/06\/5-randonnees-autour-de-paris-accessibles-sans-voiture.jpg?fit=1200%2C520&ssl=1&resize=350%2C200","width":350,"height":200,"srcset":"https:\/\/i0.wp.com\/shunrize.com\/blog\/wp-content\/uploads\/2020\/06\/5-randonnees-autour-de-paris-accessibles-sans-voiture.jpg?fit=1200%2C520&ssl=1&resize=350%2C200 1x, https:\/\/i0.wp.com\/shunrize.com\/blog\/wp-content\/uploads\/2020\/06\/5-randonnees-autour-de-paris-accessibles-sans-voiture.jpg?fit=1200%2C520&ssl=1&resize=525%2C300 1.5x, https:\/\/i0.wp.com\/shunrize.com\/blog\/wp-content\/uploads\/2020\/06\/5-randonnees-autour-de-paris-accessibles-sans-voiture.jpg?fit=1200%2C520&ssl=1&resize=700%2C400 2x, https:\/\/i0.wp.com\/shunrize.com\/blog\/wp-content\/uploads\/2020\/06\/5-randonnees-autour-de-paris-accessibles-sans-voiture.jpg?fit=1200%2C520&ssl=1&resize=1050%2C600 3x"},"classes":[]},{"id":43279,"url":"https:\/\/shunrize.com\/blog\/randonnee-ferte-alais-boutigny\/","url_meta":{"origin":53111,"position":2},"title":"Le G\u00e2tinais Fran\u00e7ais","author":"Val\u00e9rie Denise","date":"09\/04\/2015","format":false,"excerpt":"Partons \u00e0 la d\u00e9couverte du G\u00e2tinais Fran\u00e7ais, le pays des mille clairi\u00e8res et du gr\u00e8s, de La Fert\u00e9-Alais \u00e0 Boutigny-sur-Essonne.","rel":"","context":"Dans &quot;RANDOS&quot;","block_context":{"text":"RANDOS","link":"https:\/\/shunrize.com\/blog\/category\/randonnees\/"},"img":{"alt_text":"ru de Cerny","src":"https:\/\/i0.wp.com\/shunrize.com\/blog\/wp-content\/uploads\/2015\/04\/randonnee-ferte-alais-boutigny.jpg?fit=750%2C400&ssl=1&resize=350%2C200","width":350,"height":200,"srcset":"https:\/\/i0.wp.com\/shunrize.com\/blog\/wp-content\/uploads\/2015\/04\/randonnee-ferte-alais-boutigny.jpg?fit=750%2C400&ssl=1&resize=350%2C200 1x, https:\/\/i0.wp.com\/shunrize.com\/blog\/wp-content\/uploads\/2015\/04\/randonnee-ferte-alais-boutigny.jpg?fit=750%2C400&ssl=1&resize=525%2C300 1.5x, https:\/\/i0.wp.com\/shunrize.com\/blog\/wp-content\/uploads\/2015\/04\/randonnee-ferte-alais-boutigny.jpg?fit=750%2C400&ssl=1&resize=700%2C400 2x"},"classes":[]},{"id":55505,"url":"https:\/\/shunrize.com\/blog\/randonnees-paris-ile-de-france-accessible-navigo\/","url_meta":{"origin":53111,"position":3},"title":"L&rsquo;\u00e9vasion \u00e0 port\u00e9e de Navigo","author":"Val\u00e9rie Denise","date":"20\/04\/2018","format":false,"excerpt":"A quelques kilom\u00e8tres de Paris, 7 id\u00e9es de balade en Ile de France. Partez \u00e0 la d\u00e9couverte de la r\u00e9gion parisienne gr\u00e2ce \u00e0 une s\u00e9lection de sentiers desservis par les transports en commun.","rel":"","context":"Dans &quot;RANDOS&quot;","block_context":{"text":"RANDOS","link":"https:\/\/shunrize.com\/blog\/category\/randonnees\/"},"img":{"alt_text":"","src":"https:\/\/i0.wp.com\/shunrize.com\/blog\/wp-content\/uploads\/2018\/04\/randonnees-accessibles-navigo.jpg?fit=1200%2C520&ssl=1&resize=350%2C200","width":350,"height":200,"srcset":"https:\/\/i0.wp.com\/shunrize.com\/blog\/wp-content\/uploads\/2018\/04\/randonnees-accessibles-navigo.jpg?fit=1200%2C520&ssl=1&resize=350%2C200 1x, https:\/\/i0.wp.com\/shunrize.com\/blog\/wp-content\/uploads\/2018\/04\/randonnees-accessibles-navigo.jpg?fit=1200%2C520&ssl=1&resize=525%2C300 1.5x, https:\/\/i0.wp.com\/shunrize.com\/blog\/wp-content\/uploads\/2018\/04\/randonnees-accessibles-navigo.jpg?fit=1200%2C520&ssl=1&resize=700%2C400 2x, https:\/\/i0.wp.com\/shunrize.com\/blog\/wp-content\/uploads\/2018\/04\/randonnees-accessibles-navigo.jpg?fit=1200%2C520&ssl=1&resize=1050%2C600 3x"},"classes":[]},{"id":55418,"url":"https:\/\/shunrize.com\/blog\/randonnee-foret-de-marly\/","url_meta":{"origin":53111,"position":4},"title":"La For\u00eat de Marly","author":"Val\u00e9rie Denise","date":"09\/04\/2018","format":false,"excerpt":"Randonn\u00e9e p\u00e9destre dans les Yvelines via le GR1. Un parcours qui traverse la for\u00eat de Marly entre les gares SNCF de Bougival et Saint-Nom-la-Bret\u00e8che.","rel":"","context":"Dans &quot;RANDOS&quot;","block_context":{"text":"RANDOS","link":"https:\/\/shunrize.com\/blog\/category\/randonnees\/"},"img":{"alt_text":"randonn\u00e9e entre bougival et St Nom la Breteche","src":"https:\/\/i0.wp.com\/shunrize.com\/blog\/wp-content\/uploads\/2018\/04\/randonnee-foret-marly.jpg?fit=1200%2C520&ssl=1&resize=350%2C200","width":350,"height":200,"srcset":"https:\/\/i0.wp.com\/shunrize.com\/blog\/wp-content\/uploads\/2018\/04\/randonnee-foret-marly.jpg?fit=1200%2C520&ssl=1&resize=350%2C200 1x, https:\/\/i0.wp.com\/shunrize.com\/blog\/wp-content\/uploads\/2018\/04\/randonnee-foret-marly.jpg?fit=1200%2C520&ssl=1&resize=525%2C300 1.5x, https:\/\/i0.wp.com\/shunrize.com\/blog\/wp-content\/uploads\/2018\/04\/randonnee-foret-marly.jpg?fit=1200%2C520&ssl=1&resize=700%2C400 2x, https:\/\/i0.wp.com\/shunrize.com\/blog\/wp-content\/uploads\/2018\/04\/randonnee-foret-marly.jpg?fit=1200%2C520&ssl=1&resize=1050%2C600 3x"},"classes":[]},{"id":57193,"url":"https:\/\/shunrize.com\/blog\/randonnee-saint-michel-sur-orge\/","url_meta":{"origin":53111,"position":5},"title":"La boucle de St-Michel-sur-Orge","author":"Val\u00e9rie Denise","date":"10\/04\/2019","format":false,"excerpt":"Randonn\u00e9e p\u00e9destre dans la vall\u00e9e de l'Orge. Une boucle au d\u00e9part de la gare RER C de Saint-Michel-sur-Orge o\u00f9 l'on d\u00e9couvre le Ch\u00e2teau de Lormoy, la Basilique de Longpont et la Tour de Montlh\u00e9ry.","rel":"","context":"Dans &quot;RANDOS&quot;","block_context":{"text":"RANDOS","link":"https:\/\/shunrize.com\/blog\/category\/randonnees\/"},"img":{"alt_text":"Randonnee Saint-Michel-sur-Orge Parc de Lormoy","src":"https:\/\/i0.wp.com\/shunrize.com\/blog\/wp-content\/uploads\/2019\/04\/saint-michel-sur-orge-randonnee.jpg?fit=1200%2C520&ssl=1&resize=350%2C200","width":350,"height":200,"srcset":"https:\/\/i0.wp.com\/shunrize.com\/blog\/wp-content\/uploads\/2019\/04\/saint-michel-sur-orge-randonnee.jpg?fit=1200%2C520&ssl=1&resize=350%2C200 1x, https:\/\/i0.wp.com\/shunrize.com\/blog\/wp-content\/uploads\/2019\/04\/saint-michel-sur-orge-randonnee.jpg?fit=1200%2C520&ssl=1&resize=525%2C300 1.5x, https:\/\/i0.wp.com\/shunrize.com\/blog\/wp-content\/uploads\/2019\/04\/saint-michel-sur-orge-randonnee.jpg?fit=1200%2C520&ssl=1&resize=700%2C400 2x, https:\/\/i0.wp.com\/shunrize.com\/blog\/wp-content\/uploads\/2019\/04\/saint-michel-sur-orge-randonnee.jpg?fit=1200%2C520&ssl=1&resize=1050%2C600 3x"},"classes":[]}],"jetpack_sharing_enabled":true,"_links":{"self":[{"href":"https:\/\/shunrize.com\/blog\/wp-json\/wp\/v2\/posts\/53111","targetHints":{"allow":["GET"]}}],"collection":[{"href":"https:\/\/shunrize.com\/blog\/wp-json\/wp\/v2\/posts"}],"about":[{"href":"https:\/\/shunrize.com\/blog\/wp-json\/wp\/v2\/types\/post"}],"author":[{"embeddable":true,"href":"https:\/\/shunrize.com\/blog\/wp-json\/wp\/v2\/users\/1"}],"replies":[{"embeddable":true,"href":"https:\/\/shunrize.com\/blog\/wp-json\/wp\/v2\/comments?post=53111"}],"version-history":[{"count":0,"href":"https:\/\/shunrize.com\/blog\/wp-json\/wp\/v2\/posts\/53111\/revisions"}],"wp:featuredmedia":[{"embeddable":true,"href":"https:\/\/shunrize.com\/blog\/wp-json\/wp\/v2\/media\/53119"}],"wp:attachment":[{"href":"https:\/\/shunrize.com\/blog\/wp-json\/wp\/v2\/media?parent=53111"}],"wp:term":[{"taxonomy":"category","embeddable":true,"href":"https:\/\/shunrize.com\/blog\/wp-json\/wp\/v2\/categories?post=53111"},{"taxonomy":"post_tag","embeddable":true,"href":"https:\/\/shunrize.com\/blog\/wp-json\/wp\/v2\/tags?post=53111"}],"curies":[{"name":"wp","href":"https:\/\/api.w.org\/{rel}","templated":true}]}}