{"id":48350,"date":"2015-09-14T12:25:25","date_gmt":"2015-09-14T10:25:25","guid":{"rendered":"http:\/\/shunrize.com\/blog\/?p=48350"},"modified":"2025-06-27T10:21:55","modified_gmt":"2025-06-27T08:21:55","slug":"recette-cake-banane-sans-levure","status":"publish","type":"post","link":"https:\/\/shunrize.com\/blog\/recette-cake-banane-sans-levure\/","title":{"rendered":"Cake \u00e0 la banane sans levure"},"content":{"rendered":"\n<p><strong>Des \u0153ufs, de la farine, des bananes\u2026 Vendredi dernier, j\u2019avais tous les ingr\u00e9dients n\u00e9cessaires pour faire un cake \u00e0 la banane, sauf la sacro-sainte levure. <\/strong><\/p>\n\n\n\n<p>Autant te le dire tout de suite, j\u2019avais une immense flemme de sortir pour en acheter. Mais l&rsquo;extr\u00eame envie de manger un truc sucr\u00e9 \u00e9tant l\u00e0, je me suis tout de m\u00eame attel\u00e9e \u00e0 la confection d&rsquo;un cake \u00e0 la banane sans levure. R\u00e9sultat des courses ? En l&rsquo;absence de <a href=\"https:\/\/fr.wikipedia.org\/wiki\/Levure\" target=\"_blank\" rel=\"noopener nofollow\" title=\"la levure\">la levure<\/a> la texture est moins a\u00e9r\u00e9e que d\u2019habitude. Pour autant, le g\u00e2teau reste excellent et le volume est \u00e9galement au rendez-vous. Et comme je me suis r\u00e9gal\u00e9e, voici <a href=\"https:\/\/shunrize.com\/blog\/tag\/recette\/\" target=\"_blank\" rel=\"noopener nofollow\" title=\"la recette\">la recette<\/a> sp\u00e9ciale paresseuse si cela te tente \ud83d\ude09<\/p>\n\n\n\n<h2 id=\"a-savoir\" class=\"wp-block-heading\">A savoir<\/h2>\n\n\n\n<p><span style=\"text-decoration: underline;\">Temps de pr\u00e9paration<\/span> : 10 minutes<\/p>\n\n\n\n<p><span style=\"text-decoration: underline;\">Temps de cuisson<\/span> : + 50 minutes<\/p>\n\n\n\n<p><span style=\"text-decoration: underline;\">Difficult\u00e9<\/span> : facile<\/p>\n\n\n\n<h2 id=\"le-materiel\" class=\"wp-block-heading\">Le mat\u00e9riel<\/h2>\n\n\n\n<p>1 saladier<br \/>Fouet ou un batteur \u00e9lectrique (d\u00e9pend de ton niveau de flemme)<br \/>1 moule (le mien est en silicone, parfait pour le d\u00e9moulage !)<\/p>\n\n\n\n<ul class=\"wp-block-list\">\n<li><\/li>\n<\/ul>\n\n\n\n<h2 id=\"les-ingredients\" class=\"wp-block-heading\">Les ingr\u00e9dients<\/h2>\n\n\n\n<ul class=\"wp-block-list\">\n<li>2 bananes bien m\u00fbres<\/li>\n\n\n\n<li>100g de farine<\/li>\n\n\n\n<li>80g de beurre<\/li>\n\n\n\n<li>30g de sucre de canne<\/li>\n\n\n\n<li>3 \u0153ufs<\/li>\n\n\n\n<li>cannelle en poudre<\/li>\n\n\n\n<li>gousse de vanille<\/li>\n<\/ul>\n\n\n\n<h2 id=\"la-recette-detaillee-du-cake-a-la-banane-sans-levure\" class=\"wp-block-heading\">La recette d\u00e9taill\u00e9e du cake \u00e0 la banane sans levure<\/h2>\n\n\n\n<figure class=\"wp-block-image is-style-default\"><img data-recalc-dims=\"1\" decoding=\"async\" src=\"https:\/\/i0.wp.com\/www.shunrize.com\/2015\/cake-banane.jpg?w=700\" alt=\"recette cake \u00e0 la banane sans levure\"\/><\/figure>\n\n\n\n<ul class=\"wp-block-list\">\n<li>D\u00e9coupe des rondelles de bananes.<\/li>\n<\/ul>\n\n\n\n<ul class=\"wp-block-list\">\n<li>Puis, dans un saladier, fouette les \u0153ufs, le beurre, le sucre de canne et une pinc\u00e9e de cannelle.<\/li>\n<\/ul>\n\n\n\n<ul class=\"wp-block-list\">\n<li>Ajoute ensuite la farine et les rondelles de bananes.<\/li>\n<\/ul>\n\n\n\n<ul class=\"wp-block-list\">\n<li>Fend en deux la gousse de vanille, r\u00e9cup\u00e8re les graines puis d\u00e9pose les dans ce m\u00e9lange.<\/li>\n<\/ul>\n\n\n\n<ul class=\"wp-block-list\">\n<li>Mixe l&rsquo;ensemble jusqu&rsquo;\u00e0 ce que la p\u00e2te soit bien homog\u00e8ne.<\/li>\n<\/ul>\n\n\n\n<ul class=\"wp-block-list\">\n<li>Verse la pr\u00e9paration dans un moule l\u00e9g\u00e8rement graiss\u00e9.<\/li>\n<\/ul>\n\n\n\n<ul class=\"wp-block-list\">\n<li>Pr\u00e9chauffe ton four \u00e0 180\u00b0c.<\/li>\n\n\n\n<li>Enfin enfourne le moule sur une grill \u00e0 mi-hauteur pendant 50 minutes. Pour v\u00e9rifier la bonne cuisson de ton cake, plante la lame d\u2019un couteau. Celle-ci doit ressortir s\u00e8che.<\/li>\n<\/ul>\n\n\n\n<p>Et voil\u00e0, c\u2019est pr\u00eat !  Un d\u00e9licieux banana bread facile et rapide \u00e0 pr\u00e9parer\u00a0en 10 minutes seulement. Pour une variante ultra gourmande, tu peux aussi ajouter des p\u00e9pites de chocolat. Je te souhaite un bon app\u00e9tit \ud83d\ude09<\/p>\n","protected":false},"excerpt":{"rendered":"<p>Des \u0153ufs, de la farine, des bananes\u2026 Vendredi dernier, j\u2019avais tous les ingr\u00e9dients n\u00e9cessaires pour faire un cake \u00e0 la banane, sauf la sacro-sainte levure. Autant te le dire tout de suite, j\u2019avais une immense flemme de sortir pour en acheter. Mais l&rsquo;extr\u00eame envie de manger un truc sucr\u00e9 \u00e9tant l\u00e0, je me suis tout [&hellip;]<\/p>\n","protected":false},"author":1,"featured_media":44585,"comment_status":"open","ping_status":"open","sticky":false,"template":"","format":"standard","meta":{"jetpack_post_was_ever_published":false,"_jetpack_newsletter_access":"","_jetpack_dont_email_post_to_subs":true,"_jetpack_newsletter_tier_id":0,"_jetpack_memberships_contains_paywalled_content":false,"csco_page_load_nextpost":"","csco_post_video_location":[],"csco_post_video_location_hash":"","csco_post_video_url":"","csco_post_video_bg_start_time":0,"csco_post_video_bg_end_time":0,"csco_post_text_color":"","_jetpack_memberships_contains_paid_content":false,"footnotes":"","jetpack_publicize_message":"","jetpack_publicize_feature_enabled":true,"jetpack_social_post_already_shared":false,"jetpack_social_options":{"image_generator_settings":{"template":"highway","default_image_id":0,"font":"","enabled":false},"version":2}},"categories":[2002],"tags":[7399,7350],"class_list":{"0":"post-48350","1":"post","2":"type-post","3":"status-publish","4":"format-standard","5":"has-post-thumbnail","7":"category-lifestyle","8":"tag-cuisine","9":"tag-recette","10":"cs-entry","11":"cs-video-wrap"},"aioseo_notices":[],"jetpack_publicize_connections":[],"jetpack_featured_media_url":"https:\/\/i0.wp.com\/shunrize.com\/blog\/wp-content\/uploads\/2013\/10\/banane.jpg?fit=1200%2C520&ssl=1","jetpack-related-posts":[{"id":8656,"url":"https:\/\/shunrize.com\/blog\/menu-zombiesque\/","url_meta":{"origin":48350,"position":0},"title":"Menu Zombiesque pour Halloween","author":"Val\u00e9rie Denise","date":"30\/10\/2009","format":false,"excerpt":"Durant Halloween, la tradition veut que dans la nuit du 31 octobre au 1er novembre les enfants aillent sonner aux portes voisines, d\u00e9guis\u00e9s et effrayants, pour r\u00e9clamer des bonbons. Bien que ce soit une f\u00eate typiquement anglo-saxonne, elle semble s'\u00eatre bien install\u00e9e chez nous. Alors si vous avez envie de\u2026","rel":"","context":"Dans &quot;DEVIANT ZONE&quot;","block_context":{"text":"DEVIANT ZONE","link":"https:\/\/shunrize.com\/blog\/category\/deviant-zone\/"},"img":{"alt_text":"","src":"https:\/\/i0.wp.com\/shunrize.com\/blog\/wp-content\/uploads\/2009\/10\/Happy-Halloween.jpg?fit=1200%2C520&ssl=1&resize=350%2C200","width":350,"height":200,"srcset":"https:\/\/i0.wp.com\/shunrize.com\/blog\/wp-content\/uploads\/2009\/10\/Happy-Halloween.jpg?fit=1200%2C520&ssl=1&resize=350%2C200 1x, https:\/\/i0.wp.com\/shunrize.com\/blog\/wp-content\/uploads\/2009\/10\/Happy-Halloween.jpg?fit=1200%2C520&ssl=1&resize=525%2C300 1.5x, https:\/\/i0.wp.com\/shunrize.com\/blog\/wp-content\/uploads\/2009\/10\/Happy-Halloween.jpg?fit=1200%2C520&ssl=1&resize=700%2C400 2x, https:\/\/i0.wp.com\/shunrize.com\/blog\/wp-content\/uploads\/2009\/10\/Happy-Halloween.jpg?fit=1200%2C520&ssl=1&resize=1050%2C600 3x"},"classes":[]},{"id":11473,"url":"https:\/\/shunrize.com\/blog\/critique-kick-ass\/","url_meta":{"origin":48350,"position":1},"title":"Cin\u00e9ma | Kick Ass de Matthew Vaughn &#8211; Critique","author":"Val\u00e9rie Denise","date":"30\/03\/2010","format":false,"excerpt":"Obs\u00e9d\u00e9 par les comics, Dave Lizewski ne vit que pour ce monde peupl\u00e9 de super-h\u00e9ros. D\u00e9cid\u00e9 \u00e0 passer enfin \u00e0 l'action, il d\u00e9cide de se fabriquer un costume et de combattre le crime sous l'identit\u00e9 de Kick-Ass. Le seul probl\u00e8me dans ce plan farfelu : il ne poss\u00e8de aucun pouvoir...\u2026","rel":"","context":"Dans &quot;CULTURE&quot;","block_context":{"text":"CULTURE","link":"https:\/\/shunrize.com\/blog\/category\/culture\/"},"img":{"alt_text":"","src":"https:\/\/i0.wp.com\/shunrize.com\/blog\/wp-content\/uploads\/2010\/03\/kick-ass.jpg?fit=628%2C356&ssl=1&resize=350%2C200","width":350,"height":200,"srcset":"https:\/\/i0.wp.com\/shunrize.com\/blog\/wp-content\/uploads\/2010\/03\/kick-ass.jpg?fit=628%2C356&ssl=1&resize=350%2C200 1x, https:\/\/i0.wp.com\/shunrize.com\/blog\/wp-content\/uploads\/2010\/03\/kick-ass.jpg?fit=628%2C356&ssl=1&resize=525%2C300 1.5x"},"classes":[]},{"id":6110,"url":"https:\/\/shunrize.com\/blog\/critique-les-beaux-gosses\/","url_meta":{"origin":48350,"position":2},"title":"Cin\u00e9ma | Les beaux gosses, une com\u00e9die qui donne la banane","author":"Val\u00e9rie Denise","date":"11\/06\/2009","format":false,"excerpt":"Premier long-m\u00e9trage de l'auteur de BD Riad Sattouf (\"Pascal Brutal\", \"La Vie secr\u00e8te des jeunes\"...), \"Les beaux gosses\" nous d\u00e9peint donc les affres de l'adolescence \u00e0 travers les premiers d\u00e9boires amoureux d'\u00e9l\u00e8ves de 3e. Herv\u00e9, 14 ans, est un ado moyen. D\u00e9bord\u00e9 par ses pulsions et moyennement malin, il vit\u2026","rel":"","context":"Dans &quot;CULTURE&quot;","block_context":{"text":"CULTURE","link":"https:\/\/shunrize.com\/blog\/category\/culture\/"},"img":{"alt_text":"","src":"https:\/\/i0.wp.com\/shunrize.com\/blog\/wp-content\/uploads\/2009\/06\/les-beaux-gosses.jpg?fit=628%2C356&ssl=1&resize=350%2C200","width":350,"height":200,"srcset":"https:\/\/i0.wp.com\/shunrize.com\/blog\/wp-content\/uploads\/2009\/06\/les-beaux-gosses.jpg?fit=628%2C356&ssl=1&resize=350%2C200 1x, https:\/\/i0.wp.com\/shunrize.com\/blog\/wp-content\/uploads\/2009\/06\/les-beaux-gosses.jpg?fit=628%2C356&ssl=1&resize=525%2C300 1.5x"},"classes":[]},{"id":51636,"url":"https:\/\/shunrize.com\/blog\/brunch-les-jardins-du-marais-paris\/","url_meta":{"origin":48350,"position":3},"title":"Brunch Les Jardins du Marais &#8211; Paris 11e","author":"Val\u00e9rie Denise","date":"28\/06\/2017","format":false,"excerpt":"Une jolie terrasse parisienne \u00e0 l\u2019abri des passants et de la circulation, \u00e7a te tente ? Dimanche dernier, Alex m\u2019a emmen\u00e9 bruncher aux Jardins du Marais, une terrasse secr\u00e8te du 11e arrondissement, proche du boulevard Beaumarchais. En voyant la fa\u00e7ade du 74, rue Amelot, on n\u2019imagine pas qu\u2019un jardin m\u00e9diterran\u00e9en\u2026","rel":"","context":"Dans &quot;LIFESTYLE&quot;","block_context":{"text":"LIFESTYLE","link":"https:\/\/shunrize.com\/blog\/category\/lifestyle\/"},"img":{"alt_text":"","src":"https:\/\/i0.wp.com\/shunrize.com\/blog\/wp-content\/uploads\/2017\/06\/les-jardins-du-marais-paris-brunch.jpg?fit=1200%2C520&ssl=1&resize=350%2C200","width":350,"height":200,"srcset":"https:\/\/i0.wp.com\/shunrize.com\/blog\/wp-content\/uploads\/2017\/06\/les-jardins-du-marais-paris-brunch.jpg?fit=1200%2C520&ssl=1&resize=350%2C200 1x, https:\/\/i0.wp.com\/shunrize.com\/blog\/wp-content\/uploads\/2017\/06\/les-jardins-du-marais-paris-brunch.jpg?fit=1200%2C520&ssl=1&resize=525%2C300 1.5x, https:\/\/i0.wp.com\/shunrize.com\/blog\/wp-content\/uploads\/2017\/06\/les-jardins-du-marais-paris-brunch.jpg?fit=1200%2C520&ssl=1&resize=700%2C400 2x, https:\/\/i0.wp.com\/shunrize.com\/blog\/wp-content\/uploads\/2017\/06\/les-jardins-du-marais-paris-brunch.jpg?fit=1200%2C520&ssl=1&resize=1050%2C600 3x"},"classes":[]},{"id":23286,"url":"https:\/\/shunrize.com\/blog\/palmares-pifff-2011\/","url_meta":{"origin":48350,"position":4},"title":"PIFFF 2011 &#8211; Palmar\u00e8s &#038; Bilan de cette 1\u00e9re edition","author":"Val\u00e9rie Denise","date":"28\/11\/2011","format":false,"excerpt":"Depuis le 23 novembre dernier avait lieu la premi\u00e8re \u00e9dition du Paris International Fantastic Film Festival plus commun\u00e9ment appel\u00e9 le PIFFF. Science-fiction, horreur, fantasy ou encore thriller. Durant 5 jours, les amateurs de cin\u00e9ma de genre ont pu squatter les confortables si\u00e8ges de la salle num\u00e9ro 3 du cin\u00e9ma Gaumont\u2026","rel":"","context":"Dans &quot;DEVIANT ZONE&quot;","block_context":{"text":"DEVIANT ZONE","link":"https:\/\/shunrize.com\/blog\/category\/deviant-zone\/"},"img":{"alt_text":"","src":"https:\/\/i0.wp.com\/shunrize.com\/blog\/wp-content\/uploads\/2011\/11\/PIFFF-2011.jpg?fit=628%2C356&ssl=1&resize=350%2C200","width":350,"height":200,"srcset":"https:\/\/i0.wp.com\/shunrize.com\/blog\/wp-content\/uploads\/2011\/11\/PIFFF-2011.jpg?fit=628%2C356&ssl=1&resize=350%2C200 1x, https:\/\/i0.wp.com\/shunrize.com\/blog\/wp-content\/uploads\/2011\/11\/PIFFF-2011.jpg?fit=628%2C356&ssl=1&resize=525%2C300 1.5x"},"classes":[]},{"id":54464,"url":"https:\/\/shunrize.com\/blog\/tea-time-de-noel-hotel-scribe-paris-opera\/","url_meta":{"origin":48350,"position":5},"title":"Tea Time de No\u00ebl au Scribe Op\u00e9ra &#8211; Paris 9e","author":"Val\u00e9rie Denise","date":"26\/12\/2017","format":false,"excerpt":"Avis sur le Tea Time de No\u00ebl du Scribe Paris Op\u00e9ra by Sofitel, h\u00f4tel 5 \u00e9toiles. Au c\u0153ur de Paris, entre L'Op\u00e9ra Garnier, la Place Vend\u00f4me et les Grands Magasins.","rel":"","context":"Dans &quot;LIFESTYLE&quot;","block_context":{"text":"LIFESTYLE","link":"https:\/\/shunrize.com\/blog\/category\/lifestyle\/"},"img":{"alt_text":"","src":"https:\/\/i0.wp.com\/shunrize.com\/blog\/wp-content\/uploads\/2017\/12\/tea-time-noel-scribe-paris.jpg?fit=1200%2C520&ssl=1&resize=350%2C200","width":350,"height":200,"srcset":"https:\/\/i0.wp.com\/shunrize.com\/blog\/wp-content\/uploads\/2017\/12\/tea-time-noel-scribe-paris.jpg?fit=1200%2C520&ssl=1&resize=350%2C200 1x, https:\/\/i0.wp.com\/shunrize.com\/blog\/wp-content\/uploads\/2017\/12\/tea-time-noel-scribe-paris.jpg?fit=1200%2C520&ssl=1&resize=525%2C300 1.5x, https:\/\/i0.wp.com\/shunrize.com\/blog\/wp-content\/uploads\/2017\/12\/tea-time-noel-scribe-paris.jpg?fit=1200%2C520&ssl=1&resize=700%2C400 2x, https:\/\/i0.wp.com\/shunrize.com\/blog\/wp-content\/uploads\/2017\/12\/tea-time-noel-scribe-paris.jpg?fit=1200%2C520&ssl=1&resize=1050%2C600 3x"},"classes":[]}],"jetpack_sharing_enabled":true,"_links":{"self":[{"href":"https:\/\/shunrize.com\/blog\/wp-json\/wp\/v2\/posts\/48350","targetHints":{"allow":["GET"]}}],"collection":[{"href":"https:\/\/shunrize.com\/blog\/wp-json\/wp\/v2\/posts"}],"about":[{"href":"https:\/\/shunrize.com\/blog\/wp-json\/wp\/v2\/types\/post"}],"author":[{"embeddable":true,"href":"https:\/\/shunrize.com\/blog\/wp-json\/wp\/v2\/users\/1"}],"replies":[{"embeddable":true,"href":"https:\/\/shunrize.com\/blog\/wp-json\/wp\/v2\/comments?post=48350"}],"version-history":[{"count":0,"href":"https:\/\/shunrize.com\/blog\/wp-json\/wp\/v2\/posts\/48350\/revisions"}],"wp:featuredmedia":[{"embeddable":true,"href":"https:\/\/shunrize.com\/blog\/wp-json\/wp\/v2\/media\/44585"}],"wp:attachment":[{"href":"https:\/\/shunrize.com\/blog\/wp-json\/wp\/v2\/media?parent=48350"}],"wp:term":[{"taxonomy":"category","embeddable":true,"href":"https:\/\/shunrize.com\/blog\/wp-json\/wp\/v2\/categories?post=48350"},{"taxonomy":"post_tag","embeddable":true,"href":"https:\/\/shunrize.com\/blog\/wp-json\/wp\/v2\/tags?post=48350"}],"curies":[{"name":"wp","href":"https:\/\/api.w.org\/{rel}","templated":true}]}}