{"id":42863,"date":"2015-03-02T19:48:44","date_gmt":"2015-03-02T18:48:44","guid":{"rendered":"http:\/\/shunrize.com\/blog\/?p=42863"},"modified":"2021-01-05T16:18:13","modified_gmt":"2021-01-05T15:18:13","slug":"randonnee-versailles-etangs-de-la-bievre","status":"publish","type":"post","link":"https:\/\/shunrize.com\/blog\/randonnee-versailles-etangs-de-la-bievre\/","title":{"rendered":"Les \u00e9tangs de la Bi\u00e8vre"},"content":{"rendered":"\n<p><strong>Samedi 28 f\u00e9vrier. En d\u00e9pit des pluies \u00e9parses pr\u00e9vues en Ile de France, on d\u00e9cide de faire une randonn\u00e9e dans les Yvelines. Direction Versailles pour d\u00e9couvrir les \u00e9tangs de la Bi\u00e8vre.<\/strong><\/p>\n\n\n\n<p>Lorsqu&rsquo;on \u00e9voque Versailles, on pense imm\u00e9diatement \u00e0 son ch\u00e2teau, \u00e0 son parc de 800 hectares ou encore \u00e0 la fameuse pi\u00e8ce d\u2019eau des Suisses. Pourtant, il y a bien des choses \u00e0 voir en p\u00e9riph\u00e9rie. Suis-nous pour une balade en pleine nature \u00e0 la d\u00e9couverte des \u00e9tangs de la Bi\u00e8vre.<\/p>\n\n\n\n<p class=\"has-background\" style=\"background-color:#b4d079\"><strong>D\u00e9part :<\/strong> Versailles-Chantiers, RER C ou Lignes N et U<br \/><strong>Arriv\u00e9e :<\/strong> Versailles-Ch\u00e2teau-Rive-Gauche, RER C<br \/><strong>Dur\u00e9e estim\u00e9e :<\/strong> Moins de 6h<br \/><strong>Distance estim\u00e9e :<\/strong> 18 km<br \/><strong>Balisage :<\/strong> blanc-rouge<\/p>\n\n\n\n<h2 id=\"maison-forestiere-de-cerf-volant\" class=\"wp-block-heading\">MAISON FORESTI\u00c8RE DE CERF VOLANT<\/h2>\n\n\n\n<p>Depuis la gare de Versailles-Chantiers, on suit le balisage blanc-rouge menant \u00e0 l&rsquo;extr\u00e9mit\u00e9 de la rue \u00c9douard Charton. A l\u2019or\u00e9e du <strong>Bois Saint-Martin<\/strong>, on emprunte le sentier du GR 11 jusqu&rsquo;\u00e0 la maison foresti\u00e8re du Cerf-Volant. Le sol \u00e9tant relativement sec, on ne rencontre pas de difficult\u00e9s particuli\u00e8res sur cette portion qui surplombe la ville.<\/p>\n\n\n\n<center><img data-recalc-dims=\"1\" decoding=\"async\" src=\"https:\/\/i0.wp.com\/www.shunrize.com\/2015\/randonnee-versailles-etangs-de-la-bievre-1.jpg?w=700&#038;ssl=1\"\/>\n<img data-recalc-dims=\"1\" decoding=\"async\" src=\"https:\/\/i0.wp.com\/www.shunrize.com\/2015\/randonnee-versailles-etangs-de-la-bievre-2.jpg?w=700&#038;ssl=1\"\/>\n<img data-recalc-dims=\"1\" decoding=\"async\" src=\"https:\/\/i0.wp.com\/www.shunrize.com\/2015\/randonnee-versailles-etangs-de-la-bievre-3.jpg?w=700&#038;ssl=1\"\/>\n<img data-recalc-dims=\"1\" decoding=\"async\" src=\"https:\/\/i0.wp.com\/www.shunrize.com\/2015\/randonnee-versailles-etangs-de-la-bievre-4.jpg?w=700&#038;ssl=1\"\/><\/center>\n\n\n\n<h2 id=\"bois-du-cerf-volant\" class=\"wp-block-heading\">BOIS DU CERF-VOLANT<\/h2>\n\n\n\n<p>On traverse la D 938 pour entrer dans le <strong>Bois du Cerf-Volant<\/strong>. Apr\u00e8s avoir chemin\u00e9 une centaine de m\u00e8tres sur le sentier du GR 11, on poursuit sur le PR 14 (balisage jaune).<\/p>\n\n\n\n<p>La premi\u00e8re c\u00f4te qui se dresse devant nous culmine \u00e0 180 m\u00e8tres. Le petit rel\u00e2chement hivernal se fait alors douloureusement ressentir. La route \u00e0 haute circulation qui passe tout pr\u00e8s att\u00e9nue fortement l&rsquo;aspect d\u00e9paysant de notre promenade. On passe bient\u00f4t sous la N 12 et on tourne \u00e0 gauche.<\/p>\n\n\n\n<center><img data-recalc-dims=\"1\" decoding=\"async\" src=\"https:\/\/i0.wp.com\/www.shunrize.com\/2015\/randonnee-versailles-etangs-de-la-bievre-5.jpg?w=700&#038;ssl=1\"\/>\n<img data-recalc-dims=\"1\" decoding=\"async\" src=\"https:\/\/i0.wp.com\/www.shunrize.com\/2015\/randonnee-versailles-etangs-de-la-bievre-6.jpg?w=700&#038;ssl=1\"\/>\n<img data-recalc-dims=\"1\" decoding=\"async\" src=\"https:\/\/i0.wp.com\/www.shunrize.com\/2015\/randonnee-versailles-etangs-de-la-bievre-7.jpg?w=700&#038;ssl=1\"\/><\/center>\n\n\n\n<h2 id=\"bois-de-satory\" class=\"wp-block-heading\">BOIS DE SATORY<\/h2>\n\n\n\n<p>Une fois la D 91 travers\u00e9e, on longe la voie ferr\u00e9e qui borde le <strong>Bois de Satory<\/strong>. En chemin, on bifurque \u00e0 droite vers l\u2019All\u00e9e du potager pour faire quelques photos de la <strong>Pi\u00e8ce d\u2019eau des Suisses<\/strong>. Bord\u00e9e de vastes pelouses et d&rsquo;all\u00e9es de platanes, elle est \u00e0 cette heure-ci d\u00e9serte. Creus\u00e9 entre 1679 et 1682 par un r\u00e9giment de Gardes-Suisses qui lui a laiss\u00e9 son nom, ce bassin de 13 hectares \u00e9tait destin\u00e9 \u00e0 embellir la perspective sud du ch\u00e2teau dans le prolongement de l\u2019Orangerie.<\/p>\n\n\n\n<p>En reprenant la route vers l&rsquo;extr\u00e9mit\u00e9 du bois, on rencontre encore pas mal de c\u00f4tes. Au sommet de l\u2019une d\u2019entre elles, on peut y admirer le <a href=\"http:\/\/www.chateauversailles.fr\/\" target=\"_blank\" rel=\"noreferrer noopener nofollow\" title=\"http:\/\/www.chateauversailles.fr\/\">Ch\u00e2teau de Versailles<\/a>.<\/p>\n\n\n\n<p>Apr\u00e8s cette petite pause bien m\u00e9rit\u00e9e, on redescends jusqu&rsquo;\u00e0 la porte du Bois-Robert qui d\u00e9bouche sur <strong>Saint-Cyr-l\u2019\u00c9cole<\/strong>. Note que tu peux \u00e0 ce moment-l\u00e0 rejoindre la gare de St Cyr en prenant le sentier GR 11 \u00e0 droite.<\/p>\n\n\n\n<center><img data-recalc-dims=\"1\" decoding=\"async\" src=\"https:\/\/i0.wp.com\/www.shunrize.com\/2015\/randonnee-versailles-etangs-de-la-bievre-8.jpg?w=700&#038;ssl=1\"\/>\n<img data-recalc-dims=\"1\" decoding=\"async\" src=\"https:\/\/i0.wp.com\/www.shunrize.com\/2015\/randonnee-versailles-etangs-de-la-bievre-10.jpg?w=700&#038;ssl=1\"\/>\n<img data-recalc-dims=\"1\" decoding=\"async\" src=\"https:\/\/i0.wp.com\/www.shunrize.com\/2015\/randonnee-versailles-etangs-de-la-bievre-11.jpg?w=700&#038;ssl=1\"\/>\n<img data-recalc-dims=\"1\" decoding=\"async\" src=\"https:\/\/i0.wp.com\/www.shunrize.com\/2015\/randonnee-versailles-etangs-de-la-bievre-12.jpg?w=700&#038;ssl=1\"\/>\n<img data-recalc-dims=\"1\" decoding=\"async\" src=\"https:\/\/i0.wp.com\/www.shunrize.com\/2015\/randonnee-versailles-etangs-de-la-bievre-13.jpg?w=700&#038;ssl=1\"\/><\/center>\n\n\n\n<h2 id=\"les-etangs-de-la-haute-vallee-de-la-bievre\" class=\"wp-block-heading\">LES \u00c9TANGS DE LA HAUTE VALL\u00c9E DE LA BI\u00c8VRE <\/h2>\n\n\n\n<p>La randonn\u00e9e se poursuit \u00e0 gauche sur la route foresti\u00e8re de la fontaine Blanche qui longe le <strong>ru du Bois Robert<\/strong> (balisage blanc-rouge).<\/p>\n\n\n\n<p>On aper\u00e7oit rapidement l\u2019<strong>\u00e9tang du Moulin \u00e0 Renard<\/strong> qui fait partie des <a href=\"https:\/\/shunrize.com\/blog\/promenade-aux-etangs-de-la-miniere\/\" target=\"_blank\" rel=\"noreferrer noopener\" title=\"https:\/\/shunrize.com\/blog\/promenade-aux-etangs-de-la-miniere\/\">\u00e9tangs de La Mini\u00e8re<\/a>. Aux c\u00f4t\u00e9s de l\u2019\u00e9tang Braque et l\u2019\u00e9tang du Val d\u2019Or, ce plan d&rsquo;eau faisait jadis partie des canalisations alimentant les Grandes eaux de Versailles.<\/p>\n\n\n\n<p>On d\u00e9cide de profiter d\u2019une de ses tables de pique-nique pour y d\u00e9jeuner. Cygnes, canards, poules d\u2019eau, mouettes ou encore cormorans. Ici, les berges de l\u2019\u00e9tang abritent de nombreuses esp\u00e8ces d\u2019oiseaux.<\/p>\n\n\n\n<center><img data-recalc-dims=\"1\" decoding=\"async\" src=\"https:\/\/i0.wp.com\/www.shunrize.com\/2015\/randonnee-versailles-etangs-de-la-bievre-15.jpg?w=700&#038;ssl=1\"\/>\n<img data-recalc-dims=\"1\" decoding=\"async\" src=\"https:\/\/i0.wp.com\/www.shunrize.com\/2015\/randonnee-versailles-etangs-de-la-bievre-16.jpg?w=700&#038;ssl=1\"\/>\n<img data-recalc-dims=\"1\" decoding=\"async\" src=\"https:\/\/i0.wp.com\/www.shunrize.com\/2015\/randonnee-versailles-etangs-de-la-bievre-17.jpg?w=700&#038;ssl=1\"\/>\n<img data-recalc-dims=\"1\" decoding=\"async\" src=\"https:\/\/i0.wp.com\/www.shunrize.com\/2015\/randonnee-versailles-etangs-de-la-bievre-18.jpg?w=700&#038;ssl=1\"\/>\n<img data-recalc-dims=\"1\" decoding=\"async\" src=\"https:\/\/i0.wp.com\/www.shunrize.com\/2015\/randonnee-versailles-etangs-de-la-bievre-19.jpg?w=700&#038;ssl=1\"\/>\n<img data-recalc-dims=\"1\" decoding=\"async\" src=\"https:\/\/i0.wp.com\/www.shunrize.com\/2015\/randonnee-versailles-etangs-de-la-bievre-20.jpg?w=700&#038;ssl=1\"\/><\/center>\n\n\n\n<p>Un peu plus loin se trouve un second \u00e9tang, celui du<strong> Val d&rsquo;Or<\/strong>. Dot\u00e9 d&rsquo;une superficie de 5 hectares, cet ancien mar\u00e9cage am\u00e9nag\u00e9 en 1668 est quant \u00e0 lui le paradis des p\u00eacheurs. Au menu : goujons, truites arc en ciel ou encore gardons.<\/p>\n\n\n\n<center><img data-recalc-dims=\"1\" decoding=\"async\" src=\"https:\/\/i0.wp.com\/www.shunrize.com\/2015\/randonnee-versailles-etangs-de-la-bievre-21.jpg?w=700&#038;ssl=1\"\/>\n<img data-recalc-dims=\"1\" decoding=\"async\" src=\"https:\/\/i0.wp.com\/www.shunrize.com\/2015\/randonnee-versailles-etangs-de-la-bievre-22.jpg?w=700&#038;ssl=1\"\/>\n<img data-recalc-dims=\"1\" decoding=\"async\" src=\"https:\/\/i0.wp.com\/www.shunrize.com\/2015\/randonnee-versailles-etangs-de-la-bievre-23.jpg?w=700&#038;ssl=1\"\/>\n<img data-recalc-dims=\"1\" decoding=\"async\" src=\"https:\/\/i0.wp.com\/www.shunrize.com\/2015\/randonnee-versailles-etangs-de-la-bievre-24.jpg?w=700&#038;ssl=1\"\/><\/center>\n\n\n\n<p>Apr\u00e8s les \u00e9tangs de La Mini\u00e8re, la Bi\u00e8vre poursuit son cours en se jetant dans <strong>l&rsquo;\u00e9tang de la Geneste<\/strong>. Situ\u00e9 sur le territoire de la commune de Buc, il a \u00e9t\u00e9 creus\u00e9 en 1948 pour prot\u00e9ger la ville des inondations.<\/p>\n\n\n\n<p>On y croise un rouge-gorge qui semble prendre la pause devant notre appareil et on regrette de ne pas avoir emmen\u00e9 un plus gros objectif pour lui rendre hommage.<\/p>\n\n\n\n<center><img data-recalc-dims=\"1\" decoding=\"async\" src=\"https:\/\/i0.wp.com\/www.shunrize.com\/2015\/randonnee-versailles-etangs-de-la-bievre-25.jpg?w=700&#038;ssl=1\"\/>\n<img data-recalc-dims=\"1\" decoding=\"async\" src=\"https:\/\/i0.wp.com\/www.shunrize.com\/2015\/randonnee-versailles-etangs-de-la-bievre-26.jpg?w=700&#038;ssl=1\"\/>\n<img data-recalc-dims=\"1\" decoding=\"async\" src=\"https:\/\/i0.wp.com\/www.shunrize.com\/2015\/randonnee-versailles-etangs-de-la-bievre-27.jpg?w=700&#038;ssl=1\"\/>\n<img data-recalc-dims=\"1\" decoding=\"async\" src=\"https:\/\/i0.wp.com\/www.shunrize.com\/2015\/randonnee-versailles-etangs-de-la-bievre-28.jpg?w=700&#038;ssl=1\"\/><\/center>\n\n\n\n<h2 id=\"retour-a-versailles\" class=\"wp-block-heading\">RETOUR \u00c0 VERSAILLES<\/h2>\n\n\n\n<p>Encore quelques c\u00f4tes au programme et on amorce le retour vers la gare de <strong>Versailles-Ch\u00e2teau-Rive-Gauche<\/strong>, en suivant toujours le balisage du GR 11.<\/p>\n\n\n\n<p>On passe le carrefour de Sebaque et on rejoint une nouvelle fois la maison foresti\u00e8re du Cerf-Volant, puis le centre-ville de Versailles. Heureusement pour nous M\u00e9t\u00e9o France s&rsquo;est plant\u00e9 car on a pass\u00e9 la journ\u00e9e au sec !<\/p>\n\n\n\n<center><img data-recalc-dims=\"1\" decoding=\"async\" src=\"https:\/\/i0.wp.com\/www.shunrize.com\/2015\/randonnee-versailles-etangs-de-la-bievre-29.jpg?w=700&#038;ssl=1\"\/>\n<img data-recalc-dims=\"1\" decoding=\"async\" src=\"https:\/\/i0.wp.com\/www.shunrize.com\/2015\/randonnee-versailles-etangs-de-la-bievre-31.jpg?w=700&#038;ssl=1\"\/>\n<img data-recalc-dims=\"1\" decoding=\"async\" src=\"https:\/\/i0.wp.com\/www.shunrize.com\/2015\/randonnee-versailles-etangs-de-la-bievre-32.jpg?w=700&#038;ssl=1\"\/><\/center>\n\n\n\n<p>Cette randonn\u00e9e ne s\u2019adresse vraiment pas \u00e0 tout le monde \u00e0 cause de ses nombreuses c\u00f4tes \u00e0 gravir. Pr\u00e9vois de bonnes chaussures de marche car certains passages sont assez compliqu\u00e9s en baskets.<\/p>\n\n\n\n<p>Coinc\u00e9s entre le plateau agricole de Guyancourt au sud et le camp militaire de Satory au nord, la haute vall\u00e9e de la Bi\u00e8vre et ses trois \u00e9tangs offrent une balade nettement plus agr\u00e9able que la portion du PR 14. C\u2019est pourquoi, on te recommande de la d\u00e9laisser et de commencer plut\u00f4t ta randonn\u00e9e \u00e0 partir de la gare de St Cyr en empruntant le GR 11.<\/p>\n\n\n\n<center><img data-recalc-dims=\"1\" decoding=\"async\" src=\"https:\/\/i0.wp.com\/www.shunrize.com\/2015\/Rando-Versailles-cote-nature-plan.png?w=700&#038;ssl=1\" alt=\"plan randonn\u00e9e Les \u00e9tangs de la Bi\u00e8vre\"\/><\/center>\n","protected":false},"excerpt":{"rendered":"<p>Suivez-nous pour une balade en pleine nature en p\u00e9riph\u00e9rie de Versailles <\/p>\n","protected":false},"author":1,"featured_media":50893,"comment_status":"open","ping_status":"open","sticky":false,"template":"","format":"standard","meta":{"jetpack_post_was_ever_published":false,"_jetpack_newsletter_access":"","_jetpack_dont_email_post_to_subs":true,"_jetpack_newsletter_tier_id":0,"_jetpack_memberships_contains_paywalled_content":false,"csco_page_load_nextpost":"","csco_post_video_location":[],"csco_post_video_location_hash":"","csco_post_video_url":"","csco_post_video_bg_start_time":0,"csco_post_video_bg_end_time":0,"csco_post_text_color":"","_jetpack_memberships_contains_paid_content":false,"footnotes":"","jetpack_publicize_message":"","jetpack_publicize_feature_enabled":true,"jetpack_social_post_already_shared":false,"jetpack_social_options":{"image_generator_settings":{"template":"highway","default_image_id":0,"font":"","enabled":false},"version":2}},"categories":[7382],"tags":[7312,7185,7200],"class_list":{"0":"post-42863","1":"post","2":"type-post","3":"status-publish","4":"format-standard","5":"has-post-thumbnail","7":"category-randonnees","8":"tag-balade","9":"tag-gr11","10":"tag-ile-de-france","11":"cs-entry","12":"cs-video-wrap"},"aioseo_notices":[],"jetpack_publicize_connections":[],"jetpack_featured_media_url":"https:\/\/i0.wp.com\/shunrize.com\/blog\/wp-content\/uploads\/2015\/03\/randonnee-etangs-de-la-bievre-versailles-1.jpg?fit=1385%2C600&ssl=1","jetpack-related-posts":[{"id":62558,"url":"https:\/\/shunrize.com\/blog\/promenade-aux-etangs-de-la-miniere\/","url_meta":{"origin":42863,"position":0},"title":"Promenade aux \u00c9tangs de La Mini\u00e8re","author":"Val\u00e9rie Denise","date":"27\/07\/2020","format":false,"excerpt":"A la recherche d\u2019un cadre privil\u00e9gi\u00e9 pour te ressourcer le temps d\u2019une apr\u00e8s-midi\u00a0? En route pour la vall\u00e9e de la Bi\u00e8vre \u00e0 Guyancourt et laisse-toi s\u00e9duire par les charmes des \u00e9tangs de La Mini\u00e8re. Nous voici \u00e0 3 kilom\u00e8tres de la Gare SNCF de Saint-Cyr. Constitu\u00e9s de quatre plans d\u2019eau,\u2026","rel":"","context":"Dans &quot;RANDOS&quot;","block_context":{"text":"RANDOS","link":"https:\/\/shunrize.com\/blog\/category\/randonnees\/"},"img":{"alt_text":"","src":"https:\/\/i0.wp.com\/shunrize.com\/blog\/wp-content\/uploads\/2020\/07\/promenade-guyancourt-etangs-de-la-miniere.jpg?fit=1200%2C520&ssl=1&resize=350%2C200","width":350,"height":200,"srcset":"https:\/\/i0.wp.com\/shunrize.com\/blog\/wp-content\/uploads\/2020\/07\/promenade-guyancourt-etangs-de-la-miniere.jpg?fit=1200%2C520&ssl=1&resize=350%2C200 1x, https:\/\/i0.wp.com\/shunrize.com\/blog\/wp-content\/uploads\/2020\/07\/promenade-guyancourt-etangs-de-la-miniere.jpg?fit=1200%2C520&ssl=1&resize=525%2C300 1.5x, https:\/\/i0.wp.com\/shunrize.com\/blog\/wp-content\/uploads\/2020\/07\/promenade-guyancourt-etangs-de-la-miniere.jpg?fit=1200%2C520&ssl=1&resize=700%2C400 2x, https:\/\/i0.wp.com\/shunrize.com\/blog\/wp-content\/uploads\/2020\/07\/promenade-guyancourt-etangs-de-la-miniere.jpg?fit=1200%2C520&ssl=1&resize=1050%2C600 3x"},"classes":[]},{"id":42327,"url":"https:\/\/shunrize.com\/blog\/la-promenade-des-vallons-de-la-bievre\/","url_meta":{"origin":42863,"position":1},"title":"La Promenade des Vallons de la Bi\u00e8vre","author":"Val\u00e9rie Denise","date":"27\/01\/2015","format":false,"excerpt":"Aujourd'hui, partons en balade le long de la Coul\u00e9e verte du sud parisien","rel":"","context":"Dans &quot;RANDOS&quot;","block_context":{"text":"RANDOS","link":"https:\/\/shunrize.com\/blog\/category\/randonnees\/"},"img":{"alt_text":"","src":"https:\/\/i0.wp.com\/shunrize.com\/blog\/wp-content\/uploads\/2015\/01\/coulee-verte-du-sud-parisien.png?fit=750%2C400&ssl=1&resize=350%2C200","width":350,"height":200,"srcset":"https:\/\/i0.wp.com\/shunrize.com\/blog\/wp-content\/uploads\/2015\/01\/coulee-verte-du-sud-parisien.png?fit=750%2C400&ssl=1&resize=350%2C200 1x, https:\/\/i0.wp.com\/shunrize.com\/blog\/wp-content\/uploads\/2015\/01\/coulee-verte-du-sud-parisien.png?fit=750%2C400&ssl=1&resize=525%2C300 1.5x, https:\/\/i0.wp.com\/shunrize.com\/blog\/wp-content\/uploads\/2015\/01\/coulee-verte-du-sud-parisien.png?fit=750%2C400&ssl=1&resize=700%2C400 2x"},"classes":[]},{"id":42908,"url":"https:\/\/shunrize.com\/blog\/randonnee-chemin-jean-racine-vallee-de-chevreuse\/","url_meta":{"origin":42863,"position":2},"title":"Sur les pas de Jean Racine","author":"Val\u00e9rie Denise","date":"10\/03\/2015","format":false,"excerpt":"Suivez-nous au c\u0153ur de la Vall\u00e9e de Chevreuse pour une randonn\u00e9e qui allie nature, gastronomie et culture.","rel":"","context":"Dans &quot;RANDOS&quot;","block_context":{"text":"RANDOS","link":"https:\/\/shunrize.com\/blog\/category\/randonnees\/"},"img":{"alt_text":"","src":"https:\/\/i0.wp.com\/shunrize.com\/blog\/wp-content\/uploads\/2015\/03\/randonnee-chemin-jean-racine-vallee-de-chevreuse.jpg?fit=1200%2C520&ssl=1&resize=350%2C200","width":350,"height":200,"srcset":"https:\/\/i0.wp.com\/shunrize.com\/blog\/wp-content\/uploads\/2015\/03\/randonnee-chemin-jean-racine-vallee-de-chevreuse.jpg?fit=1200%2C520&ssl=1&resize=350%2C200 1x, https:\/\/i0.wp.com\/shunrize.com\/blog\/wp-content\/uploads\/2015\/03\/randonnee-chemin-jean-racine-vallee-de-chevreuse.jpg?fit=1200%2C520&ssl=1&resize=525%2C300 1.5x, https:\/\/i0.wp.com\/shunrize.com\/blog\/wp-content\/uploads\/2015\/03\/randonnee-chemin-jean-racine-vallee-de-chevreuse.jpg?fit=1200%2C520&ssl=1&resize=700%2C400 2x, https:\/\/i0.wp.com\/shunrize.com\/blog\/wp-content\/uploads\/2015\/03\/randonnee-chemin-jean-racine-vallee-de-chevreuse.jpg?fit=1200%2C520&ssl=1&resize=1050%2C600 3x"},"classes":[]},{"id":48589,"url":"https:\/\/shunrize.com\/blog\/balade-13eme-arrondissement-paris\/","url_meta":{"origin":42863,"position":3},"title":"Balade bucolique dans le 13eme \u00e0 Paris","author":"Val\u00e9rie Denise","date":"10\/05\/2016","format":false,"excerpt":"Contrairement aux id\u00e9es re\u00e7ues, la capitale cache en son sein des endroits reposants o\u00f9 il fait bon vivre. En ce dimanche ensoleill\u00e9 du mois de mai, nous partons donc en vadrouille dans le 13e, au sud-est de Paris, pour en d\u00e9couvrir quelques-uns. Notre balade d\u00e9bute dans le 13e arrondissement entre\u2026","rel":"","context":"Dans &quot;RANDOS&quot;","block_context":{"text":"RANDOS","link":"https:\/\/shunrize.com\/blog\/category\/randonnees\/"},"img":{"alt_text":"Cit\u00e9 florale Paris 13e","src":"https:\/\/i0.wp.com\/shunrize.com\/blog\/wp-content\/uploads\/2016\/05\/Balade-Paris-13e.jpg?fit=1200%2C520&ssl=1&resize=350%2C200","width":350,"height":200,"srcset":"https:\/\/i0.wp.com\/shunrize.com\/blog\/wp-content\/uploads\/2016\/05\/Balade-Paris-13e.jpg?fit=1200%2C520&ssl=1&resize=350%2C200 1x, https:\/\/i0.wp.com\/shunrize.com\/blog\/wp-content\/uploads\/2016\/05\/Balade-Paris-13e.jpg?fit=1200%2C520&ssl=1&resize=525%2C300 1.5x, https:\/\/i0.wp.com\/shunrize.com\/blog\/wp-content\/uploads\/2016\/05\/Balade-Paris-13e.jpg?fit=1200%2C520&ssl=1&resize=700%2C400 2x, https:\/\/i0.wp.com\/shunrize.com\/blog\/wp-content\/uploads\/2016\/05\/Balade-Paris-13e.jpg?fit=1200%2C520&ssl=1&resize=1050%2C600 3x"},"classes":[]},{"id":43172,"url":"https:\/\/shunrize.com\/blog\/randonnee-saint-germain-en-laye-maisons-laffitte\/","url_meta":{"origin":42863,"position":4},"title":"La route des trois ch\u00e2teaux","author":"Val\u00e9rie Denise","date":"17\/03\/2015","format":false,"excerpt":"Suivez-nous pour une promenade royale en for\u00eat de Saint-Germain-en-Laye","rel":"","context":"Dans &quot;RANDOS&quot;","block_context":{"text":"RANDOS","link":"https:\/\/shunrize.com\/blog\/category\/randonnees\/"},"img":{"alt_text":"","src":"https:\/\/i0.wp.com\/shunrize.com\/blog\/wp-content\/uploads\/2015\/03\/foret-saint-germain-la-route-des-trois-chateaux.jpg?fit=750%2C400&ssl=1&resize=350%2C200","width":350,"height":200,"srcset":"https:\/\/i0.wp.com\/shunrize.com\/blog\/wp-content\/uploads\/2015\/03\/foret-saint-germain-la-route-des-trois-chateaux.jpg?fit=750%2C400&ssl=1&resize=350%2C200 1x, https:\/\/i0.wp.com\/shunrize.com\/blog\/wp-content\/uploads\/2015\/03\/foret-saint-germain-la-route-des-trois-chateaux.jpg?fit=750%2C400&ssl=1&resize=525%2C300 1.5x, https:\/\/i0.wp.com\/shunrize.com\/blog\/wp-content\/uploads\/2015\/03\/foret-saint-germain-la-route-des-trois-chateaux.jpg?fit=750%2C400&ssl=1&resize=700%2C400 2x"},"classes":[]},{"id":50739,"url":"https:\/\/shunrize.com\/blog\/randonnee-etangs-de-rambouillet-le-perray\/","url_meta":{"origin":42863,"position":5},"title":"Quatre \u00e9tangs de la For\u00eat de Rambouillet","author":"Val\u00e9rie Denise","date":"29\/05\/2017","format":false,"excerpt":"Dimanche 21 mai. On s\u2019offre \u00e0 nouveau un bol d\u2019air frais \u00e0 deux pas de Paris. Au c\u0153ur de la For\u00eat de Rambouillet, cette randonn\u00e9e empruntera les sentiers du GR1 et du PR78. De Paris, le TER \u00e0 la gare Montparnasse en direction de Chartres met 35 minutes et le\u2026","rel":"","context":"Dans &quot;RANDOS&quot;","block_context":{"text":"RANDOS","link":"https:\/\/shunrize.com\/blog\/category\/randonnees\/"},"img":{"alt_text":"Vue sur l'\u00e9tang de la Tour \u00e0 Rambouillet","src":"https:\/\/i0.wp.com\/shunrize.com\/blog\/wp-content\/uploads\/2017\/05\/etang-de-la-tour-rambouillet.jpg?fit=1200%2C520&ssl=1&resize=350%2C200","width":350,"height":200,"srcset":"https:\/\/i0.wp.com\/shunrize.com\/blog\/wp-content\/uploads\/2017\/05\/etang-de-la-tour-rambouillet.jpg?fit=1200%2C520&ssl=1&resize=350%2C200 1x, https:\/\/i0.wp.com\/shunrize.com\/blog\/wp-content\/uploads\/2017\/05\/etang-de-la-tour-rambouillet.jpg?fit=1200%2C520&ssl=1&resize=525%2C300 1.5x, https:\/\/i0.wp.com\/shunrize.com\/blog\/wp-content\/uploads\/2017\/05\/etang-de-la-tour-rambouillet.jpg?fit=1200%2C520&ssl=1&resize=700%2C400 2x, https:\/\/i0.wp.com\/shunrize.com\/blog\/wp-content\/uploads\/2017\/05\/etang-de-la-tour-rambouillet.jpg?fit=1200%2C520&ssl=1&resize=1050%2C600 3x"},"classes":[]}],"jetpack_sharing_enabled":true,"_links":{"self":[{"href":"https:\/\/shunrize.com\/blog\/wp-json\/wp\/v2\/posts\/42863","targetHints":{"allow":["GET"]}}],"collection":[{"href":"https:\/\/shunrize.com\/blog\/wp-json\/wp\/v2\/posts"}],"about":[{"href":"https:\/\/shunrize.com\/blog\/wp-json\/wp\/v2\/types\/post"}],"author":[{"embeddable":true,"href":"https:\/\/shunrize.com\/blog\/wp-json\/wp\/v2\/users\/1"}],"replies":[{"embeddable":true,"href":"https:\/\/shunrize.com\/blog\/wp-json\/wp\/v2\/comments?post=42863"}],"version-history":[{"count":0,"href":"https:\/\/shunrize.com\/blog\/wp-json\/wp\/v2\/posts\/42863\/revisions"}],"wp:featuredmedia":[{"embeddable":true,"href":"https:\/\/shunrize.com\/blog\/wp-json\/wp\/v2\/media\/50893"}],"wp:attachment":[{"href":"https:\/\/shunrize.com\/blog\/wp-json\/wp\/v2\/media?parent=42863"}],"wp:term":[{"taxonomy":"category","embeddable":true,"href":"https:\/\/shunrize.com\/blog\/wp-json\/wp\/v2\/categories?post=42863"},{"taxonomy":"post_tag","embeddable":true,"href":"https:\/\/shunrize.com\/blog\/wp-json\/wp\/v2\/tags?post=42863"}],"curies":[{"name":"wp","href":"https:\/\/api.w.org\/{rel}","templated":true}]}}