{"id":40927,"date":"2014-11-26T13:24:25","date_gmt":"2014-11-26T12:24:25","guid":{"rendered":"http:\/\/shunrize.com\/blog\/?p=40927"},"modified":"2022-12-15T10:49:15","modified_gmt":"2022-12-15T09:49:15","slug":"palmares-pifff-2014","status":"publish","type":"post","link":"https:\/\/shunrize.com\/blog\/palmares-pifff-2014\/","title":{"rendered":"PIFFF 2014 &#8211; Le Palmar\u00e8s de cette 4e \u00e9dition"},"content":{"rendered":"\n<p><strong>Du 18 au 23 novembre derniers, de nombreux spectateurs ont investi le cin\u00e9ma Gaumont Op\u00e9ra pour assister aux 21 s\u00e9ances du <a href=\"https:\/\/www.pifff.fr\/\" target=\"_blank\" rel=\"noopener nofollow\" title=\"PIFFF \">PIFFF <\/a>concoct\u00e9es par Fausto Fasulo, Cyril Despontin, R-One Chaffiot et Benjamin Leroy.<\/strong><\/p>\n\n\n\n<p>S\u00e9ances cultes avec notamment l\u2019incontournable \u00ab<a href=\"https:\/\/shunrize.com\/blog\/la-saga-freddy-krueger\/\" target=\"_blank\" rel=\"noopener nofollow\" title=\"La Saga Freddy Krueger\">Les Griffes de la Nuit<\/a>\u00bb, longs-m\u00e9trages internationaux, court-m\u00e9trages, une nuit sp\u00e9ciale Invasion Extra-terrestre, ou encore avant-premi\u00e8res.<\/p>\n\n\n<div class=\"wp-block-image is-style-default\">\n<figure class=\"aligncenter\"><a href=\"https:\/\/i0.wp.com\/shunrize.com\/blog\/wp-content\/uploads\/2014\/11\/team-pifff-2014.jpg\"><img data-recalc-dims=\"1\" loading=\"lazy\" decoding=\"async\" width=\"700\" height=\"466\" src=\"https:\/\/i0.wp.com\/shunrize.com\/blog\/wp-content\/uploads\/2014\/11\/team-pifff-2014.jpg?resize=700%2C466\" alt=\"team-pifff-2014\" class=\"wp-image-40938\" srcset=\"https:\/\/i0.wp.com\/shunrize.com\/blog\/wp-content\/uploads\/2014\/11\/team-pifff-2014.jpg?w=720&amp;ssl=1 720w, https:\/\/i0.wp.com\/shunrize.com\/blog\/wp-content\/uploads\/2014\/11\/team-pifff-2014.jpg?resize=360%2C240&amp;ssl=1 360w, https:\/\/i0.wp.com\/shunrize.com\/blog\/wp-content\/uploads\/2014\/11\/team-pifff-2014.jpg?resize=320%2C213&amp;ssl=1 320w, https:\/\/i0.wp.com\/shunrize.com\/blog\/wp-content\/uploads\/2014\/11\/team-pifff-2014.jpg?resize=700%2C466&amp;ssl=1 700w\" sizes=\"auto, (max-width: 700px) 100vw, 700px\" \/><\/a><\/figure>\n<\/div>\n\n\n<p class=\"has-text-align-center\"><i>L&rsquo;\u00e9quipe du PIFFF 2014<\/i><\/p>\n\n\n\n<p>Dimanche, jour de cl\u00f4ture de cette quatri\u00e8me \u00e9dition du Paris International Fantastic Film Festival (PIFFF), plusieurs prix ont \u00e9t\u00e9 d\u00e9cern\u00e9s.<\/p>\n\n\n\n<h2 id=\"oeil-dor-les-prix-du-public\" class=\"wp-block-heading\"><span style=\"color: #008080;\">\u0152il d&rsquo;or &#8211; Les prix du public<\/span><\/h2>\n\n\n\n<p><strong>Long-m\u00e9trage<\/strong><br \/>S\u00e9lectionn\u00e9 parmi les longs-m\u00e9trages de la comp\u00e9tition internationale : SPRING r\u00e9alis\u00e9 par <strong>Justin Benson<\/strong> et <strong>Aaron Moorhead<\/strong> (\u00c9tats-Unis\/Italie, 2014) &#8211; Pas encore de distributeur en France<\/p>\n\n\n\n<p><strong>Court-m\u00e9trage fran\u00e7ais<\/strong><br \/>S\u00e9lectionn\u00e9 parmi les courts-m\u00e9trages fran\u00e7ais de la comp\u00e9tition : PUZZLE r\u00e9alis\u00e9 par <strong>R\u00e9my Rondeau<\/strong> (France, 2014)<\/p>\n\n\n\n<p><strong>Court-m\u00e9trage international<\/strong><br \/>S\u00e9lectionn\u00e9 parmi les courts-m\u00e9trages internationaux en comp\u00e9tition : THE BOY WITH A CAMERA FOR A FACE r\u00e9alis\u00e9 par <strong>Spencer Brown<\/strong> (Grande-Bretagne, 2013)<\/p>\n\n\n\n<h2 id=\"le-prix-du-jury-du-meilleur-court-metrage-francais\" class=\"wp-block-heading\"><span style=\"color: #008080;\">Le Prix du Jury du meilleur court-m\u00e9trage fran\u00e7ais<\/span><\/h2>\n\n\n\n<figure class=\"wp-block-image is-style-default\"><a href=\"https:\/\/i0.wp.com\/shunrize.com\/blog\/wp-content\/uploads\/2014\/11\/jury-PIFFF-2014.jpg\"><img data-recalc-dims=\"1\" loading=\"lazy\" decoding=\"async\" width=\"700\" height=\"466\" src=\"https:\/\/i0.wp.com\/shunrize.com\/blog\/wp-content\/uploads\/2014\/11\/jury-PIFFF-2014.jpg?resize=700%2C466\" alt=\"jury-PIFFF-2014\" class=\"wp-image-40937\" srcset=\"https:\/\/i0.wp.com\/shunrize.com\/blog\/wp-content\/uploads\/2014\/11\/jury-PIFFF-2014.jpg?w=720&amp;ssl=1 720w, https:\/\/i0.wp.com\/shunrize.com\/blog\/wp-content\/uploads\/2014\/11\/jury-PIFFF-2014.jpg?resize=360%2C240&amp;ssl=1 360w, https:\/\/i0.wp.com\/shunrize.com\/blog\/wp-content\/uploads\/2014\/11\/jury-PIFFF-2014.jpg?resize=320%2C213&amp;ssl=1 320w, https:\/\/i0.wp.com\/shunrize.com\/blog\/wp-content\/uploads\/2014\/11\/jury-PIFFF-2014.jpg?resize=700%2C466&amp;ssl=1 700w\" sizes=\"auto, (max-width: 700px) 100vw, 700px\" \/><\/a><\/figure>\n\n\n\n<p>Compos\u00e9 de <strong>C\u00e9line Tran<\/strong> (r\u00e9alisatrice, com\u00e9dienne et sc\u00e9nariste), <strong>Antoine Blossier<\/strong> (r\u00e9alisateur et sc\u00e9nariste), <strong>Kook Ewo<\/strong> (cr\u00e9ateur de g\u00e9n\u00e9riques de films), Rob (compositeur) et <strong>Bastien Viv\u00e8s<\/strong> (auteur et dessinateur), le jury courts-m\u00e9trages fran\u00e7ais, a choisi PUZZLE de <strong>R\u00e9my Rondeau<\/strong> et a \u00e9galement attribu\u00e9 une mention sp\u00e9ciale \u00e0 SHADOW de <strong>Lorenzo Recio<\/strong>.<\/p>\n\n\n\n<h2 id=\"les-prix-du-jury-cine-frisson\" class=\"wp-block-heading\"><span style=\"color: #008080;\">Les prix du jury Cin\u00e9+ Frisson<\/span><\/h2>\n\n\n\n<p>Le jury Cin\u00e9+ Frisson, compos\u00e9 de Myriam Hac\u00e8ne (directrice de la cha\u00eene) et Christophe Comm\u00e8res (directeur adjoint) a quant \u00e0 lui d\u00e9cern\u00e9 deux autres prix :<\/p>\n\n\n\n<p><strong>Long-m\u00e9trage<\/strong><br \/>S\u00e9lectionn\u00e9 parmi les longs-m\u00e9trages de la comp\u00e9tition internationale : ALLELUIA r\u00e9alis\u00e9 par <strong>Fabrice Du Welz<\/strong> (France \/ Belgique, 2014) &#8211; sortie en salles le 26 novembre 2014<\/p>\n\n\n\n<p><strong>Court-m\u00e9trage<\/strong><br \/>S\u00e9lectionn\u00e9 parmi les courts-m\u00e9trages fran\u00e7ais en comp\u00e9tition : SHADOW r\u00e9alis\u00e9 par <strong>Lorenzo Recio<\/strong> (France, 2014)<\/p>\n","protected":false},"excerpt":{"rendered":"<p>Retrouvez le palmar\u00e8s complet de la 3e \u00e9dition du Paris International Fantastic Film Festival <\/p>\n","protected":false},"author":1,"featured_media":40187,"comment_status":"open","ping_status":"open","sticky":false,"template":"","format":"standard","meta":{"jetpack_post_was_ever_published":false,"_jetpack_newsletter_access":"","_jetpack_dont_email_post_to_subs":false,"_jetpack_newsletter_tier_id":0,"_jetpack_memberships_contains_paywalled_content":false,"csco_page_load_nextpost":"","csco_post_video_location":[],"csco_post_video_location_hash":"","csco_post_video_url":"","csco_post_video_bg_start_time":0,"csco_post_video_bg_end_time":0,"csco_post_text_color":"","_jetpack_memberships_contains_paid_content":false,"footnotes":"","jetpack_publicize_message":"","jetpack_publicize_feature_enabled":true,"jetpack_social_post_already_shared":false,"jetpack_social_options":{"image_generator_settings":{"template":"highway","default_image_id":0,"font":"","enabled":false},"version":2}},"categories":[7407],"tags":[7285],"class_list":{"0":"post-40927","1":"post","2":"type-post","3":"status-publish","4":"format-standard","5":"has-post-thumbnail","7":"category-deviant-zone","8":"tag-cinema","9":"cs-entry","10":"cs-video-wrap"},"aioseo_notices":[],"jetpack_publicize_connections":[],"jetpack_featured_media_url":"https:\/\/i0.wp.com\/shunrize.com\/blog\/wp-content\/uploads\/2014\/10\/PIFFF-2014.png?fit=750%2C400&ssl=1","jetpack-related-posts":[{"id":27431,"url":"https:\/\/shunrize.com\/blog\/palmares-pifff-2012\/","url_meta":{"origin":40927,"position":0},"title":"PIFFF 2012 &#8211; Palmar\u00e8s de cette 2e \u00e9dition","author":"Val\u00e9rie Denise","date":"26\/11\/2012","format":false,"excerpt":"Du 16 au 25 novembre dernier, 9000 spectateurs ont choisi de se rendre au cin\u00e9ma Gaumont Op\u00e9ra pour le Paris International Fantastic Film Festival (PIFFF). Une seconde \u00e9dition qui proposaient aux amateurs de films fantastique 27 longs-m\u00e9trages internationaux dont plusieurs premi\u00e8res mondiales, europ\u00e9ennes et fran\u00e7aises, 23 courts-m\u00e9trages fran\u00e7ais et internationaux\u2026","rel":"","context":"Dans &quot;DEVIANT ZONE&quot;","block_context":{"text":"DEVIANT ZONE","link":"https:\/\/shunrize.com\/blog\/category\/deviant-zone\/"},"img":{"alt_text":"","src":"https:\/\/i0.wp.com\/shunrize.com\/blog\/wp-content\/uploads\/2012\/11\/pifff_2012.jpg?fit=628%2C356&ssl=1&resize=350%2C200","width":350,"height":200,"srcset":"https:\/\/i0.wp.com\/shunrize.com\/blog\/wp-content\/uploads\/2012\/11\/pifff_2012.jpg?fit=628%2C356&ssl=1&resize=350%2C200 1x, https:\/\/i0.wp.com\/shunrize.com\/blog\/wp-content\/uploads\/2012\/11\/pifff_2012.jpg?fit=628%2C356&ssl=1&resize=525%2C300 1.5x"},"classes":[]},{"id":32077,"url":"https:\/\/shunrize.com\/blog\/palmares-pifff-2013\/","url_meta":{"origin":40927,"position":1},"title":"PIFFF 2013 &#8211; Palmar\u00e8s de cette 3e edition","author":"Val\u00e9rie Denise","date":"26\/11\/2013","format":false,"excerpt":"Du 19 au 24 novembre, 7550 spectateurs ont squatt\u00e9s le cin\u00e9ma Gaumont Op\u00e9ra pour assister aux 23 s\u00e9ances de la troisi\u00e8me \u00e9dition du Paris International Fantastic Film Festival (PIFFF). Longs-m\u00e9trages internationaux, s\u00e9ances cultes, court-m\u00e9trages, nuit \u00e0 th\u00e8me, d\u00e9dicace et avant-premi\u00e8re. Un programme vari\u00e9 concoct\u00e9 par Fausto Fasulo, r\u00e9dacteur en chef\u2026","rel":"","context":"Dans &quot;CULTURE&quot;","block_context":{"text":"CULTURE","link":"https:\/\/shunrize.com\/blog\/category\/culture\/"},"img":{"alt_text":"","src":"https:\/\/i0.wp.com\/shunrize.com\/blog\/wp-content\/uploads\/2013\/11\/bilan-pifff-2013.jpg?fit=628%2C356&ssl=1&resize=350%2C200","width":350,"height":200,"srcset":"https:\/\/i0.wp.com\/shunrize.com\/blog\/wp-content\/uploads\/2013\/11\/bilan-pifff-2013.jpg?fit=628%2C356&ssl=1&resize=350%2C200 1x, https:\/\/i0.wp.com\/shunrize.com\/blog\/wp-content\/uploads\/2013\/11\/bilan-pifff-2013.jpg?fit=628%2C356&ssl=1&resize=525%2C300 1.5x"},"classes":[]},{"id":23286,"url":"https:\/\/shunrize.com\/blog\/palmares-pifff-2011\/","url_meta":{"origin":40927,"position":2},"title":"PIFFF 2011 &#8211; Palmar\u00e8s &#038; Bilan de cette 1\u00e9re edition","author":"Val\u00e9rie Denise","date":"28\/11\/2011","format":false,"excerpt":"Depuis le 23 novembre dernier avait lieu la premi\u00e8re \u00e9dition du Paris International Fantastic Film Festival plus commun\u00e9ment appel\u00e9 le PIFFF. Science-fiction, horreur, fantasy ou encore thriller. Durant 5 jours, les amateurs de cin\u00e9ma de genre ont pu squatter les confortables si\u00e8ges de la salle num\u00e9ro 3 du cin\u00e9ma Gaumont\u2026","rel":"","context":"Dans &quot;DEVIANT ZONE&quot;","block_context":{"text":"DEVIANT ZONE","link":"https:\/\/shunrize.com\/blog\/category\/deviant-zone\/"},"img":{"alt_text":"","src":"https:\/\/i0.wp.com\/shunrize.com\/blog\/wp-content\/uploads\/2011\/11\/PIFFF-2011.jpg?fit=628%2C356&ssl=1&resize=350%2C200","width":350,"height":200,"srcset":"https:\/\/i0.wp.com\/shunrize.com\/blog\/wp-content\/uploads\/2011\/11\/PIFFF-2011.jpg?fit=628%2C356&ssl=1&resize=350%2C200 1x, https:\/\/i0.wp.com\/shunrize.com\/blog\/wp-content\/uploads\/2011\/11\/PIFFF-2011.jpg?fit=628%2C356&ssl=1&resize=525%2C300 1.5x"},"classes":[]},{"id":40186,"url":"https:\/\/shunrize.com\/blog\/pifff-2014-premiers-titres\/","url_meta":{"origin":40927,"position":3},"title":"PIFFF 2014 &#8211; Les premiers titres","author":"Val\u00e9rie Denise","date":"29\/10\/2014","format":false,"excerpt":"\u00c0 quelques semaines du d\u00e9but des hostilit\u00e9s, le 18 novembre prochain, le PIFFF balance ses premi\u00e8res bombes.","rel":"","context":"Dans &quot;DEVIANT ZONE&quot;","block_context":{"text":"DEVIANT ZONE","link":"https:\/\/shunrize.com\/blog\/category\/deviant-zone\/"},"img":{"alt_text":"","src":"https:\/\/i0.wp.com\/shunrize.com\/blog\/wp-content\/uploads\/2014\/10\/PIFFF-2014.png?fit=750%2C400&ssl=1&resize=350%2C200","width":350,"height":200,"srcset":"https:\/\/i0.wp.com\/shunrize.com\/blog\/wp-content\/uploads\/2014\/10\/PIFFF-2014.png?fit=750%2C400&ssl=1&resize=350%2C200 1x, https:\/\/i0.wp.com\/shunrize.com\/blog\/wp-content\/uploads\/2014\/10\/PIFFF-2014.png?fit=750%2C400&ssl=1&resize=525%2C300 1.5x, https:\/\/i0.wp.com\/shunrize.com\/blog\/wp-content\/uploads\/2014\/10\/PIFFF-2014.png?fit=750%2C400&ssl=1&resize=700%2C400 2x"},"classes":[]},{"id":27317,"url":"https:\/\/shunrize.com\/blog\/pifff-2012-programmation\/","url_meta":{"origin":40927,"position":4},"title":"PIFFF 2012 &#8211; Programmation","author":"Val\u00e9rie Denise","date":"10\/11\/2012","format":false,"excerpt":"La seconde \u00e9dition Paris International Fantastic Film Festival se tiendra du 16 au 25 novembre prochains au Cin\u00e9ma Gaumont Op\u00e9ra de Paris. Au programme une vingtaine de films de genre diffus\u00e9s la semaine \u00e0 partir de 19h30 afin que vous puissiez tous en profiter. En revanche, une seule diffusion est\u2026","rel":"","context":"Dans &quot;DEVIANT ZONE&quot;","block_context":{"text":"DEVIANT ZONE","link":"https:\/\/shunrize.com\/blog\/category\/deviant-zone\/"},"img":{"alt_text":"","src":"https:\/\/i0.wp.com\/shunrize.com\/blog\/wp-content\/uploads\/2012\/11\/pifff_2012.jpg?fit=628%2C356&ssl=1&resize=350%2C200","width":350,"height":200,"srcset":"https:\/\/i0.wp.com\/shunrize.com\/blog\/wp-content\/uploads\/2012\/11\/pifff_2012.jpg?fit=628%2C356&ssl=1&resize=350%2C200 1x, https:\/\/i0.wp.com\/shunrize.com\/blog\/wp-content\/uploads\/2012\/11\/pifff_2012.jpg?fit=628%2C356&ssl=1&resize=525%2C300 1.5x"},"classes":[]},{"id":40752,"url":"https:\/\/shunrize.com\/blog\/the-mole-song-takashi-miike\/","url_meta":{"origin":40927,"position":5},"title":"PIFFF 2014 &#8211; The Mole Song: Undercover Agent Reiji","author":"Val\u00e9rie Denise","date":"19\/11\/2014","format":false,"excerpt":"Mon avis sur le film d'ouverture du PIFFF 2014, The Mole Song: Undercover Agent Reiji de Takashi Miike","rel":"","context":"Dans &quot;DEVIANT ZONE&quot;","block_context":{"text":"DEVIANT ZONE","link":"https:\/\/shunrize.com\/blog\/category\/deviant-zone\/"},"img":{"alt_text":"","src":"https:\/\/i0.wp.com\/shunrize.com\/blog\/wp-content\/uploads\/2014\/11\/The-Mole-Song-Takashi-Miike.png?fit=750%2C400&ssl=1&resize=350%2C200","width":350,"height":200,"srcset":"https:\/\/i0.wp.com\/shunrize.com\/blog\/wp-content\/uploads\/2014\/11\/The-Mole-Song-Takashi-Miike.png?fit=750%2C400&ssl=1&resize=350%2C200 1x, https:\/\/i0.wp.com\/shunrize.com\/blog\/wp-content\/uploads\/2014\/11\/The-Mole-Song-Takashi-Miike.png?fit=750%2C400&ssl=1&resize=525%2C300 1.5x, https:\/\/i0.wp.com\/shunrize.com\/blog\/wp-content\/uploads\/2014\/11\/The-Mole-Song-Takashi-Miike.png?fit=750%2C400&ssl=1&resize=700%2C400 2x"},"classes":[]}],"jetpack_sharing_enabled":true,"_links":{"self":[{"href":"https:\/\/shunrize.com\/blog\/wp-json\/wp\/v2\/posts\/40927","targetHints":{"allow":["GET"]}}],"collection":[{"href":"https:\/\/shunrize.com\/blog\/wp-json\/wp\/v2\/posts"}],"about":[{"href":"https:\/\/shunrize.com\/blog\/wp-json\/wp\/v2\/types\/post"}],"author":[{"embeddable":true,"href":"https:\/\/shunrize.com\/blog\/wp-json\/wp\/v2\/users\/1"}],"replies":[{"embeddable":true,"href":"https:\/\/shunrize.com\/blog\/wp-json\/wp\/v2\/comments?post=40927"}],"version-history":[{"count":0,"href":"https:\/\/shunrize.com\/blog\/wp-json\/wp\/v2\/posts\/40927\/revisions"}],"wp:featuredmedia":[{"embeddable":true,"href":"https:\/\/shunrize.com\/blog\/wp-json\/wp\/v2\/media\/40187"}],"wp:attachment":[{"href":"https:\/\/shunrize.com\/blog\/wp-json\/wp\/v2\/media?parent=40927"}],"wp:term":[{"taxonomy":"category","embeddable":true,"href":"https:\/\/shunrize.com\/blog\/wp-json\/wp\/v2\/categories?post=40927"},{"taxonomy":"post_tag","embeddable":true,"href":"https:\/\/shunrize.com\/blog\/wp-json\/wp\/v2\/tags?post=40927"}],"curies":[{"name":"wp","href":"https:\/\/api.w.org\/{rel}","templated":true}]}}