{"id":40186,"date":"2014-10-29T09:38:06","date_gmt":"2014-10-29T08:38:06","guid":{"rendered":"http:\/\/shunrize.com\/blog\/?p=40186"},"modified":"2022-12-15T10:43:15","modified_gmt":"2022-12-15T09:43:15","slug":"pifff-2014-premiers-titres","status":"publish","type":"post","link":"https:\/\/shunrize.com\/blog\/pifff-2014-premiers-titres\/","title":{"rendered":"PIFFF 2014 &#8211; Les premiers titres"},"content":{"rendered":"\n<p><strong>La quatri\u00e8me \u00e9dition du Paris International Fantastic Film Festival se tiendra du 18 au 23 novembre prochains au Cin\u00e9ma Gaumont Op\u00e9ra Capucines. <\/strong><\/p>\n\n\n\n<p>Au menu&nbsp;: une Nuit Invasion Extraterrestre le samedi 22 novembre, des avant-premi\u00e8res, des in\u00e9dits et une s\u00e9lection des courts-m\u00e9trages fran\u00e7ais et internationaux. D\u00e9couvrez ce que r\u00e9serve le <a href=\"https:\/\/www.pifff.fr\/\" target=\"_blank\" rel=\"noopener nofollow\" title=\"PIFFF \">PIFFF <\/a>cette ann\u00e9e.<\/p>\n\n\n\n<figure class=\"wp-block-image is-style-default\"><img data-recalc-dims=\"1\" decoding=\"async\" src=\"https:\/\/i0.wp.com\/www.shunrize.com\/2014\/PIFFF-affiche-2014.png?w=700\" alt=\"\"\/><\/figure>\n\n\n\n<h2 id=\"les-membres-du-jury\" class=\"wp-block-heading\"><span style=\"color: #008080;\"><b>Les membres du jury<\/b><\/span><\/h2>\n\n\n\n<p>\u2022 <b>Comp\u00e9tition Courts-M\u00e9trages<\/b><br \/>C\u00e9line Tran, com\u00e9dienne et sc\u00e9nariste<br \/>Rob, compositeur<br \/>Kook Ewo, cr\u00e9ateur de g\u00e9n\u00e9riques de films<br \/>Bastien Viv\u00e8s, auteur et dessinateur<br \/>Antoine Blossier, r\u00e9alisateur et sc\u00e9nariste<\/p>\n\n\n\n<h2 id=\"avant-premieres\" class=\"wp-block-heading\"><b><span style=\"color: #008080;\">Avant-premi\u00e8res<\/span><br \/><\/b><\/h2>\n\n\n\n<p><a href=\"https:\/\/shunrize.com\/blog\/housebound-gerard-johnstone\/\" target=\"_blank\" rel=\"noopener nofollow\" title=\"PIFFF 2014 \u2013 Housebound\">Housebound <\/a>de Gerard Johnstone &#8211; Nouvelle-Z\u00e9lande &#8211; 2014<\/p>\n\n\n\n<p><a href=\"https:\/\/shunrize.com\/blog\/shrews-nest-andres-roel\/\" target=\"_blank\" rel=\"noopener nofollow\" title=\"PIFFF 2014 \u2013 Shrew\u2019s Nest\">Shrew&rsquo;s Nest <\/a>de Juanfer Andr\u00e9s et Esteban Roel, une production \u00c1lex de la Iglesia &#8211; Espagne &#8211; 2014<\/p>\n\n\n\n<p><strong>Starry Eyes<\/strong> de Kevin Kolsch et Dennis Widmyer &#8211; \u00c9tats-Unis &#8211; 2014<\/p>\n\n\n\n<p><strong>The Duke of Burgundy<\/strong> de Peter Strickland &#8211; Royaume-Uni &#8211; 2014<\/p>\n\n\n\n<p><strong>Spring<\/strong> de Justin Benson et Aaron Moorhead &#8211; \u00c9tats-Unis &#8211; 2014<\/p>\n\n\n\n<p><a href=\"https:\/\/shunrize.com\/blog\/the-mole-song-takashi-miike\/\" target=\"_blank\" rel=\"noopener nofollow\" title=\"PIFFF 2014 \u2013 The Mole Song: Undercover Agent Reiji\">The Mole Song: Undercover Agent Reiji <\/a>de Takashi Miike &#8211; Japon &#8211; 2013<\/p>\n\n\n\n<p><strong>Tusk<\/strong> de Kevin Smith &#8211; \u00c9tats-Unis &#8211; 2014<\/p>\n\n\n\n<p><strong>R100<\/strong> de Hitoshi Matsumoto &#8211; Japon &#8211; 2014<\/p>\n\n\n\n<h2 id=\"nuit-invasion-extraterrestres\" class=\"wp-block-heading\"><span style=\"color: #008080;\">Nuit invasion extraterrestres<\/span><\/h2>\n\n\n\n<ul class=\"wp-block-list\">\n<li><strong>Invasion Los Angeles<\/strong> de John Carpenter &#8211; \u00c9tats-Unis &#8211; 1988<\/li>\n\n\n\n<li><strong>Killer Klowns From Outer Space&nbsp;<\/strong>de Stephen Chiodo &#8211; \u00c9tats-Unis &#8211; 1988<\/li>\n\n\n\n<li><strong>L&rsquo;invasion des profanateurs<\/strong> de Philip Kaufman &#8211; \u00c9tats-Unis &#8211; 1978<\/li>\n\n\n\n<li><a href=\"https:\/\/shunrize.com\/blog\/la-saga-du-blob\/\" target=\"_blank\" rel=\"noopener nofollow\" title=\"La Saga du Blob\">Le Blob <\/a>de\u00a0Chuck Russell &#8211; \u00c9tats-Unis &#8211; 1988<\/li>\n<\/ul>\n\n\n\n<h2 id=\"courts-metrages-francais\" class=\"wp-block-heading\"><span style=\"color: #008080;\">Courts-m\u00e9trages fran\u00e7ais<\/span><\/h2>\n\n\n\n<ul class=\"wp-block-list\">\n<li><strong>Shadow <\/strong>de Lorenzo Recio &#8211; 2014<\/li>\n\n\n\n<li><strong>Puzzle <\/strong>de R\u00e9my Rondeau &#8211; 2014<\/li>\n\n\n\n<li><strong>Noct <\/strong>de Vincent Toujas &#8211; 2014<\/li>\n\n\n\n<li><strong>The Sunboy <\/strong>de Jp Bouix &#8211; 2014<\/li>\n\n\n\n<li><strong>La Momie <\/strong>de Lewis Eizykman \u2013 2014<\/li>\n\n\n\n<li><strong>Lune Noire <\/strong>de Gallien Guibert \u2013 2013<\/li>\n<\/ul>\n\n\n\n<h2 id=\"courts-metrages-internationaux\" class=\"wp-block-heading\"><span style=\"color: #008080;\">Courts m\u00e9trages internationaux<br \/><\/span><\/h2>\n\n\n\n<ul class=\"wp-block-list\">\n<li><strong>A(R)Men <\/strong>de E Thomas Lunde &#8211; Norv\u00e8ge &#8211; 2013<\/li>\n\n\n\n<li><strong>Autumn Harvest <\/strong>de Fredrik S. Hana &#8211; Norv\u00e8ge &#8211; 2014<\/li>\n\n\n\n<li><strong>Bad Guy #2 <\/strong>de Chris Mcinroy &#8211; Etats-Unis &#8211; 2014<\/li>\n\n\n\n<li><strong>He Took His Skin Off For Me <\/strong>de Ben Aston &#8211; Royaume-Uni &#8211; 2014<\/li>\n\n\n\n<li><strong>Invaders <\/strong>de Jason Kupfer &#8211; Royaume-Uni &#8211; 2014<\/li>\n\n\n\n<li><strong>Nocturne <\/strong>de David F. Geiser &#8211; Suisse &#8211; 2014<\/li>\n\n\n\n<li><strong>Suche Nach Liebe <\/strong>de Hans Kaufmann &#8211; Suisse &#8211; 2014<\/li>\n\n\n\n<li><strong>The Boy With A Camera For A Face <\/strong>de Spencer Brown &#8211; Royaume-Uni \u2013 2013<\/li>\n<\/ul>\n\n\n\n<hr class=\"wp-block-separator has-alpha-channel-opacity\"\/>\n\n\n\n<p><b>Dates :<\/b> Du mardi 18 novembre au dimanche 23 novembre<br \/><b>Lieu :<\/b> Gaumont Op\u00e9ra (c\u00f4t\u00e9 Capucines)<br \/><b>Acc\u00e8s :<\/b> 2, Boulevard des Capucines 75009 Paris<br \/><b>M\u00e9tro :<\/b> Lignes 3, 7, 8 et 9<br \/><b>Les Tarifs :<\/b> Plein Tarif 7,90\u20ac | La Nuit du PIFFF le samedi 20 novembre, 20\u20ac | Carte illimit\u00e9 Le Pass accept\u00e9e | Accompagnant LE PASS GAUMONT 6\u20ac90 | Pass Festival 119\u20ac dispo sur Le Shop Mad Movies<br \/><strong>Infos et<\/strong> p<b>rogramme d\u00e9taill\u00e9 :<\/b> PIFFF<\/p>\n\n\n\n<p class=\"has-text-align-right\">Cr\u00e9dits Affiche &#8211; Gary Jamroz-Palma<\/p>\n","protected":false},"excerpt":{"rendered":"<p>\u00c0 quelques semaines du d\u00e9but des hostilit\u00e9s, le 18 novembre prochain, le PIFFF balance ses premi\u00e8res bombes.<\/p>\n","protected":false},"author":1,"featured_media":40187,"comment_status":"open","ping_status":"open","sticky":false,"template":"","format":"standard","meta":{"jetpack_post_was_ever_published":false,"_jetpack_newsletter_access":"","_jetpack_dont_email_post_to_subs":true,"_jetpack_newsletter_tier_id":0,"_jetpack_memberships_contains_paywalled_content":false,"csco_page_load_nextpost":"","csco_post_video_location":[],"csco_post_video_location_hash":"","csco_post_video_url":"","csco_post_video_bg_start_time":0,"csco_post_video_bg_end_time":0,"csco_post_text_color":"","_jetpack_memberships_contains_paid_content":false,"footnotes":"","jetpack_publicize_message":"","jetpack_publicize_feature_enabled":true,"jetpack_social_post_already_shared":false,"jetpack_social_options":{"image_generator_settings":{"template":"highway","default_image_id":0,"font":"","enabled":false},"version":2}},"categories":[7407],"tags":[7285],"class_list":{"0":"post-40186","1":"post","2":"type-post","3":"status-publish","4":"format-standard","5":"has-post-thumbnail","7":"category-deviant-zone","8":"tag-cinema","9":"cs-entry","10":"cs-video-wrap"},"aioseo_notices":[],"jetpack_publicize_connections":[],"jetpack_featured_media_url":"https:\/\/i0.wp.com\/shunrize.com\/blog\/wp-content\/uploads\/2014\/10\/PIFFF-2014.png?fit=750%2C400&ssl=1","jetpack-related-posts":[{"id":40927,"url":"https:\/\/shunrize.com\/blog\/palmares-pifff-2014\/","url_meta":{"origin":40186,"position":0},"title":"PIFFF 2014 &#8211; Le Palmar\u00e8s de cette 4e \u00e9dition","author":"Val\u00e9rie Denise","date":"26\/11\/2014","format":false,"excerpt":"Retrouvez le palmar\u00e8s complet de la 3e \u00e9dition du Paris International Fantastic Film Festival","rel":"","context":"Dans &quot;DEVIANT ZONE&quot;","block_context":{"text":"DEVIANT ZONE","link":"https:\/\/shunrize.com\/blog\/category\/deviant-zone\/"},"img":{"alt_text":"","src":"https:\/\/i0.wp.com\/shunrize.com\/blog\/wp-content\/uploads\/2014\/10\/PIFFF-2014.png?fit=750%2C400&ssl=1&resize=350%2C200","width":350,"height":200,"srcset":"https:\/\/i0.wp.com\/shunrize.com\/blog\/wp-content\/uploads\/2014\/10\/PIFFF-2014.png?fit=750%2C400&ssl=1&resize=350%2C200 1x, https:\/\/i0.wp.com\/shunrize.com\/blog\/wp-content\/uploads\/2014\/10\/PIFFF-2014.png?fit=750%2C400&ssl=1&resize=525%2C300 1.5x, https:\/\/i0.wp.com\/shunrize.com\/blog\/wp-content\/uploads\/2014\/10\/PIFFF-2014.png?fit=750%2C400&ssl=1&resize=700%2C400 2x"},"classes":[]},{"id":31619,"url":"https:\/\/shunrize.com\/blog\/pifff-2013-les-premiers-films-de-la-selection\/","url_meta":{"origin":40186,"position":1},"title":"PIFFF 2013 &#8211; Les premiers films de cette 3e \u00e9dition","author":"Val\u00e9rie Denise","date":"16\/10\/2013","format":false,"excerpt":"La 3e \u00e9dition du Paris International Fantastic Film Festival, plus commun\u00e9ment appel\u00e9 le PIFFF, aura lieu du 19 au 24 novembre prochains au Gaumont Op\u00e9ra Capucines. La programmation compl\u00e8te n\u2019est pas encore disponible mais nous savons d\u2019ors et d\u00e9j\u00e0 qu\u2019une nuit sp\u00e9ciale sera consacr\u00e9e au Ma\u00eetre de l\u2019horreur, Stephen King.\u2026","rel":"","context":"Dans &quot;CULTURE&quot;","block_context":{"text":"CULTURE","link":"https:\/\/shunrize.com\/blog\/category\/culture\/"},"img":{"alt_text":"","src":"https:\/\/i0.wp.com\/shunrize.com\/blog\/wp-content\/uploads\/2013\/10\/kiyoshi-kurasawa-real.jpg?fit=628%2C356&ssl=1&resize=350%2C200","width":350,"height":200,"srcset":"https:\/\/i0.wp.com\/shunrize.com\/blog\/wp-content\/uploads\/2013\/10\/kiyoshi-kurasawa-real.jpg?fit=628%2C356&ssl=1&resize=350%2C200 1x, https:\/\/i0.wp.com\/shunrize.com\/blog\/wp-content\/uploads\/2013\/10\/kiyoshi-kurasawa-real.jpg?fit=628%2C356&ssl=1&resize=525%2C300 1.5x"},"classes":[]},{"id":40752,"url":"https:\/\/shunrize.com\/blog\/the-mole-song-takashi-miike\/","url_meta":{"origin":40186,"position":2},"title":"PIFFF 2014 &#8211; The Mole Song: Undercover Agent Reiji","author":"Val\u00e9rie Denise","date":"19\/11\/2014","format":false,"excerpt":"Mon avis sur le film d'ouverture du PIFFF 2014, The Mole Song: Undercover Agent Reiji de Takashi Miike","rel":"","context":"Dans &quot;DEVIANT ZONE&quot;","block_context":{"text":"DEVIANT ZONE","link":"https:\/\/shunrize.com\/blog\/category\/deviant-zone\/"},"img":{"alt_text":"","src":"https:\/\/i0.wp.com\/shunrize.com\/blog\/wp-content\/uploads\/2014\/11\/The-Mole-Song-Takashi-Miike.png?fit=750%2C400&ssl=1&resize=350%2C200","width":350,"height":200,"srcset":"https:\/\/i0.wp.com\/shunrize.com\/blog\/wp-content\/uploads\/2014\/11\/The-Mole-Song-Takashi-Miike.png?fit=750%2C400&ssl=1&resize=350%2C200 1x, https:\/\/i0.wp.com\/shunrize.com\/blog\/wp-content\/uploads\/2014\/11\/The-Mole-Song-Takashi-Miike.png?fit=750%2C400&ssl=1&resize=525%2C300 1.5x, https:\/\/i0.wp.com\/shunrize.com\/blog\/wp-content\/uploads\/2014\/11\/The-Mole-Song-Takashi-Miike.png?fit=750%2C400&ssl=1&resize=700%2C400 2x"},"classes":[]},{"id":27317,"url":"https:\/\/shunrize.com\/blog\/pifff-2012-programmation\/","url_meta":{"origin":40186,"position":3},"title":"PIFFF 2012 &#8211; Programmation","author":"Val\u00e9rie Denise","date":"10\/11\/2012","format":false,"excerpt":"La seconde \u00e9dition Paris International Fantastic Film Festival se tiendra du 16 au 25 novembre prochains au Cin\u00e9ma Gaumont Op\u00e9ra de Paris. Au programme une vingtaine de films de genre diffus\u00e9s la semaine \u00e0 partir de 19h30 afin que vous puissiez tous en profiter. En revanche, une seule diffusion est\u2026","rel":"","context":"Dans &quot;DEVIANT ZONE&quot;","block_context":{"text":"DEVIANT ZONE","link":"https:\/\/shunrize.com\/blog\/category\/deviant-zone\/"},"img":{"alt_text":"","src":"https:\/\/i0.wp.com\/shunrize.com\/blog\/wp-content\/uploads\/2012\/11\/pifff_2012.jpg?fit=628%2C356&ssl=1&resize=350%2C200","width":350,"height":200,"srcset":"https:\/\/i0.wp.com\/shunrize.com\/blog\/wp-content\/uploads\/2012\/11\/pifff_2012.jpg?fit=628%2C356&ssl=1&resize=350%2C200 1x, https:\/\/i0.wp.com\/shunrize.com\/blog\/wp-content\/uploads\/2012\/11\/pifff_2012.jpg?fit=628%2C356&ssl=1&resize=525%2C300 1.5x"},"classes":[]},{"id":27431,"url":"https:\/\/shunrize.com\/blog\/palmares-pifff-2012\/","url_meta":{"origin":40186,"position":4},"title":"PIFFF 2012 &#8211; Palmar\u00e8s de cette 2e \u00e9dition","author":"Val\u00e9rie Denise","date":"26\/11\/2012","format":false,"excerpt":"Du 16 au 25 novembre dernier, 9000 spectateurs ont choisi de se rendre au cin\u00e9ma Gaumont Op\u00e9ra pour le Paris International Fantastic Film Festival (PIFFF). Une seconde \u00e9dition qui proposaient aux amateurs de films fantastique 27 longs-m\u00e9trages internationaux dont plusieurs premi\u00e8res mondiales, europ\u00e9ennes et fran\u00e7aises, 23 courts-m\u00e9trages fran\u00e7ais et internationaux\u2026","rel":"","context":"Dans &quot;DEVIANT ZONE&quot;","block_context":{"text":"DEVIANT ZONE","link":"https:\/\/shunrize.com\/blog\/category\/deviant-zone\/"},"img":{"alt_text":"","src":"https:\/\/i0.wp.com\/shunrize.com\/blog\/wp-content\/uploads\/2012\/11\/pifff_2012.jpg?fit=628%2C356&ssl=1&resize=350%2C200","width":350,"height":200,"srcset":"https:\/\/i0.wp.com\/shunrize.com\/blog\/wp-content\/uploads\/2012\/11\/pifff_2012.jpg?fit=628%2C356&ssl=1&resize=350%2C200 1x, https:\/\/i0.wp.com\/shunrize.com\/blog\/wp-content\/uploads\/2012\/11\/pifff_2012.jpg?fit=628%2C356&ssl=1&resize=525%2C300 1.5x"},"classes":[]},{"id":32077,"url":"https:\/\/shunrize.com\/blog\/palmares-pifff-2013\/","url_meta":{"origin":40186,"position":5},"title":"PIFFF 2013 &#8211; Palmar\u00e8s de cette 3e edition","author":"Val\u00e9rie Denise","date":"26\/11\/2013","format":false,"excerpt":"Du 19 au 24 novembre, 7550 spectateurs ont squatt\u00e9s le cin\u00e9ma Gaumont Op\u00e9ra pour assister aux 23 s\u00e9ances de la troisi\u00e8me \u00e9dition du Paris International Fantastic Film Festival (PIFFF). Longs-m\u00e9trages internationaux, s\u00e9ances cultes, court-m\u00e9trages, nuit \u00e0 th\u00e8me, d\u00e9dicace et avant-premi\u00e8re. Un programme vari\u00e9 concoct\u00e9 par Fausto Fasulo, r\u00e9dacteur en chef\u2026","rel":"","context":"Dans &quot;CULTURE&quot;","block_context":{"text":"CULTURE","link":"https:\/\/shunrize.com\/blog\/category\/culture\/"},"img":{"alt_text":"","src":"https:\/\/i0.wp.com\/shunrize.com\/blog\/wp-content\/uploads\/2013\/11\/bilan-pifff-2013.jpg?fit=628%2C356&ssl=1&resize=350%2C200","width":350,"height":200,"srcset":"https:\/\/i0.wp.com\/shunrize.com\/blog\/wp-content\/uploads\/2013\/11\/bilan-pifff-2013.jpg?fit=628%2C356&ssl=1&resize=350%2C200 1x, https:\/\/i0.wp.com\/shunrize.com\/blog\/wp-content\/uploads\/2013\/11\/bilan-pifff-2013.jpg?fit=628%2C356&ssl=1&resize=525%2C300 1.5x"},"classes":[]}],"jetpack_sharing_enabled":true,"_links":{"self":[{"href":"https:\/\/shunrize.com\/blog\/wp-json\/wp\/v2\/posts\/40186","targetHints":{"allow":["GET"]}}],"collection":[{"href":"https:\/\/shunrize.com\/blog\/wp-json\/wp\/v2\/posts"}],"about":[{"href":"https:\/\/shunrize.com\/blog\/wp-json\/wp\/v2\/types\/post"}],"author":[{"embeddable":true,"href":"https:\/\/shunrize.com\/blog\/wp-json\/wp\/v2\/users\/1"}],"replies":[{"embeddable":true,"href":"https:\/\/shunrize.com\/blog\/wp-json\/wp\/v2\/comments?post=40186"}],"version-history":[{"count":0,"href":"https:\/\/shunrize.com\/blog\/wp-json\/wp\/v2\/posts\/40186\/revisions"}],"wp:featuredmedia":[{"embeddable":true,"href":"https:\/\/shunrize.com\/blog\/wp-json\/wp\/v2\/media\/40187"}],"wp:attachment":[{"href":"https:\/\/shunrize.com\/blog\/wp-json\/wp\/v2\/media?parent=40186"}],"wp:term":[{"taxonomy":"category","embeddable":true,"href":"https:\/\/shunrize.com\/blog\/wp-json\/wp\/v2\/categories?post=40186"},{"taxonomy":"post_tag","embeddable":true,"href":"https:\/\/shunrize.com\/blog\/wp-json\/wp\/v2\/tags?post=40186"}],"curies":[{"name":"wp","href":"https:\/\/api.w.org\/{rel}","templated":true}]}}