{"id":38657,"date":"2014-08-06T14:33:39","date_gmt":"2014-08-06T12:33:39","guid":{"rendered":"http:\/\/www.shunrize.com\/blog\/?p=38657"},"modified":"2022-11-21T11:16:08","modified_gmt":"2022-11-21T10:16:08","slug":"court-metrange-2014","status":"publish","type":"post","link":"https:\/\/shunrize.com\/blog\/court-metrange-2014\/","title":{"rendered":"Court-M\u00e9trange 2014 : L&rsquo;insolite et le fantastique s&rsquo;invite \u00e0 Rennes"},"content":{"rendered":"<p style=\"text-align: justify;\"><strong>Depuis dix ans, des cin\u00e9philes passionn\u00e9s offrent aux rennais une bonne dose annuelle de gore, d&rsquo;insolite et d&rsquo;\u00e9pouvante gr\u00e2ce \u00e0 Court M\u00e9trange.<\/strong><\/p>\n<p style=\"text-align: justify;\">Cette ann\u00e9e, ils vous donnent encore une fois rendez-vous au Cin\u00e9 TNB du <span style=\"text-decoration: underline;\">16 au 19 octobre<\/span> prochains pour une s\u00e9lection internationale de court-m\u00e9trages in\u00e9dits ou en avant-premi\u00e8re.<\/p>\n<p><img data-recalc-dims=\"1\" decoding=\"async\" class=\"aligncenter\" src=\"https:\/\/i0.wp.com\/www.shunrize.com\/2014\/Court-Metrange-11eme-Edition.png?w=700\" alt=\"\" \/><\/p>\n<p>Parall\u00e8lement \u00e0 ces projections, une exposition d\u2019\u0153uvres en lien avec l\u2019esth\u00e9tique steampunk sera \u00e9galement propos\u00e9e dans diff\u00e9rents lieux du centre-ville de Rennes et ce jusqu\u2019au mois de novembre.<\/p>\n<p style=\"text-align: justify;\"><span style=\"color: #0f9095;\"><b>RENDEZ-VOUS<\/b><\/span><br \/>\n<b>Date :<\/b> Du 16 au 19 octobre 2014<br \/>\n<b>Lieu :<\/b> Th\u00e9\u00e2tre National de Bretagne 1, rue Saint H\u00e9lier 35000 Rennes<br \/>\n<b>Tarifs :<\/b> 6\u20ac | Tarif r\u00e9duit \u00e0 5\u20ac* | Tarif Carte Sortir \u00e0 3\u20ac<br \/>\n<b>Billetterie :<\/b> d\u00e8s le 16 octobre 2013 \u00e0 13h \u00e0 la billetterie du Cin\u00e9 TNB<br \/>\n<b>Infos :<\/b> <a href=\"http:\/\/www.courtmetrange.eu\" target=\"_blank\" rel=\"noopener noreferrer\">Site officiel<\/a><\/p>\n<p style=\"text-align: right;\"><i>* demandeurs d\u2019emploi, carte Cezam, carte Korrigo<\/i><\/p>\n","protected":false},"excerpt":{"rendered":"<p>Court-M\u00e9trange est le festival international de court-m\u00e9trages insolites et fantastiques organis\u00e9 depuis 10 ans \u00e0 Rennes.<\/p>\n","protected":false},"author":1,"featured_media":38660,"comment_status":"open","ping_status":"open","sticky":false,"template":"","format":"standard","meta":{"jetpack_post_was_ever_published":false,"_jetpack_newsletter_access":"","_jetpack_dont_email_post_to_subs":false,"_jetpack_newsletter_tier_id":0,"_jetpack_memberships_contains_paywalled_content":false,"csco_page_load_nextpost":"","csco_post_video_location":[],"csco_post_video_location_hash":"","csco_post_video_url":"","csco_post_video_bg_start_time":0,"csco_post_video_bg_end_time":0,"csco_post_text_color":"","_jetpack_memberships_contains_paid_content":false,"footnotes":"","jetpack_publicize_message":"","jetpack_publicize_feature_enabled":true,"jetpack_social_post_already_shared":false,"jetpack_social_options":{"image_generator_settings":{"template":"highway","default_image_id":0,"font":"","enabled":false},"version":2}},"categories":[7407],"tags":[7285,77],"class_list":{"0":"post-38657","1":"post","2":"type-post","3":"status-publish","4":"format-standard","5":"has-post-thumbnail","7":"category-deviant-zone","8":"tag-cinema","9":"tag-court-metrage","10":"cs-entry","11":"cs-video-wrap"},"aioseo_notices":[],"jetpack_publicize_connections":[],"jetpack_featured_media_url":"https:\/\/i0.wp.com\/shunrize.com\/blog\/wp-content\/uploads\/2014\/08\/court-metrange-2014-preview.png?fit=628%2C356&ssl=1","jetpack-related-posts":[{"id":25382,"url":"https:\/\/shunrize.com\/blog\/le-festival-de-cannes-2012-a-paris\/","url_meta":{"origin":38657,"position":0},"title":"Cannes 2012 : Le Forum des Images, MK2 Biblioth\u00e8que et la Cin\u00e9math\u00e8que vous font revivre le Festival","author":"Val\u00e9rie Denise","date":"16\/05\/2012","format":false,"excerpt":"La 65e \u00e9dition du Festival de Cannes vient tout juste de d\u00e9buter et certains d'entre vous sont peut-\u00eatre frustr\u00e9s de ne pouvoir y assister. Malheureusement, il n'existe pas de solution miracle pour profiter des soir\u00e9es qui s'y d\u00e9roulent ou c\u00f4toyer les stars internationales qui s'y rassemblent en masse. En revanche,\u2026","rel":"","context":"Dans &quot;CULTURE&quot;","block_context":{"text":"CULTURE","link":"https:\/\/shunrize.com\/blog\/category\/culture\/"},"img":{"alt_text":"","src":"https:\/\/i0.wp.com\/shunrize.com\/blog\/wp-content\/uploads\/2012\/05\/cannes-2012.jpg?fit=628%2C356&ssl=1&resize=350%2C200","width":350,"height":200,"srcset":"https:\/\/i0.wp.com\/shunrize.com\/blog\/wp-content\/uploads\/2012\/05\/cannes-2012.jpg?fit=628%2C356&ssl=1&resize=350%2C200 1x, https:\/\/i0.wp.com\/shunrize.com\/blog\/wp-content\/uploads\/2012\/05\/cannes-2012.jpg?fit=628%2C356&ssl=1&resize=525%2C300 1.5x"},"classes":[]},{"id":14445,"url":"https:\/\/shunrize.com\/blog\/festival-paris-courts-devant-2010\/","url_meta":{"origin":38657,"position":1},"title":"Festival Paris Courts Devant 2010 : Programme","author":"Val\u00e9rie Denise","date":"02\/10\/2010","format":false,"excerpt":"Depuis sa cr\u00e9ation l\u2019\u00e9quipe de Courts Devant s'emploie \u00e0 nous pr\u00e9senter une s\u00e9lection tr\u00e8s vari\u00e9e de films courts. Pour cette 6e \u00e9dition, \"Courts Devant\" devient \u201cParis Courts Devant\u201d et sera une fois encore consacr\u00e9e \u00e0 une s\u00e9lection internationale de tout premier ordre. Du 14 au 17 octobre prochain Le Cin\u00e9ma\u2026","rel":"","context":"Dans &quot;CULTURE&quot;","block_context":{"text":"CULTURE","link":"https:\/\/shunrize.com\/blog\/category\/culture\/"},"img":{"alt_text":"","src":"https:\/\/i0.wp.com\/shunrize.com\/blog\/wp-content\/uploads\/2010\/10\/pariscourtsdevant.jpg?fit=628%2C356&ssl=1&resize=350%2C200","width":350,"height":200,"srcset":"https:\/\/i0.wp.com\/shunrize.com\/blog\/wp-content\/uploads\/2010\/10\/pariscourtsdevant.jpg?fit=628%2C356&ssl=1&resize=350%2C200 1x, https:\/\/i0.wp.com\/shunrize.com\/blog\/wp-content\/uploads\/2010\/10\/pariscourtsdevant.jpg?fit=628%2C356&ssl=1&resize=525%2C300 1.5x"},"classes":[]},{"id":46769,"url":"https:\/\/shunrize.com\/blog\/deviant-zone-speciale-courts-metrages-2015\/","url_meta":{"origin":38657,"position":2},"title":"Deviant Zone : Sp\u00e9ciale Courts-m\u00e9trages 2015","author":"Val\u00e9rie Denise","date":"26\/10\/2015","format":false,"excerpt":"[dropcap size=small]P[\/dropcap]our la seconde fois, la Deviant Zone et le Festival M\u00eame Pas Peur qui se d\u00e9roule chaque ann\u00e9e sur l\u2019Ile de la R\u00e9union s\u2019unissent afin de vous proposer une soir\u00e9e sp\u00e9ciale consacr\u00e9e aux Courts M\u00e9trages de Genre. Com\u00e9die, science-fiction, anticipation, horreur, action ou fantastique. Ce soir-l\u00e0, une vingtaine de\u2026","rel":"","context":"Dans &quot;DEVIANT ZONE&quot;","block_context":{"text":"DEVIANT ZONE","link":"https:\/\/shunrize.com\/blog\/category\/deviant-zone\/"},"img":{"alt_text":"","src":"https:\/\/i0.wp.com\/shunrize.com\/blog\/wp-content\/uploads\/2015\/10\/Deviant-Zone-CM-2015.jpg?fit=1200%2C520&ssl=1&resize=350%2C200","width":350,"height":200,"srcset":"https:\/\/i0.wp.com\/shunrize.com\/blog\/wp-content\/uploads\/2015\/10\/Deviant-Zone-CM-2015.jpg?fit=1200%2C520&ssl=1&resize=350%2C200 1x, https:\/\/i0.wp.com\/shunrize.com\/blog\/wp-content\/uploads\/2015\/10\/Deviant-Zone-CM-2015.jpg?fit=1200%2C520&ssl=1&resize=525%2C300 1.5x, https:\/\/i0.wp.com\/shunrize.com\/blog\/wp-content\/uploads\/2015\/10\/Deviant-Zone-CM-2015.jpg?fit=1200%2C520&ssl=1&resize=700%2C400 2x, https:\/\/i0.wp.com\/shunrize.com\/blog\/wp-content\/uploads\/2015\/10\/Deviant-Zone-CM-2015.jpg?fit=1200%2C520&ssl=1&resize=1050%2C600 3x"},"classes":[]},{"id":28176,"url":"https:\/\/shunrize.com\/blog\/festicanailles-2e-edition-programme\/","url_meta":{"origin":38657,"position":3},"title":"Festi&rsquo;Canailles : 2e \u00e9dition du Festival Culturel pour enfants de 2 \u00e0 7 ans","author":"Val\u00e9rie Denise","date":"21\/01\/2013","format":false,"excerpt":"Projections, expositions, spectacles et concerts. Depuis l'an dernier, les enfants de 2 \u00e0 7 ans de Seine St Denis ont leur propre festival culturel. Ce rendez-vous exceptionnel qui vise \u00e0 les sensibiliser aux diff\u00e9rentes disciplines artistiques et \u00e0 leur permettre d'explorer le monde de la cr\u00e9ation aura lieu cette ann\u00e9e\u2026","rel":"","context":"Dans &quot;CULTURE&quot;","block_context":{"text":"CULTURE","link":"https:\/\/shunrize.com\/blog\/category\/culture\/"},"img":{"alt_text":"","src":"https:\/\/i0.wp.com\/shunrize.com\/blog\/wp-content\/uploads\/2013\/01\/Orsino-Loco.jpg?fit=628%2C356&ssl=1&resize=350%2C200","width":350,"height":200,"srcset":"https:\/\/i0.wp.com\/shunrize.com\/blog\/wp-content\/uploads\/2013\/01\/Orsino-Loco.jpg?fit=628%2C356&ssl=1&resize=350%2C200 1x, https:\/\/i0.wp.com\/shunrize.com\/blog\/wp-content\/uploads\/2013\/01\/Orsino-Loco.jpg?fit=628%2C356&ssl=1&resize=525%2C300 1.5x"},"classes":[]},{"id":40927,"url":"https:\/\/shunrize.com\/blog\/palmares-pifff-2014\/","url_meta":{"origin":38657,"position":4},"title":"PIFFF 2014 &#8211; Le Palmar\u00e8s de cette 4e \u00e9dition","author":"Val\u00e9rie Denise","date":"26\/11\/2014","format":false,"excerpt":"Retrouvez le palmar\u00e8s complet de la 3e \u00e9dition du Paris International Fantastic Film Festival","rel":"","context":"Dans &quot;DEVIANT ZONE&quot;","block_context":{"text":"DEVIANT ZONE","link":"https:\/\/shunrize.com\/blog\/category\/deviant-zone\/"},"img":{"alt_text":"","src":"https:\/\/i0.wp.com\/shunrize.com\/blog\/wp-content\/uploads\/2014\/10\/PIFFF-2014.png?fit=750%2C400&ssl=1&resize=350%2C200","width":350,"height":200,"srcset":"https:\/\/i0.wp.com\/shunrize.com\/blog\/wp-content\/uploads\/2014\/10\/PIFFF-2014.png?fit=750%2C400&ssl=1&resize=350%2C200 1x, https:\/\/i0.wp.com\/shunrize.com\/blog\/wp-content\/uploads\/2014\/10\/PIFFF-2014.png?fit=750%2C400&ssl=1&resize=525%2C300 1.5x, https:\/\/i0.wp.com\/shunrize.com\/blog\/wp-content\/uploads\/2014\/10\/PIFFF-2014.png?fit=750%2C400&ssl=1&resize=700%2C400 2x"},"classes":[]},{"id":40186,"url":"https:\/\/shunrize.com\/blog\/pifff-2014-premiers-titres\/","url_meta":{"origin":38657,"position":5},"title":"PIFFF 2014 &#8211; Les premiers titres","author":"Val\u00e9rie Denise","date":"29\/10\/2014","format":false,"excerpt":"\u00c0 quelques semaines du d\u00e9but des hostilit\u00e9s, le 18 novembre prochain, le PIFFF balance ses premi\u00e8res bombes.","rel":"","context":"Dans &quot;DEVIANT ZONE&quot;","block_context":{"text":"DEVIANT ZONE","link":"https:\/\/shunrize.com\/blog\/category\/deviant-zone\/"},"img":{"alt_text":"","src":"https:\/\/i0.wp.com\/shunrize.com\/blog\/wp-content\/uploads\/2014\/10\/PIFFF-2014.png?fit=750%2C400&ssl=1&resize=350%2C200","width":350,"height":200,"srcset":"https:\/\/i0.wp.com\/shunrize.com\/blog\/wp-content\/uploads\/2014\/10\/PIFFF-2014.png?fit=750%2C400&ssl=1&resize=350%2C200 1x, https:\/\/i0.wp.com\/shunrize.com\/blog\/wp-content\/uploads\/2014\/10\/PIFFF-2014.png?fit=750%2C400&ssl=1&resize=525%2C300 1.5x, https:\/\/i0.wp.com\/shunrize.com\/blog\/wp-content\/uploads\/2014\/10\/PIFFF-2014.png?fit=750%2C400&ssl=1&resize=700%2C400 2x"},"classes":[]}],"jetpack_sharing_enabled":true,"_links":{"self":[{"href":"https:\/\/shunrize.com\/blog\/wp-json\/wp\/v2\/posts\/38657","targetHints":{"allow":["GET"]}}],"collection":[{"href":"https:\/\/shunrize.com\/blog\/wp-json\/wp\/v2\/posts"}],"about":[{"href":"https:\/\/shunrize.com\/blog\/wp-json\/wp\/v2\/types\/post"}],"author":[{"embeddable":true,"href":"https:\/\/shunrize.com\/blog\/wp-json\/wp\/v2\/users\/1"}],"replies":[{"embeddable":true,"href":"https:\/\/shunrize.com\/blog\/wp-json\/wp\/v2\/comments?post=38657"}],"version-history":[{"count":0,"href":"https:\/\/shunrize.com\/blog\/wp-json\/wp\/v2\/posts\/38657\/revisions"}],"wp:featuredmedia":[{"embeddable":true,"href":"https:\/\/shunrize.com\/blog\/wp-json\/wp\/v2\/media\/38660"}],"wp:attachment":[{"href":"https:\/\/shunrize.com\/blog\/wp-json\/wp\/v2\/media?parent=38657"}],"wp:term":[{"taxonomy":"category","embeddable":true,"href":"https:\/\/shunrize.com\/blog\/wp-json\/wp\/v2\/categories?post=38657"},{"taxonomy":"post_tag","embeddable":true,"href":"https:\/\/shunrize.com\/blog\/wp-json\/wp\/v2\/tags?post=38657"}],"curies":[{"name":"wp","href":"https:\/\/api.w.org\/{rel}","templated":true}]}}