{"id":35441,"date":"2006-07-27T15:00:35","date_gmt":"2006-07-27T13:00:35","guid":{"rendered":"http:\/\/www.shunrize.com\/blog\/?p=35441"},"modified":"2023-02-14T13:06:22","modified_gmt":"2023-02-14T12:06:22","slug":"stay-marc-foster","status":"publish","type":"post","link":"https:\/\/shunrize.com\/blog\/stay-marc-foster\/","title":{"rendered":"Cin\u00e9ma | Stay de Marc Foster &#8211; Critique"},"content":{"rendered":"<p style=\"text-align: justify;\">A la sortie du quatri\u00e8me long-m\u00e9trage de <strong>Marc Forste<\/strong>r, je me sentais tellement perdue que je me suis ru\u00e9e sur le net pour savoir o\u00f9 il voulait en venir. Je suis rapidement tomb\u00e9e sur cette d\u00e9claration :<\/p>\n<h3 id=\"je-voulais-quil-soit-tout-de-suite-evident-pour-le-public-que-lhistoire-ne-se-deroule-pas-dans-la-realite-les-spectateurs-savent-des-le-depart-que-les-personnages-principaux\" style=\"text-align: center;\">\u00ab\u00a0Je voulais qu&rsquo;il soit tout de suite \u00e9vident pour le public que l&rsquo;histoire ne se d\u00e9roule pas dans la r\u00e9alit\u00e9. Les spectateurs savent d\u00e8s le d\u00e9part que les personnages principaux sont li\u00e9s. Ils peuvent entamer ce voyage dans une r\u00e9alit\u00e9 alternative imaginaire sans se sentir manipul\u00e9s.\u00a0\u00bb<\/h3>\n<p style=\"text-align: justify;\">Hum, au regard de la surchauffe c\u00e9r\u00e9brale que je me suis tap\u00e9e \u00e0 vouloir comprendre ce put&#8230; de film, je me serais \u00e9pargn\u00e9e bien des questionnements en lisant cela avant de le visionner. Franchement, \u00e0 moins d&rsquo;avoir lu le dossier de presse, je ne vois pas tr\u00e8s bien \u00e0 quel moment du film on nous indique cela. Peut-\u00eatre que les pantalons ridiculement courts du docteur Sam Foster incarn\u00e9 par <strong>Ewan McGregor<\/strong> ou les lunettes trop petites de l&rsquo;interne en psychiatrie auraient d\u00fb me mettre sur la piste&#8230;<\/p>\n<p style=\"text-align: justify;\"><img data-recalc-dims=\"1\" loading=\"lazy\" decoding=\"async\" class=\"aligncenter\" src=\"https:\/\/i0.wp.com\/www.shunrize.com\/2006\/stay-mcgregor-gosling.jpg?resize=700%2C463\" alt=\"Stay Ewan McGregor et Ryan Gosling\" width=\"700\" height=\"463\" \/><\/p>\n<p style=\"text-align: justify;\">Alors soit, toute cette histoire n&rsquo;est que le fruit de l&rsquo;imaginaire d&rsquo;Henry Leatham alias <b>Ryan Gosling<\/b>, mais alors expliquez-moi pourquoi \u00e0 la fin du film <b>Ewan McGregor<\/b> a un flash en regardant Lila, interpr\u00e9t\u00e9e par la sublime <b>Naomi Watts<\/b>, reprenant des \u00e9l\u00e9ments du d\u00e9lire traumatique d&rsquo;Henry ? Je vous avoue que le film m&rsquo;a l\u00e9g\u00e8rement saoul\u00e9 et je suis rest\u00e9e jusqu&rsquo;\u00e0 la fin seulement pour comprendre. Malheureusement, la soluce ne se trouvait pas non plus \u00e0 la fin du g\u00e9n\u00e9rique. Quoi qu&rsquo;il en soit, mise \u00e0 part l&rsquo;esth\u00e9tisme du film qui est indiscutable, je n&rsquo;ai pas du tout accroch\u00e9.<\/p>\n","protected":false},"excerpt":{"rendered":"<p>A la sortie du quatri\u00e8me long-m\u00e9trage de Marc Forster, je me sentais tellement perdue que je me suis ru\u00e9e sur le net pour savoir o\u00f9 il voulait en venir. Je suis rapidement tomb\u00e9e sur cette d\u00e9claration : \u00ab\u00a0Je voulais qu&rsquo;il soit tout de suite \u00e9vident pour le public que l&rsquo;histoire ne se d\u00e9roule pas dans [&hellip;]<\/p>\n","protected":false},"author":1,"featured_media":45981,"comment_status":"open","ping_status":"open","sticky":false,"template":"","format":"standard","meta":{"jetpack_post_was_ever_published":false,"_jetpack_newsletter_access":"","_jetpack_dont_email_post_to_subs":false,"_jetpack_newsletter_tier_id":0,"_jetpack_memberships_contains_paywalled_content":false,"csco_page_load_nextpost":"","csco_post_video_location":[],"csco_post_video_location_hash":"","csco_post_video_url":"","csco_post_video_bg_start_time":0,"csco_post_video_bg_end_time":0,"csco_post_text_color":"","_jetpack_memberships_contains_paid_content":false,"footnotes":"","jetpack_publicize_message":"","jetpack_publicize_feature_enabled":true,"jetpack_social_post_already_shared":false,"jetpack_social_options":{"image_generator_settings":{"template":"highway","default_image_id":0,"font":"","enabled":false},"version":2}},"categories":[5149],"tags":[7285],"class_list":{"0":"post-35441","1":"post","2":"type-post","3":"status-publish","4":"format-standard","5":"has-post-thumbnail","7":"category-culture","8":"tag-cinema","9":"cs-entry","10":"cs-video-wrap"},"aioseo_notices":[],"jetpack_publicize_connections":[],"jetpack_featured_media_url":"https:\/\/i0.wp.com\/shunrize.com\/blog\/wp-content\/uploads\/2006\/07\/stay-ryan-gosling.jpg?fit=1200%2C520&ssl=1","jetpack-related-posts":[{"id":55027,"url":"https:\/\/shunrize.com\/blog\/critique-the-descent\/","url_meta":{"origin":35441,"position":0},"title":"Cin\u00e9ma | The Descent &#8211; Critique","author":"Val\u00e9rie Denise","date":"28\/01\/2006","format":false,"excerpt":"Avis sur The Descent de Neil Marshall. Film d'horreur britannique avec Natalie Jackson Mendoza, Shauna Macdonald et Myanna Buring","rel":"","context":"Dans &quot;DEVIANT ZONE&quot;","block_context":{"text":"DEVIANT ZONE","link":"https:\/\/shunrize.com\/blog\/category\/deviant-zone\/"},"img":{"alt_text":"","src":"https:\/\/i0.wp.com\/shunrize.com\/blog\/wp-content\/uploads\/2018\/02\/the-descent-neil-marshall.jpg?fit=1200%2C520&ssl=1&resize=350%2C200","width":350,"height":200,"srcset":"https:\/\/i0.wp.com\/shunrize.com\/blog\/wp-content\/uploads\/2018\/02\/the-descent-neil-marshall.jpg?fit=1200%2C520&ssl=1&resize=350%2C200 1x, https:\/\/i0.wp.com\/shunrize.com\/blog\/wp-content\/uploads\/2018\/02\/the-descent-neil-marshall.jpg?fit=1200%2C520&ssl=1&resize=525%2C300 1.5x, https:\/\/i0.wp.com\/shunrize.com\/blog\/wp-content\/uploads\/2018\/02\/the-descent-neil-marshall.jpg?fit=1200%2C520&ssl=1&resize=700%2C400 2x, https:\/\/i0.wp.com\/shunrize.com\/blog\/wp-content\/uploads\/2018\/02\/the-descent-neil-marshall.jpg?fit=1200%2C520&ssl=1&resize=1050%2C600 3x"},"classes":[]},{"id":61140,"url":"https:\/\/shunrize.com\/blog\/festival-le-temps-presse-2020-interview-marc-oberon\/","url_meta":{"origin":35441,"position":1},"title":"Marc Ob\u00e9ron, fondateur du Festival Le Temps Presse","author":"Val\u00e9rie Denise","date":"22\/01\/2020","format":false,"excerpt":"Depuis 2011, Le Festival Le Temps Presse met en lumi\u00e8re un cin\u00e9ma en ad\u00e9quation avec les objectifs de d\u00e9veloppement durable des Nations Unies. Apr\u00e8s avoir attir\u00e9 plus de 5 000 spectateurs l\u2019an dernier, il revient ce soir pour une 9e \u00e9dition qui se tiendra jusqu\u2019au 26 janvier dans 3 cin\u00e9mas\u2026","rel":"","context":"Dans &quot;CULTURE&quot;","block_context":{"text":"CULTURE","link":"https:\/\/shunrize.com\/blog\/category\/culture\/"},"img":{"alt_text":"","src":"https:\/\/i0.wp.com\/shunrize.com\/blog\/wp-content\/uploads\/2020\/01\/festival-le-temps-presse-2020.jpg?fit=1200%2C520&ssl=1&resize=350%2C200","width":350,"height":200,"srcset":"https:\/\/i0.wp.com\/shunrize.com\/blog\/wp-content\/uploads\/2020\/01\/festival-le-temps-presse-2020.jpg?fit=1200%2C520&ssl=1&resize=350%2C200 1x, https:\/\/i0.wp.com\/shunrize.com\/blog\/wp-content\/uploads\/2020\/01\/festival-le-temps-presse-2020.jpg?fit=1200%2C520&ssl=1&resize=525%2C300 1.5x, https:\/\/i0.wp.com\/shunrize.com\/blog\/wp-content\/uploads\/2020\/01\/festival-le-temps-presse-2020.jpg?fit=1200%2C520&ssl=1&resize=700%2C400 2x, https:\/\/i0.wp.com\/shunrize.com\/blog\/wp-content\/uploads\/2020\/01\/festival-le-temps-presse-2020.jpg?fit=1200%2C520&ssl=1&resize=1050%2C600 3x"},"classes":[]},{"id":16183,"url":"https:\/\/shunrize.com\/blog\/interview-janus-metz-armadillo\/","url_meta":{"origin":35441,"position":2},"title":"Janus Metz pour Armadillo","author":"Val\u00e9rie Denise","date":"30\/11\/2010","format":false,"excerpt":"Il y a des films que vous allez voir par curiosit\u00e9 mais qui de prime abord ne vous int\u00e9ressent pas plus que cela. Un documentaire sur la guerre, mouarf ! Et pourtant, apr\u00e8s avoir vu ARMADILLO, je n'arr\u00eate pas de me dire que je serais vraiment pass\u00e9e \u00e0 c\u00f4t\u00e9 de\u2026","rel":"","context":"Dans &quot;INSPIRATION&quot;","block_context":{"text":"INSPIRATION","link":"https:\/\/shunrize.com\/blog\/category\/interview\/"},"img":{"alt_text":"","src":"https:\/\/i0.wp.com\/shunrize.com\/blog\/wp-content\/uploads\/2010\/11\/Armadillo-janus-metz.jpg?fit=1200%2C520&ssl=1&resize=350%2C200","width":350,"height":200,"srcset":"https:\/\/i0.wp.com\/shunrize.com\/blog\/wp-content\/uploads\/2010\/11\/Armadillo-janus-metz.jpg?fit=1200%2C520&ssl=1&resize=350%2C200 1x, https:\/\/i0.wp.com\/shunrize.com\/blog\/wp-content\/uploads\/2010\/11\/Armadillo-janus-metz.jpg?fit=1200%2C520&ssl=1&resize=525%2C300 1.5x, https:\/\/i0.wp.com\/shunrize.com\/blog\/wp-content\/uploads\/2010\/11\/Armadillo-janus-metz.jpg?fit=1200%2C520&ssl=1&resize=700%2C400 2x, https:\/\/i0.wp.com\/shunrize.com\/blog\/wp-content\/uploads\/2010\/11\/Armadillo-janus-metz.jpg?fit=1200%2C520&ssl=1&resize=1050%2C600 3x"},"classes":[]},{"id":12010,"url":"https:\/\/shunrize.com\/blog\/critique-les-meilleurs-amis-du-monde\/","url_meta":{"origin":35441,"position":3},"title":"Cin\u00e9ma | Les meilleurs amis du monde &#8211; Critique","author":"Val\u00e9rie Denise","date":"01\/06\/2010","format":false,"excerpt":"Pr\u00e8s de six ans apr\u00e8s son court-m\u00e9trage Scotch mettant en sc\u00e8ne Lionel Abelanski et Yvon Back, Julien Rambaldi retrouve ce dernier pour le tournage de son premier long-m\u00e9trage. Adaptation de la pi\u00e8ce de th\u00e9\u00e2tre J'aime beaucoup ce que vous faites qui se joue encore \u00e0 l'heure o\u00f9 j'\u00e9cris ces lignes,\u2026","rel":"","context":"Dans &quot;CULTURE&quot;","block_context":{"text":"CULTURE","link":"https:\/\/shunrize.com\/blog\/category\/culture\/"},"img":{"alt_text":"","src":"https:\/\/i0.wp.com\/shunrize.com\/blog\/wp-content\/uploads\/2010\/06\/les-meilleurs-amis-du-monde-de-julien-rambaldi.jpg?fit=628%2C356&ssl=1&resize=350%2C200","width":350,"height":200,"srcset":"https:\/\/i0.wp.com\/shunrize.com\/blog\/wp-content\/uploads\/2010\/06\/les-meilleurs-amis-du-monde-de-julien-rambaldi.jpg?fit=628%2C356&ssl=1&resize=350%2C200 1x, https:\/\/i0.wp.com\/shunrize.com\/blog\/wp-content\/uploads\/2010\/06\/les-meilleurs-amis-du-monde-de-julien-rambaldi.jpg?fit=628%2C356&ssl=1&resize=525%2C300 1.5x"},"classes":[]},{"id":8082,"url":"https:\/\/shunrize.com\/blog\/critique-sin-nombre\/","url_meta":{"origin":35441,"position":4},"title":"Cin\u00e9ma | Sin Nombre de Cary Joji Fukunaga","author":"Val\u00e9rie Denise","date":"16\/09\/2009","format":false,"excerpt":"Premier long m\u00e9trage de Cary Joji Fukunaga, Sin Nombre cumule les r\u00e9compenses. Apr\u00e8s avoir remport\u00e9 les Prix de la meilleure r\u00e9alisation et de la meilleure direction artistique dans la cat\u00e9gorie film dramatique au Festival du Film Ind\u00e9pendant de Sundance, il a rafl\u00e9 la semaine derni\u00e8re le Prix du Jury au\u2026","rel":"","context":"Dans &quot;CULTURE&quot;","block_context":{"text":"CULTURE","link":"https:\/\/shunrize.com\/blog\/category\/culture\/"},"img":{"alt_text":"","src":"https:\/\/i0.wp.com\/shunrize.com\/blog\/wp-content\/uploads\/2009\/09\/sin_nombre.jpg?fit=628%2C356&ssl=1&resize=350%2C200","width":350,"height":200,"srcset":"https:\/\/i0.wp.com\/shunrize.com\/blog\/wp-content\/uploads\/2009\/09\/sin_nombre.jpg?fit=628%2C356&ssl=1&resize=350%2C200 1x, https:\/\/i0.wp.com\/shunrize.com\/blog\/wp-content\/uploads\/2009\/09\/sin_nombre.jpg?fit=628%2C356&ssl=1&resize=525%2C300 1.5x"},"classes":[]},{"id":31676,"url":"https:\/\/shunrize.com\/blog\/interview-joe-rimet-mongrel\/","url_meta":{"origin":35441,"position":5},"title":"Jo\u00e9 Rimet, r\u00e9alisateur","author":"Val\u00e9rie Denise","date":"25\/10\/2013","format":false,"excerpt":"Interview de Jo\u00e9 Rimet, r\u00e9alisateur stop-motion du court-m\u00e9trage \"Mongrel\"","rel":"","context":"Dans &quot;INSPIRATION&quot;","block_context":{"text":"INSPIRATION","link":"https:\/\/shunrize.com\/blog\/category\/interview\/"},"img":{"alt_text":"","src":"https:\/\/i0.wp.com\/shunrize.com\/blog\/wp-content\/uploads\/2013\/10\/mongrel-preview.jpg?fit=1200%2C520&ssl=1&resize=350%2C200","width":350,"height":200,"srcset":"https:\/\/i0.wp.com\/shunrize.com\/blog\/wp-content\/uploads\/2013\/10\/mongrel-preview.jpg?fit=1200%2C520&ssl=1&resize=350%2C200 1x, https:\/\/i0.wp.com\/shunrize.com\/blog\/wp-content\/uploads\/2013\/10\/mongrel-preview.jpg?fit=1200%2C520&ssl=1&resize=525%2C300 1.5x, https:\/\/i0.wp.com\/shunrize.com\/blog\/wp-content\/uploads\/2013\/10\/mongrel-preview.jpg?fit=1200%2C520&ssl=1&resize=700%2C400 2x, https:\/\/i0.wp.com\/shunrize.com\/blog\/wp-content\/uploads\/2013\/10\/mongrel-preview.jpg?fit=1200%2C520&ssl=1&resize=1050%2C600 3x"},"classes":[]}],"jetpack_sharing_enabled":true,"_links":{"self":[{"href":"https:\/\/shunrize.com\/blog\/wp-json\/wp\/v2\/posts\/35441","targetHints":{"allow":["GET"]}}],"collection":[{"href":"https:\/\/shunrize.com\/blog\/wp-json\/wp\/v2\/posts"}],"about":[{"href":"https:\/\/shunrize.com\/blog\/wp-json\/wp\/v2\/types\/post"}],"author":[{"embeddable":true,"href":"https:\/\/shunrize.com\/blog\/wp-json\/wp\/v2\/users\/1"}],"replies":[{"embeddable":true,"href":"https:\/\/shunrize.com\/blog\/wp-json\/wp\/v2\/comments?post=35441"}],"version-history":[{"count":0,"href":"https:\/\/shunrize.com\/blog\/wp-json\/wp\/v2\/posts\/35441\/revisions"}],"wp:featuredmedia":[{"embeddable":true,"href":"https:\/\/shunrize.com\/blog\/wp-json\/wp\/v2\/media\/45981"}],"wp:attachment":[{"href":"https:\/\/shunrize.com\/blog\/wp-json\/wp\/v2\/media?parent=35441"}],"wp:term":[{"taxonomy":"category","embeddable":true,"href":"https:\/\/shunrize.com\/blog\/wp-json\/wp\/v2\/categories?post=35441"},{"taxonomy":"post_tag","embeddable":true,"href":"https:\/\/shunrize.com\/blog\/wp-json\/wp\/v2\/tags?post=35441"}],"curies":[{"name":"wp","href":"https:\/\/api.w.org\/{rel}","templated":true}]}}