{"id":34911,"date":"2014-01-17T16:43:22","date_gmt":"2014-01-17T15:43:22","guid":{"rendered":"http:\/\/www.shunrize.com\/blog\/?p=34911"},"modified":"2025-02-07T12:33:11","modified_gmt":"2025-02-07T11:33:11","slug":"festival-du-film-fantastique-de-gerardmer-2014","status":"publish","type":"post","link":"https:\/\/shunrize.com\/blog\/festival-du-film-fantastique-de-gerardmer-2014\/","title":{"rendered":"Festival G\u00e9rardmer 2014 &#8211; Le Programme"},"content":{"rendered":"<p style=\"text-align: justify;\"><strong>Du 29 janvier au 02 f\u00e9vrier prochain se d\u00e9roulera la 21e \u00e9dition du Festival du Film Fantastique de G\u00e9rardmer. Voici le programme !<\/strong><\/p>\n<p style=\"text-align: justify;\">L\u2019un des rendez-vous incontournables des amateurs de cin\u00e9ma fantastique rendra hommage le soir du 31 janvier au cin\u00e9aste sud-cor\u00e9en <b>Kim Jee-Won<\/b> (\u00abI Saw The Devil\u00bb, \u00abLe Bon, La Brute et Le Cingl\u00e9\u00bb) qui fera sp\u00e9cialement le d\u00e9placement jusqu\u2019\u00e0 la petite ville situ\u00e9e au c\u0153ur des Vosges.<\/p>\n<p style=\"text-align: center;\"><img data-recalc-dims=\"1\" decoding=\"async\" src=\"https:\/\/i0.wp.com\/www.shunrize.com\/2014\/gerardmer2014.jpg?w=700\" alt=\"\" \/><\/p>\n<p style=\"text-align: justify;\"><span style=\"color: #0f9095;\"><b>JURY LONGS-M\u00c9TRAGES<\/b><\/span><br \/>\nPr\u00e9sid\u00e9 par <b>Jan Kounen<\/b> (\u00abDoberman\u00bb) ce jury sera compos\u00e9 du r\u00e9alisateur <b>Kim Chapiron<\/b> (\u00abDog Pound\u00bb), de la com\u00e9dienne <b>B\u00e9atrice Dalle<\/b> (\u00abA L\u2019int\u00e9rieur\u00bb), de l\u2019\u00e9crivain <b>Alain Damasio<\/b> (\u00abLa Horde du contrevent \u00bb), la com\u00e9dienne <b>Vahina Giocante<\/b> (\u00ab30 Beats\u00bb), de la com\u00e9dienne am\u00e9ricaine <b>Tania Raymonde<\/b> (\u00abTexas Chainsaw 3D\u00bb) et du r\u00e9alisateur argentin <b>Juan Solanas<\/b> (\u00abUpside Down\u00bb).<\/p>\n<p><img data-recalc-dims=\"1\" decoding=\"async\" src=\"https:\/\/i0.wp.com\/www.shunrize.com\/2014\/jury-gerardmer2014.jpg?w=700\" alt=\"\" \/><\/p>\n<p style=\"text-align: justify;\"><span style=\"color: #0f9095;\"><b>LONGS-M\u00c9TRAGES EN COMP\u00c9TITION<\/b><\/span><br \/>\n\u2022 \u00abAblations\u00bb d\u2019Arnold de Parscau (France et Belgique)<br \/>\n\u2022 \u00abDark Touch\u00bb de Marina de Van (France, Irlande et Su\u00e8de)<br \/>\n\u2022 \u00abMiss Zombie\u00bb de Sabu (Japon)<br \/>\n\u2022 \u00abRigor Mortis\u00bb de Juno Mak (Hong Kong)<br \/>\n\u2022 \u00abThe Babadook\u00bb de Jennifer Kent (Australie)<br \/>\n\u2022 \u00abThe Last day on Mars\u00bb de Ruairi Robinson (Grande-Bretagne)<br \/>\n\u2022 \u00abThe Sacrament\u00bb de Ti West (\u00c9tats-Unis)<br \/>\n\u2022 \u00abWere are what we are\u00bb de Jim Mickle (\u00c9tats-Unis)<\/p>\n<p><img data-recalc-dims=\"1\" decoding=\"async\" src=\"https:\/\/i0.wp.com\/www.shunrize.com\/2014\/Dark-Touch.jpg?w=700\" alt=\"\" \/><br \/>\n<i>Extrait de Dark Touch<\/i><\/p>\n<p style=\"text-align: justify;\"><span style=\"color: #0f9095;\"><b>FILMS HORS COMP\u00c9TITION<\/b><\/span><br \/>\n\u2022 \u00abAcross the River\u00bb de Lorenzo Bianchini (Italie)<br \/>\n\u2022 \u00abAlmost Human\u00bb de Joe Begos (\u00c9tats-Unis)<br \/>\n\u2022 \u00abAll Cheerleaders die\u00bb de Lucky McKee et Chris Siverston (\u00c9tats-Unis)<br \/>\n\u2022 \u00abCoherence\u00bb de James Ward Byrkit (\u00c9tats-Unis)<br \/>\n\u2022 \u00abDiscopathe\u00bb de Renaud Gauthier (Canada)<br \/>\n\u2022 \u00abHalley\u00bb de Sebastien Hofman (Mexique)<br \/>\n\u2022 \u00abThe Sacrament\u00bb de Ti West (\u00c9tats-Unis)<br \/>\n\u2022 \u00abJack et la m\u00e9canique du c\u0153ur\u00bb de Mathieu Malzieu et St\u00e9phane Berla(France)<br \/>\n\u2022 \u00abKiss of the damned\u00bb de Xan Cassavetes (\u00c9tats-Unis)<br \/>\n\u2022 \u00abL\u2019Autre Monde\u00bb de Richard Stanley (France)<br \/>\n\u2022 \u00abL\u2019\u00c9trange couleur des larmes de ton corps\u00bb d\u2019H\u00e9l\u00e8ne Cattet et Bruno Forzani (France, Belgique et Luxembourg)<br \/>\n\u2022 \u00abMetal Hurlant Chronicles\u00bb (France et Belgique)<br \/>\n\u2022 \u00abMindscape\u00bb de Jorge Dorado (Espagne)<br \/>\n\u2022 \u00abPatrick\u00bb de Mark Hartley (Australie)<br \/>\n\u2022 \u00abSonno Profondo\u00bb de Luciano Onetti (Argentine)<br \/>\n\u2022 \u00abTales from the Dark 1\u00bb de Fruit Chan, Chi-Ngai Lee et Simon Yam (Hong Kong)<br \/>\n\u2022 \u00abTales from the Dark 2\u00bb de Gordan Chan, Lawrence Law Kwok Cheong et Teddy Robin (Hong Kong)<br \/>\n\u2022 \u00abThe Machine\u00bb de Caradog W. James (Royaume-Uni)<br \/>\n\u2022 \u00abThe Station\u00bb de Marvin Kren (Autriche)<br \/>\n\u2022 \u00abTombville\u00bb de Nikolas List (Belgique)<br \/>\n\u2022 \u00abV\/H\/S 2\u00bb de Simon Barrett, Jason Eisener, Gareth Evans, Gregg Hale, Eduardo Sanchez, Timo Tjahjanto et Adam Wingard(\u00c9tats-Unis)<\/p>\n<p><img data-recalc-dims=\"1\" decoding=\"async\" src=\"https:\/\/i0.wp.com\/www.shunrize.com\/2014\/VHS2.jpg?w=700\" alt=\"\" \/><br \/>\n<i>Extrait de V\/H\/S 2<\/i><\/p>\n<p style=\"text-align: justify;\"><span style=\"color: #0f9095;\"><b>LA NUIT FANTASTIQUE<\/b><\/span><br \/>\nElle aura lieu le samedi 1er f\u00e9vrier \u00e0 partir de 00h30 \u00e0 l\u2019Espace LAC:<br \/>\n\u2022 \u00abBig Ass Spider\u00bb de Mike Mendez (\u00c9tats-Unis)<br \/>\n\u2022 \u00abBounty Killer\u00bb de Henri Saine (\u00c9tats-Unis)<br \/>\n\u2022 \u00abSharknado\u00bb d\u2019Anthony C. Ferrante (\u00c9tats-Unis)<\/p>\n<p style=\"text-align: justify;\">Les festivaliers auront l&rsquo;opportunit\u00e9 d&rsquo;assister \u00e0 de nombreuses projections mais ils pourront \u00e9galement participer \u00e0 une <b>Zombie Walk<\/b> pr\u00e9vue le samedi 1er f\u00e9vrier \u00e0 partir de 13h sur la place du Tilleul, d\u00e9couvrir des expositions d\u2019arts plastiques, assister \u00e0 des rencontres avec des auteurs et emmener leurs enfants \u00e0 des ateliers p\u00e9dagogiques et ludiques.<\/p>\n<p><iframe loading=\"lazy\" src=\"\/\/www.youtube.com\/embed\/njttrfEk66A?rel=0\" width=\"628\" height=\"360\" frameborder=\"0\" allowfullscreen=\"allowfullscreen\"><\/iframe><\/p>\n<p style=\"text-align: justify;\"><span style=\"color: #0f9095;\"><b>RENDEZ-VOUS<\/b><\/span><br \/>\n<b>Date :<\/b> du 29 janvier au 2 f\u00e9vrier 2014<br \/>\n<b>Lieux :<\/b><br \/>\nEspace LAC Centre de Congr\u00e8s 17, faubourg de Ramberchamp<br \/>\nCin\u00e9ma du Casino 3, avenue de la ville de vichy<br \/>\nMaison de la culture et des Loisirs 1, boulevard de Saint-Di\u00e9<br \/>\nParadisio rue Carnot<\/p>\n<p style=\"text-align: justify;\"><b>Tarifs :<\/b> Aucun tarif r\u00e9duit individuel. Possibilit\u00e9 de r\u00e9duction group\u00e9e \u00e0 partir de 20 pass achet\u00e9s sur bon de commande.<br \/>\n\u25a1 Pass s\u00e9ance \u00e0 9\u20ac<br \/>\nValable pour une seule s\u00e9ance non dat\u00e9e + 3 s\u00e9ances de la Nuit fantastique, non valable \u00e0 l\u2019Espace LAC ni au Casino<br \/>\n\u25a1 Pass Journ\u00e9e \u00e0 26\u20ac<br \/>\nValable pour toute s\u00e9ance programm\u00e9e le jeudi ou le vendredi selon le jour mentionn\u00e9 sur le pass. Acc\u00e8s non prioritaire \u00e0 l\u2019Espace LAC.<br \/>\n\u25a1 Pass Weekend \u00e0 50\u20ac<br \/>\nValable pour toute s\u00e9ance programm\u00e9e le samedi et le dimanche y compris les 3 s\u00e9ances de la Nuit Fantastique et dans toutes les salles. Acc\u00e8s non prioritaire \u00e0 l\u2019Espace LAC<br \/>\n\u25a1 Pass Festival \u00e0 88\u20ac<br \/>\nValable pour toute s\u00e9ance programm\u00e9e pendant le festival, sans limitation et dans toutes les salles. Acc\u00e8s prioritaire \u00e0 l\u2019Espace LAC<\/p>\n<p style=\"text-align: justify;\"><b>Billetterie :<\/b> La vente des Pass Cin\u00e9ma d\u00e9butera le samedi 25 janvier 2014 \u00e0 l\u2019Espace Tilleul, rue Charles de Gaulle \u00e0 G\u00e9rardmer. Les Pass sont vendus uniquement sur place. Horaires A partir du samedi 25 janvier de 9h \u00e0 12h30 et de 13h30 \u00e0 19h I Du jeudi 30 au dimanche 2 f\u00e9vrier de 8h30 \u00e0 20h<br \/>\n<b>Plus d\u2019informations :<\/b> Festival Gerardmer<\/p>\n","protected":false},"excerpt":{"rendered":"<p>Du 29 janvier au 02 f\u00e9vrier prochain se d\u00e9roulera la 21e \u00e9dition du Festival du Film Fantastique de G\u00e9rardmer. Voici le programme ! L\u2019un des rendez-vous incontournables des amateurs de cin\u00e9ma fantastique rendra hommage le soir du 31 janvier au cin\u00e9aste sud-cor\u00e9en Kim Jee-Won (\u00abI Saw The Devil\u00bb, \u00abLe Bon, La Brute et Le Cingl\u00e9\u00bb) [&hellip;]<\/p>\n","protected":false},"author":1,"featured_media":34912,"comment_status":"open","ping_status":"open","sticky":false,"template":"","format":"standard","meta":{"jetpack_post_was_ever_published":false,"_jetpack_newsletter_access":"","_jetpack_dont_email_post_to_subs":false,"_jetpack_newsletter_tier_id":0,"_jetpack_memberships_contains_paywalled_content":false,"csco_page_load_nextpost":"","csco_post_video_location":[],"csco_post_video_location_hash":"","csco_post_video_url":"","csco_post_video_bg_start_time":0,"csco_post_video_bg_end_time":0,"csco_post_text_color":"","_jetpack_memberships_contains_paid_content":false,"footnotes":"","jetpack_publicize_message":"","jetpack_publicize_feature_enabled":true,"jetpack_social_post_already_shared":false,"jetpack_social_options":{"image_generator_settings":{"template":"highway","default_image_id":0,"font":"","enabled":false},"version":2}},"categories":[5149],"tags":[7414,232],"class_list":{"0":"post-34911","1":"post","2":"type-post","3":"status-publish","4":"format-standard","5":"has-post-thumbnail","7":"category-culture","8":"tag-coree-du-sud","9":"tag-zombies","10":"cs-entry","11":"cs-video-wrap"},"aioseo_notices":[],"jetpack_publicize_connections":[],"jetpack_featured_media_url":"https:\/\/i0.wp.com\/shunrize.com\/blog\/wp-content\/uploads\/2014\/01\/Kim-Jee-woon.jpg?fit=628%2C356&ssl=1","jetpack-related-posts":[{"id":36389,"url":"https:\/\/shunrize.com\/blog\/festival-gerardmer-2014-le-palmares\/","url_meta":{"origin":34911,"position":0},"title":"Festival G\u00e9rardmer 2014 &#8211; Le Palmar\u00e8s","author":"Val\u00e9rie Denise","date":"02\/02\/2014","format":false,"excerpt":"Retrouvez le Palmar\u00e8s complet de la 21e \u00e9dition du Festival International du Film Fantastique de G\u00e9rardmer.","rel":"","context":"Dans &quot;CULTURE&quot;","block_context":{"text":"CULTURE","link":"https:\/\/shunrize.com\/blog\/category\/culture\/"},"img":{"alt_text":"","src":"https:\/\/i0.wp.com\/shunrize.com\/blog\/wp-content\/uploads\/2014\/02\/gerardmer2014-palmares.jpg?fit=628%2C356&ssl=1&resize=350%2C200","width":350,"height":200,"srcset":"https:\/\/i0.wp.com\/shunrize.com\/blog\/wp-content\/uploads\/2014\/02\/gerardmer2014-palmares.jpg?fit=628%2C356&ssl=1&resize=350%2C200 1x, https:\/\/i0.wp.com\/shunrize.com\/blog\/wp-content\/uploads\/2014\/02\/gerardmer2014-palmares.jpg?fit=628%2C356&ssl=1&resize=525%2C300 1.5x"},"classes":[]},{"id":17901,"url":"https:\/\/shunrize.com\/blog\/palmares-gerardmer-2011\/","url_meta":{"origin":34911,"position":1},"title":"Festival G\u00e9rardmer 2011 &#8211; Palmar\u00e8s","author":"Val\u00e9rie Denise","date":"30\/01\/2011","format":false,"excerpt":"Durant cinq jours, les amateurs de cin\u00e9ma de genre ont pu d\u00e9couvrir ou revoir pr\u00e8s d'une quarantaine de films \u00e0 l'occasion de la 18e \u00e9dition du Festival du film Fantastique de G\u00e9rardmer. Cor\u00e9e du sud, Uruguay, Mexique, \u00c9tats-Unis, France, Maroc, Norv\u00e8ge, Australie. Un v\u00e9ritable tour du monde de l'horreur et\u2026","rel":"","context":"Dans &quot;CULTURE&quot;","block_context":{"text":"CULTURE","link":"https:\/\/shunrize.com\/blog\/category\/culture\/"},"img":{"alt_text":"","src":"https:\/\/i0.wp.com\/shunrize.com\/blog\/wp-content\/uploads\/2011\/01\/gerardmer-2011.jpg?fit=628%2C356&ssl=1&resize=350%2C200","width":350,"height":200,"srcset":"https:\/\/i0.wp.com\/shunrize.com\/blog\/wp-content\/uploads\/2011\/01\/gerardmer-2011.jpg?fit=628%2C356&ssl=1&resize=350%2C200 1x, https:\/\/i0.wp.com\/shunrize.com\/blog\/wp-content\/uploads\/2011\/01\/gerardmer-2011.jpg?fit=628%2C356&ssl=1&resize=525%2C300 1.5x"},"classes":[]},{"id":17316,"url":"https:\/\/shunrize.com\/blog\/festival-du-film-fantastique-de-gerardmer-2011\/","url_meta":{"origin":34911,"position":2},"title":"Festival du Film Fantastique de G\u00e9rardmer 2011","author":"Val\u00e9rie Denise","date":"14\/01\/2011","format":false,"excerpt":"Du 26 au 30 janvier prochain se d\u00e9roulera la 18eme \u00e9dition du Festival du Film Fantastique de G\u00e9rardmer. Le rendez vous annuel de tous les amateurs fran\u00e7ais de cin\u00e9ma fantastique vient de d\u00e9voiler son programme tr\u00e8s all\u00e9chant. Ce festival est l\u2019occasion de d\u00e9couvrir en avant premi\u00e8re fran\u00e7aise bon nombre de\u2026","rel":"","context":"Dans &quot;CULTURE&quot;","block_context":{"text":"CULTURE","link":"https:\/\/shunrize.com\/blog\/category\/culture\/"},"img":{"alt_text":"","src":"https:\/\/i0.wp.com\/shunrize.com\/blog\/wp-content\/uploads\/2011\/01\/gerardmer-2011.jpg?fit=628%2C356&ssl=1&resize=350%2C200","width":350,"height":200,"srcset":"https:\/\/i0.wp.com\/shunrize.com\/blog\/wp-content\/uploads\/2011\/01\/gerardmer-2011.jpg?fit=628%2C356&ssl=1&resize=350%2C200 1x, https:\/\/i0.wp.com\/shunrize.com\/blog\/wp-content\/uploads\/2011\/01\/gerardmer-2011.jpg?fit=628%2C356&ssl=1&resize=525%2C300 1.5x"},"classes":[]},{"id":67184,"url":"https:\/\/shunrize.com\/blog\/critique-exhuma-de-jang-jae-hyun\/","url_meta":{"origin":34911,"position":3},"title":"Exhuma de Jang Jae-hyun : les entrailles de la terreur","author":"Val\u00e9rie Denise","date":"07\/11\/2024","format":false,"excerpt":"Apr\u00e8s The Priests et Svaha: The Sixth Finger, Jang Jae-hyun continue de s'aventurer sur les territoires de l\u2019occulte avec Exhuma. Dans le cadre du 19e Festival du Film Cor\u00e9en \u00e0 Paris, j\u2019ai pu le voir sur grand \u00e9cran. Le cin\u00e9ma sud-cor\u00e9en se d\u00e9marque par son originalit\u00e9 et sa capacit\u00e9 \u00e0\u2026","rel":"","context":"Dans &quot;DEVIANT ZONE&quot;","block_context":{"text":"DEVIANT ZONE","link":"https:\/\/shunrize.com\/blog\/category\/deviant-zone\/"},"img":{"alt_text":"","src":"https:\/\/i0.wp.com\/shunrize.com\/blog\/wp-content\/uploads\/2024\/11\/Exhuma_still_25.jpg?fit=1200%2C800&ssl=1&resize=350%2C200","width":350,"height":200,"srcset":"https:\/\/i0.wp.com\/shunrize.com\/blog\/wp-content\/uploads\/2024\/11\/Exhuma_still_25.jpg?fit=1200%2C800&ssl=1&resize=350%2C200 1x, https:\/\/i0.wp.com\/shunrize.com\/blog\/wp-content\/uploads\/2024\/11\/Exhuma_still_25.jpg?fit=1200%2C800&ssl=1&resize=525%2C300 1.5x, https:\/\/i0.wp.com\/shunrize.com\/blog\/wp-content\/uploads\/2024\/11\/Exhuma_still_25.jpg?fit=1200%2C800&ssl=1&resize=700%2C400 2x, https:\/\/i0.wp.com\/shunrize.com\/blog\/wp-content\/uploads\/2024\/11\/Exhuma_still_25.jpg?fit=1200%2C800&ssl=1&resize=1050%2C600 3x"},"classes":[]},{"id":65584,"url":"https:\/\/shunrize.com\/blog\/avis-projet-wolf-hunting-carnage-en-haute-mer\/","url_meta":{"origin":34911,"position":4},"title":"Cin\u00e9ma | Projet Wolf Hunting : carnage en haute mer","author":"Val\u00e9rie Denise","date":"13\/01\/2023","format":false,"excerpt":"Apr\u00e8s avoir \u00e9cum\u00e9 les festivals de films de genre (TIFFF, L'\u00e9trange Festival, PIFFF...), Projet Wolf Hunting arrive enfin dans nos salles le 15 f\u00e9vrier prochain. R\u00e9compens\u00e9 \u00e0 deux reprises au 55e Festival de Sitges, notamment pour ses effets sp\u00e9ciaux, le sanglant spectacle offert par Kim Hong-Sun n\u2019est pas \u00e0 mettre\u2026","rel":"","context":"Dans &quot;DEVIANT ZONE&quot;","block_context":{"text":"DEVIANT ZONE","link":"https:\/\/shunrize.com\/blog\/category\/deviant-zone\/"},"img":{"alt_text":"","src":"https:\/\/i0.wp.com\/shunrize.com\/blog\/wp-content\/uploads\/2023\/01\/Project-Wolf-Hunting-2.jpg?fit=1200%2C800&ssl=1&resize=350%2C200","width":350,"height":200,"srcset":"https:\/\/i0.wp.com\/shunrize.com\/blog\/wp-content\/uploads\/2023\/01\/Project-Wolf-Hunting-2.jpg?fit=1200%2C800&ssl=1&resize=350%2C200 1x, https:\/\/i0.wp.com\/shunrize.com\/blog\/wp-content\/uploads\/2023\/01\/Project-Wolf-Hunting-2.jpg?fit=1200%2C800&ssl=1&resize=525%2C300 1.5x, https:\/\/i0.wp.com\/shunrize.com\/blog\/wp-content\/uploads\/2023\/01\/Project-Wolf-Hunting-2.jpg?fit=1200%2C800&ssl=1&resize=700%2C400 2x, https:\/\/i0.wp.com\/shunrize.com\/blog\/wp-content\/uploads\/2023\/01\/Project-Wolf-Hunting-2.jpg?fit=1200%2C800&ssl=1&resize=1050%2C600 3x"},"classes":[]},{"id":17662,"url":"https:\/\/shunrize.com\/blog\/critique-devil\/","url_meta":{"origin":34911,"position":5},"title":"Cin\u00e9ma | Devil de John Erick Dowdle","author":"Val\u00e9rie Denise","date":"26\/01\/2011","format":false,"excerpt":"C'est la derni\u00e8re production M. Night Shyamalan qui ouvrira le 18e Festival international du film fantastique de G\u00e9rardmer. Un choix discutable quand on sait qu'il est cens\u00e9 donner le ton du reste de la programmation. En effet, le distributeur fran\u00e7ais a vu juste en repoussant la sortie initialement pr\u00e9vue ce\u2026","rel":"","context":"Dans &quot;DEVIANT ZONE&quot;","block_context":{"text":"DEVIANT ZONE","link":"https:\/\/shunrize.com\/blog\/category\/deviant-zone\/"},"img":{"alt_text":"","src":"https:\/\/i0.wp.com\/shunrize.com\/blog\/wp-content\/uploads\/2011\/01\/Devil-John-Erick-Dowdle.jpg?fit=628%2C356&ssl=1&resize=350%2C200","width":350,"height":200,"srcset":"https:\/\/i0.wp.com\/shunrize.com\/blog\/wp-content\/uploads\/2011\/01\/Devil-John-Erick-Dowdle.jpg?fit=628%2C356&ssl=1&resize=350%2C200 1x, https:\/\/i0.wp.com\/shunrize.com\/blog\/wp-content\/uploads\/2011\/01\/Devil-John-Erick-Dowdle.jpg?fit=628%2C356&ssl=1&resize=525%2C300 1.5x"},"classes":[]}],"jetpack_sharing_enabled":true,"_links":{"self":[{"href":"https:\/\/shunrize.com\/blog\/wp-json\/wp\/v2\/posts\/34911","targetHints":{"allow":["GET"]}}],"collection":[{"href":"https:\/\/shunrize.com\/blog\/wp-json\/wp\/v2\/posts"}],"about":[{"href":"https:\/\/shunrize.com\/blog\/wp-json\/wp\/v2\/types\/post"}],"author":[{"embeddable":true,"href":"https:\/\/shunrize.com\/blog\/wp-json\/wp\/v2\/users\/1"}],"replies":[{"embeddable":true,"href":"https:\/\/shunrize.com\/blog\/wp-json\/wp\/v2\/comments?post=34911"}],"version-history":[{"count":0,"href":"https:\/\/shunrize.com\/blog\/wp-json\/wp\/v2\/posts\/34911\/revisions"}],"wp:featuredmedia":[{"embeddable":true,"href":"https:\/\/shunrize.com\/blog\/wp-json\/wp\/v2\/media\/34912"}],"wp:attachment":[{"href":"https:\/\/shunrize.com\/blog\/wp-json\/wp\/v2\/media?parent=34911"}],"wp:term":[{"taxonomy":"category","embeddable":true,"href":"https:\/\/shunrize.com\/blog\/wp-json\/wp\/v2\/categories?post=34911"},{"taxonomy":"post_tag","embeddable":true,"href":"https:\/\/shunrize.com\/blog\/wp-json\/wp\/v2\/tags?post=34911"}],"curies":[{"name":"wp","href":"https:\/\/api.w.org\/{rel}","templated":true}]}}