{"id":30353,"date":"2013-05-21T22:53:37","date_gmt":"2013-05-21T20:53:37","guid":{"rendered":"http:\/\/www.shunrize.com\/blog\/?p=30353"},"modified":"2021-01-27T17:05:29","modified_gmt":"2021-01-27T16:05:29","slug":"la-biere-mexicaine-sol-ensoleille-vos-soirees","status":"publish","type":"post","link":"https:\/\/shunrize.com\/blog\/la-biere-mexicaine-sol-ensoleille-vos-soirees\/","title":{"rendered":"La Bi\u00e8re Mexicaine Sol ensoleille vos soir\u00e9es !"},"content":{"rendered":"\n<p><strong>Le 19 mars dernier, la bi\u00e8re mexicaine Sol marquait son grand retour dans l\u2019Hexagone depuis son rachat par le groupe Heineken en 2011. J\u2019ai re\u00e7u quelques bouteilles de ce breuvage solaire venu d\u2019Outre-Atlantique. <\/strong><\/p>\n\n\n\n<p>La pauvre parisienne que je suis se d\u00e9sesp\u00e8re tellement de revoir bient\u00f4t le soleil briller sur notre belle Capitale que la perspective de passer une soir\u00e9e entre amis pour oublier notre peine commune \u00e9tait forc\u00e9ment la bienvenue.<\/p>\n\n\n\n<center><img data-recalc-dims=\"1\" decoding=\"async\" src=\"https:\/\/i0.wp.com\/www.shunrize.com\/2013\/sol.png?w=700\" alt=\"bi\u00e8re sol\"\/><\/center>\n\n\n\n<h2 id=\"une-biere-100-mexicaine\" class=\"wp-block-heading\">Une bi\u00e8re 100% mexicaine<\/h2>\n\n\n\n<p>Brass\u00e9e au Mexique depuis 1899, la bi\u00e8re Sol a \u00e9t\u00e9 marqu\u00e9e par l&rsquo;histoire d&rsquo;un pays qui s&rsquo;est longtemps battu pour son ind\u00e9pendance. Depuis plus de 100 ans, et malgr\u00e9 les diff\u00e9rents r\u00e9gimes oppressifs, les brasseurs n\u2019ont d&rsquo;ailleurs jamais renonc\u00e9 \u00e0 la produire.<\/p>\n\n\n\n<center><img data-recalc-dims=\"1\" decoding=\"async\" src=\"https:\/\/i0.wp.com\/www.shunrize.com\/2013\/bouteille-biere-sol.png?w=700\" alt=\"\"\/><\/center>\n\n\n\n<p><span style=\"text-decoration: underline;\">Origine<\/span> : Mexique<br \/><span style=\"text-decoration: underline;\">Brasseur<\/span> : Cerveceria Moctezuma S.A. de C.V<br \/><span style=\"text-decoration: underline;\">Type<\/span> : Pils<br \/><span style=\"text-decoration: underline;\">Titrage<\/span> : 4,5%<br \/><span style=\"text-decoration: underline;\">Fermentation<\/span> : basse<\/p>\n\n\n\n<p>Impr\u00e9gn\u00e9e de cet esprit libre, la bi\u00e8re est l\u00e9g\u00e8re et rafra\u00eechissante. Peu am\u00e8re, elle convient parfaitement \u00e0 ceux qui ne tiennent pas tr\u00e8s bien l\u2019alcool comme moi \ud83d\ude06<\/p>\n\n\n\n<center><img data-recalc-dims=\"1\" decoding=\"async\" src=\"https:\/\/i0.wp.com\/www.shunrize.com\/2013\/pin-up-biere-sol.png?w=700\" alt=\"\"\/><\/center>\n\n\n\n<h2 id=\"on-mange-quoi-avec\" class=\"wp-block-heading\"><img data-recalc-dims=\"1\" decoding=\"async\" src=\"https:\/\/i0.wp.com\/www.shunrize.com\/2013\/panda-cook.jpg?w=700\" alt=\"\"\/> On mange quoi avec ?<span style=\"color: #4fb8a6;\"><br \/><\/span><\/h2>\n\n\n\n<p>Boire c\u2019est une chose, mais il faut aussi penser \u00e0 sustenter ses invit\u00e9s. J\u2019ai donc achet\u00e9 du guacamole (j\u2019aurais pu le faire moi-m\u00eame mais grosse flemme en fin de semaine), pr\u00e9par\u00e9 des tortillas au poulet et deux petites entr\u00e9es \u00e0 base de cheddar, de thon et de chipotle (du piment qui d\u00e9chire la bouche). Voici les <a href=\"https:\/\/shunrize.com\/blog\/tag\/recette\/\" target=\"_blank\" rel=\"noreferrer noopener\" title=\"https:\/\/shunrize.com\/blog\/tag\/recette\/\">recettes <\/a>:<\/p>\n\n\n\n<center><img data-recalc-dims=\"1\" decoding=\"async\" src=\"https:\/\/i0.wp.com\/www.shunrize.com\/2013\/apero-dinatoire-mexicain.png?w=700\" alt=\"\"\/><\/center>\n\n\n\n<p><strong>Recette Dip de thon et Chipotle Fum\u00e9<\/strong>: \u00c9craser \u00e0 l\u2019aide d\u2019une fourchette 100gr de chipotle fum\u00e9 et 1 boite de thon naturel. Arroser la pr\u00e9paration d\u20191 jus de citron vert apr\u00e8s avoir sal\u00e9 et poivr\u00e9 \u00e0 votre convenance. Laisser reposer la pr\u00e9paration pendant 1h au frigo et servir avec des tortillas. Notez que si vous ne trouvez pas une boite de piments Chipotle pr\u00e8s de chez vous, Heinz propose une sauce au piment Chipotle disponible chez Monoprix pour 1,84\u20ac.<\/p>\n\n\n\n<p><b>Recette Tortilla au cheddar \u00e0 ma fa\u00e7on<\/b> : Mettre une 1\u00e8re couche de tortillas dans un plat allant au four micro-ondes, recouvrir cette 1\u00e8re couche de lamelles de cheddar rouge, parsemer de tomates et de poivrons coup\u00e9s en petits d\u00e9s. Recouvrir d\u2019une seconde couche de tortillas et de lamelles de cheddar rouge. Mettre au four micro-ondes \u00e0 pleine puissance pendant 2 minutes et c\u2019est pr\u00eat !<\/p>\n\n\n\n<p>Ce vendredi soir-l\u00e0, \u00e0 d\u00e9faut d\u2019avoir une vingtaine de degr\u00e9s \u00e0 l\u2019ext\u00e9rieur, l\u2019ambiance fut chaleureuse dans mon appartement parisien !<\/p>\n\n\n\n<p class=\"has-text-align-right\">Merci \u00e0 Chandleyr et <a href=\"http:\/\/www.nanouche.com\/\" target=\"_blank\" rel=\"noopener noreferrer\">Nanouche<\/a> d&rsquo;avoir partag\u00e9 cette chouette soir\u00e9e avec nous.<\/p>\n","protected":false},"excerpt":{"rendered":"<p>Le 19 mars dernier, la bi\u00e8re mexicaine Sol marquait son grand retour dans l\u2019Hexagone depuis son rachat par le groupe Heineken en 2011. J\u2019ai re\u00e7u quelques bouteilles de ce breuvage solaire venu d\u2019Outre-Atlantique. La pauvre parisienne que je suis se d\u00e9sesp\u00e8re tellement de revoir bient\u00f4t le soleil briller sur notre belle Capitale que la perspective [&hellip;]<\/p>\n","protected":false},"author":1,"featured_media":46549,"comment_status":"open","ping_status":"open","sticky":false,"template":"","format":"standard","meta":{"jetpack_post_was_ever_published":false,"_jetpack_newsletter_access":"","_jetpack_dont_email_post_to_subs":false,"_jetpack_newsletter_tier_id":0,"_jetpack_memberships_contains_paywalled_content":false,"csco_page_load_nextpost":"","csco_post_video_location":[],"csco_post_video_location_hash":"","csco_post_video_url":"","csco_post_video_bg_start_time":0,"csco_post_video_bg_end_time":0,"csco_post_text_color":"","_jetpack_memberships_contains_paid_content":false,"footnotes":"","jetpack_publicize_message":"","jetpack_publicize_feature_enabled":true,"jetpack_social_post_already_shared":false,"jetpack_social_options":{"image_generator_settings":{"template":"highway","default_image_id":0,"font":"","enabled":false},"version":2}},"categories":[2002],"tags":[7399],"class_list":{"0":"post-30353","1":"post","2":"type-post","3":"status-publish","4":"format-standard","5":"has-post-thumbnail","7":"category-lifestyle","8":"tag-cuisine","9":"cs-entry","10":"cs-video-wrap"},"aioseo_notices":[],"jetpack_publicize_connections":[],"jetpack_featured_media_url":"https:\/\/i0.wp.com\/shunrize.com\/blog\/wp-content\/uploads\/2013\/05\/SOLELESPIRITU.jpg?fit=1200%2C520&ssl=1","jetpack-related-posts":[{"id":17880,"url":"https:\/\/shunrize.com\/blog\/critique-ne-nous-jugez-pas\/","url_meta":{"origin":30353,"position":0},"title":"Cin\u00e9ma | Ne nous jugez pas &#8211; Critique","author":"Val\u00e9rie Denise","date":"30\/01\/2011","format":false,"excerpt":"Connu sous de nombreux titres : Somos lo que hay, Nous sommes ce que nous sommes, We are what we are et enfin Ne nous jugez pas, le premier long-m\u00e9trage de Jorge Michel Grau concourt dans la cat\u00e9gorie du Meilleur Long-m\u00e9trage pour ce Festival du film fantastique de G\u00e9rardmer. Pr\u00e9sent\u00e9\u2026","rel":"","context":"Dans &quot;DEVIANT ZONE&quot;","block_context":{"text":"DEVIANT ZONE","link":"https:\/\/shunrize.com\/blog\/category\/deviant-zone\/"},"img":{"alt_text":"","src":"https:\/\/i0.wp.com\/shunrize.com\/blog\/wp-content\/uploads\/2011\/01\/somos-lo-que-hay-2.jpg?fit=600%2C338&ssl=1&resize=350%2C200","width":350,"height":200,"srcset":"https:\/\/i0.wp.com\/shunrize.com\/blog\/wp-content\/uploads\/2011\/01\/somos-lo-que-hay-2.jpg?fit=600%2C338&ssl=1&resize=350%2C200 1x, https:\/\/i0.wp.com\/shunrize.com\/blog\/wp-content\/uploads\/2011\/01\/somos-lo-que-hay-2.jpg?fit=600%2C338&ssl=1&resize=525%2C300 1.5x"},"classes":[]},{"id":39615,"url":"https:\/\/shunrize.com\/blog\/my-name-is-earl\/","url_meta":{"origin":30353,"position":1},"title":"My name is Earl","author":"Val\u00e9rie Denise","date":"02\/11\/2006","format":false,"excerpt":"Cr\u00e9\u00e9e par Gregory Thomas Garcia (Yes, Dear), My name is Earl est diffus\u00e9e aux \u00c9tats-Unis sur NBC depuis le 20 septembre 2005 et en France sur Paris Premi\u00e8re depuis le 29 octobre 2006. Compl\u00e9tement d\u00e9lirante, je suis \u00e9videmment tomb\u00e9e sous son charme. La s\u00e9rie suit les m\u00e9saventures d'Earl\u00a0Hickey (Jason Lee).\u2026","rel":"","context":"Dans &quot;CULTURE&quot;","block_context":{"text":"CULTURE","link":"https:\/\/shunrize.com\/blog\/category\/culture\/"},"img":{"alt_text":"","src":"https:\/\/i0.wp.com\/shunrize.com\/blog\/wp-content\/uploads\/2006\/11\/My-Name-is-Earl-preview.jpg?fit=1200%2C520&ssl=1&resize=350%2C200","width":350,"height":200,"srcset":"https:\/\/i0.wp.com\/shunrize.com\/blog\/wp-content\/uploads\/2006\/11\/My-Name-is-Earl-preview.jpg?fit=1200%2C520&ssl=1&resize=350%2C200 1x, https:\/\/i0.wp.com\/shunrize.com\/blog\/wp-content\/uploads\/2006\/11\/My-Name-is-Earl-preview.jpg?fit=1200%2C520&ssl=1&resize=525%2C300 1.5x, https:\/\/i0.wp.com\/shunrize.com\/blog\/wp-content\/uploads\/2006\/11\/My-Name-is-Earl-preview.jpg?fit=1200%2C520&ssl=1&resize=700%2C400 2x, https:\/\/i0.wp.com\/shunrize.com\/blog\/wp-content\/uploads\/2006\/11\/My-Name-is-Earl-preview.jpg?fit=1200%2C520&ssl=1&resize=1050%2C600 3x"},"classes":[]},{"id":40386,"url":"https:\/\/shunrize.com\/blog\/the-rock-sole-plaice-londres\/","url_meta":{"origin":30353,"position":2},"title":"The Rock &#038; Sole Plaice &#8211; Londres","author":"Val\u00e9rie Denise","date":"07\/11\/2014","format":false,"excerpt":"Avis sur The Rock & Sole Plaice restaurant Fish and Chips londonien","rel":"","context":"Dans &quot;LIFESTYLE&quot;","block_context":{"text":"LIFESTYLE","link":"https:\/\/shunrize.com\/blog\/category\/lifestyle\/"},"img":{"alt_text":"","src":"https:\/\/i0.wp.com\/shunrize.com\/blog\/wp-content\/uploads\/2014\/11\/The-Rock-and-Sole-Plaice-London.jpg?fit=1200%2C520&ssl=1&resize=350%2C200","width":350,"height":200,"srcset":"https:\/\/i0.wp.com\/shunrize.com\/blog\/wp-content\/uploads\/2014\/11\/The-Rock-and-Sole-Plaice-London.jpg?fit=1200%2C520&ssl=1&resize=350%2C200 1x, https:\/\/i0.wp.com\/shunrize.com\/blog\/wp-content\/uploads\/2014\/11\/The-Rock-and-Sole-Plaice-London.jpg?fit=1200%2C520&ssl=1&resize=525%2C300 1.5x, https:\/\/i0.wp.com\/shunrize.com\/blog\/wp-content\/uploads\/2014\/11\/The-Rock-and-Sole-Plaice-London.jpg?fit=1200%2C520&ssl=1&resize=700%2C400 2x, https:\/\/i0.wp.com\/shunrize.com\/blog\/wp-content\/uploads\/2014\/11\/The-Rock-and-Sole-Plaice-London.jpg?fit=1200%2C520&ssl=1&resize=1050%2C600 3x"},"classes":[]},{"id":54040,"url":"https:\/\/shunrize.com\/blog\/coco-critique-film-pixar\/","url_meta":{"origin":30353,"position":3},"title":"Cin\u00e9ma | Coco, un feu d\u2019artifice d\u2019\u00e9motions &#8211; Critique","author":"Val\u00e9rie Denise","date":"13\/11\/2017","format":false,"excerpt":"Cin\u00e9ma Publicis, mercredi 8 novembre. Entour\u00e9e d\u2019enfants, j'ai pu voir en 2D et en version fran\u00e7aise COCO, la nouvelle cr\u00e9ation des studios Disney-Pixar qui c\u00e9l\u00e8bre la mythologie mexicaine du Jour des morts. Village de Santa Cecilia. Du haut de ses 12 ans, Miguel Rivera (Anthony Gonzalez - Andrea Santamaria) voue\u2026","rel":"","context":"Dans &quot;CULTURE&quot;","block_context":{"text":"CULTURE","link":"https:\/\/shunrize.com\/blog\/category\/culture\/"},"img":{"alt_text":"Coco et Miguel","src":"https:\/\/i0.wp.com\/shunrize.com\/blog\/wp-content\/uploads\/2017\/11\/coco-pixar.jpg?fit=1200%2C520&ssl=1&resize=350%2C200","width":350,"height":200,"srcset":"https:\/\/i0.wp.com\/shunrize.com\/blog\/wp-content\/uploads\/2017\/11\/coco-pixar.jpg?fit=1200%2C520&ssl=1&resize=350%2C200 1x, https:\/\/i0.wp.com\/shunrize.com\/blog\/wp-content\/uploads\/2017\/11\/coco-pixar.jpg?fit=1200%2C520&ssl=1&resize=525%2C300 1.5x, https:\/\/i0.wp.com\/shunrize.com\/blog\/wp-content\/uploads\/2017\/11\/coco-pixar.jpg?fit=1200%2C520&ssl=1&resize=700%2C400 2x, https:\/\/i0.wp.com\/shunrize.com\/blog\/wp-content\/uploads\/2017\/11\/coco-pixar.jpg?fit=1200%2C520&ssl=1&resize=1050%2C600 3x"},"classes":[]},{"id":38816,"url":"https:\/\/shunrize.com\/blog\/guide-madrid-nos-bons-plans\/","url_meta":{"origin":30353,"position":4},"title":"Madrid : nos bons plans","author":"Val\u00e9rie Denise","date":"20\/09\/2014","format":false,"excerpt":"Ce mois-ci nous vous avons d\u00e9nich\u00e9 tous les bons plans resto et shopping ainsi que les endroits incontournables de Madrid, suivez le guide !","rel":"","context":"Dans &quot;LIFESTYLE&quot;","block_context":{"text":"LIFESTYLE","link":"https:\/\/shunrize.com\/blog\/category\/lifestyle\/"},"img":{"alt_text":"","src":"https:\/\/i0.wp.com\/shunrize.com\/blog\/wp-content\/uploads\/2014\/09\/Madrid-Plaza-de-Cibeles.jpg?fit=1200%2C520&ssl=1&resize=350%2C200","width":350,"height":200,"srcset":"https:\/\/i0.wp.com\/shunrize.com\/blog\/wp-content\/uploads\/2014\/09\/Madrid-Plaza-de-Cibeles.jpg?fit=1200%2C520&ssl=1&resize=350%2C200 1x, https:\/\/i0.wp.com\/shunrize.com\/blog\/wp-content\/uploads\/2014\/09\/Madrid-Plaza-de-Cibeles.jpg?fit=1200%2C520&ssl=1&resize=525%2C300 1.5x, https:\/\/i0.wp.com\/shunrize.com\/blog\/wp-content\/uploads\/2014\/09\/Madrid-Plaza-de-Cibeles.jpg?fit=1200%2C520&ssl=1&resize=700%2C400 2x, https:\/\/i0.wp.com\/shunrize.com\/blog\/wp-content\/uploads\/2014\/09\/Madrid-Plaza-de-Cibeles.jpg?fit=1200%2C520&ssl=1&resize=1050%2C600 3x"},"classes":[]},{"id":8082,"url":"https:\/\/shunrize.com\/blog\/critique-sin-nombre\/","url_meta":{"origin":30353,"position":5},"title":"Cin\u00e9ma | Sin Nombre de Cary Joji Fukunaga","author":"Val\u00e9rie Denise","date":"16\/09\/2009","format":false,"excerpt":"Premier long m\u00e9trage de Cary Joji Fukunaga, Sin Nombre cumule les r\u00e9compenses. Apr\u00e8s avoir remport\u00e9 les Prix de la meilleure r\u00e9alisation et de la meilleure direction artistique dans la cat\u00e9gorie film dramatique au Festival du Film Ind\u00e9pendant de Sundance, il a rafl\u00e9 la semaine derni\u00e8re le Prix du Jury au\u2026","rel":"","context":"Dans &quot;CULTURE&quot;","block_context":{"text":"CULTURE","link":"https:\/\/shunrize.com\/blog\/category\/culture\/"},"img":{"alt_text":"","src":"https:\/\/i0.wp.com\/shunrize.com\/blog\/wp-content\/uploads\/2009\/09\/sin_nombre.jpg?fit=628%2C356&ssl=1&resize=350%2C200","width":350,"height":200,"srcset":"https:\/\/i0.wp.com\/shunrize.com\/blog\/wp-content\/uploads\/2009\/09\/sin_nombre.jpg?fit=628%2C356&ssl=1&resize=350%2C200 1x, https:\/\/i0.wp.com\/shunrize.com\/blog\/wp-content\/uploads\/2009\/09\/sin_nombre.jpg?fit=628%2C356&ssl=1&resize=525%2C300 1.5x"},"classes":[]}],"jetpack_sharing_enabled":true,"_links":{"self":[{"href":"https:\/\/shunrize.com\/blog\/wp-json\/wp\/v2\/posts\/30353","targetHints":{"allow":["GET"]}}],"collection":[{"href":"https:\/\/shunrize.com\/blog\/wp-json\/wp\/v2\/posts"}],"about":[{"href":"https:\/\/shunrize.com\/blog\/wp-json\/wp\/v2\/types\/post"}],"author":[{"embeddable":true,"href":"https:\/\/shunrize.com\/blog\/wp-json\/wp\/v2\/users\/1"}],"replies":[{"embeddable":true,"href":"https:\/\/shunrize.com\/blog\/wp-json\/wp\/v2\/comments?post=30353"}],"version-history":[{"count":0,"href":"https:\/\/shunrize.com\/blog\/wp-json\/wp\/v2\/posts\/30353\/revisions"}],"wp:featuredmedia":[{"embeddable":true,"href":"https:\/\/shunrize.com\/blog\/wp-json\/wp\/v2\/media\/46549"}],"wp:attachment":[{"href":"https:\/\/shunrize.com\/blog\/wp-json\/wp\/v2\/media?parent=30353"}],"wp:term":[{"taxonomy":"category","embeddable":true,"href":"https:\/\/shunrize.com\/blog\/wp-json\/wp\/v2\/categories?post=30353"},{"taxonomy":"post_tag","embeddable":true,"href":"https:\/\/shunrize.com\/blog\/wp-json\/wp\/v2\/tags?post=30353"}],"curies":[{"name":"wp","href":"https:\/\/api.w.org\/{rel}","templated":true}]}}