{"id":28894,"date":"2013-03-13T03:29:46","date_gmt":"2013-03-13T02:29:46","guid":{"rendered":"http:\/\/www.shunrize.com\/blog\/?p=28894"},"modified":"2017-09-28T18:30:07","modified_gmt":"2017-09-28T16:30:07","slug":"sorties-cinema-13-mars-2013","status":"publish","type":"post","link":"https:\/\/shunrize.com\/blog\/sorties-cinema-13-mars-2013\/","title":{"rendered":"Les sorties cin\u00e9ma : Mercredi 13 Mars 2013"},"content":{"rendered":"<h2 id=\"40-ans-mode-demploi-this-is-40\" style=\"text-align: justify;\"><span style=\"color: #4fb8a6;\">40 ANS MODE D&rsquo;EMPLOI &#8211; THIS IS 40<\/span><\/h2>\n<p style=\"text-align: justify;\"><strong>Com\u00e9die &#8211; De Judd Apatow Avec Paul Rudd, Leslie Mann, John Lithgow, Megan Fox, Chris O&rsquo;Dowd, Jason Segel&#8230;<\/strong><br \/>\n<span style=\"text-decoration: underline;\">Avis<\/span> : Dans \u00abEn cloque mode d\u2019emploi\u00bb, ils jouaient un jeune couple avec des enfants en bas \u00e2ges qui faisaient fr\u00e9mir d&rsquo;horreur Katherine Heigl. Six ans plus tard, les voici de retour dans le quatri\u00e8me long-m\u00e9trage du r\u00e9alisateur, sc\u00e9nariste et prolixe producteur Judd Apatow. Leur idylle n\u2019est plus vraiment au beau fixe et le franchissement du cap de la quarantaine ne se fera pas sans dommage pour nos deux amoureux. Ici, on parle sans tabou de sexe, des difficult\u00e9s financi\u00e8res, de l\u2019\u00e9rosion des sentiments. Sans \u00eatre pour autant r\u00e9volutionnaire, le m\u00e9trage parvient tout de m\u00eame \u00e0 \u00e9voquer ces th\u00e9matiques sans se borner \u00e0 une simple redite de ce qui a d\u00e9j\u00e0 \u00e9t\u00e9 fait dans le domaine. Et si la multiplication des personnages secondaires entra\u00eene parfois des baisses de r\u00e9gime, vos abdominaux seront r\u00e9guli\u00e8rement mis \u00e0 rude \u00e9preuve. En effet, l&rsquo;humour est efficace, r\u00e9solument en phase avec les personnages et vous n\u2019\u00e9chapperez pas aux gags vulgaires inh\u00e9rents au quotidien. Un r\u00e9gal\u00a0!<\/p>\n<p><img data-recalc-dims=\"1\" loading=\"lazy\" decoding=\"async\" class=\"aligncenter\" src=\"https:\/\/i0.wp.com\/www.shunrize.com\/2013\/this-is-40.jpg?resize=628%2C482\" alt=\"\" width=\"628\" height=\"482\" \/><\/p>\n<h2 id=\"cloud-atlas\" style=\"text-align: justify;\"><span style=\"color: #4fb8a6;\">CLOUD ATLAS<\/span><\/h2>\n<p style=\"text-align: justify;\"><strong>Science-Fiction &#8211; De Tom Tykwer, Andy et Lana Wachowski Avec Tom Hanks, Halle Berry, Hugo Weaving, Jim Sturgess<\/strong>&#8230;<br \/>\n<span style=\"text-decoration: underline;\">Avis<\/span> : Consid\u00e9r\u00e9 jusqu\u2019ici comme inadaptable, en raison de sa complexit\u00e9, le roman de David Mitchell paru pour la premi\u00e8re fois en 2004, prend enfin vit au cin\u00e9ma sous la houlette de Lana et Andy Wachowsky (<i>Matrix)<\/i> et Tony Tykwer <i>(Cours, Lola, cours)<\/i>. Entre fresque d\u2019anticipation et fable philosophique, <i>Cloud Atlas<\/i> nous entra\u00eene simultan\u00e9ment dans des lieux et des \u00e9poques diff\u00e9rentes. Du Pacifique Sud au 19\u00e8me si\u00e8cle jusqu&rsquo;\u00e0 un futur post-apocalyptique, six histoires composent le film et chacune d\u2019entre elle est narr\u00e9e par le protagoniste de la suivante. D\u00e8s lors, difficile de ne pas d\u00e9crocher en cours de route surtout quand on sait qu\u2019il faudra attendre durant plus de la moiti\u00e9 du film avant de pouvoir faire la lumi\u00e8re sur les liens unissant chacun de ces laborieux r\u00e9cits. Dot\u00e9 d\u2019une patience \u00e0 toutes \u00e9preuves, j\u2019ai tenu bon et ai pu appr\u00e9cier ce que le m\u00e9trage avait tout de m\u00eame \u00e0 m\u2019offrir\u00a0: de l\u2019humour, des effets sp\u00e9ciaux de qualit\u00e9 (<i>si on fait abstraction de certains maquillages franchement ridicules<\/i>) et des interpr\u00e9tations parfois inspir\u00e9es. Mais, cette proposition tr\u00e8s audacieuse finit par c\u00e9der malheureusement sous le poids de ses propres ambitions et l\u2019\u00e9motion qu\u2019elle \u00e9tait cens\u00e9e susciter en moi n\u2019a jamais pu faire son chemin.<\/p>\n<h2 id=\"lartiste-et-son-modele\" style=\"text-align: justify;\"><span style=\"color: #4fb8a6;\">L&rsquo;ARTISTE ET SON MOD\u00c8LE<\/span><\/h2>\n<p style=\"text-align: justify;\"><strong>Drame &#8211; De\u00a0Fernando Trueba Avec Jean Rochefort, Aida Folch, Claudia Cardinale<\/strong><br \/>\n<span style=\"text-decoration: underline;\">Avis<\/span> : Dans la France de l\u2019occupation en 1943, non loin de la fronti\u00e8re espagnole. Las de sa vie et de la folie des hommes, un c\u00e9l\u00e8bre sculpteur cherche vainement l\u2019inspiration. L\u2019arriv\u00e9e d\u2019une jeune espagnole en cavale lui redonne peu \u00e0 peu le go\u00fbt de cr\u00e9er, le go\u00fbt de vivre&#8230; Absent des \u00e9crans de cin\u00e9ma depuis 2005, le r\u00e9alisateur espagnol Fernando Trueba (<i>Le miracle de Candeal<\/i>) s\u2019inspire de la vie de l&rsquo;artiste Aristide Maillol pour notre offrir une fable po\u00e9tique pleine d&rsquo;espoir sur la cr\u00e9ation, la vie, la vieillesse et la nature. C\u00f4t\u00e9 casting, face aux monstres sacr\u00e9s que sont Claudia Cardinale et Jean Rochefort, la jeune catalane Aida Folch ne d\u00e9m\u00e9rite pas et apporte au m\u00e9trage toute sa fra\u00eecheur et sa sensualit\u00e9.<\/p>\n","protected":false},"excerpt":{"rendered":"<p>40 ANS MODE D&rsquo;EMPLOI &#8211; THIS IS 40 Com\u00e9die &#8211; De Judd Apatow Avec Paul Rudd, Leslie Mann, John Lithgow, Megan Fox, Chris O&rsquo;Dowd, Jason Segel&#8230; Avis : Dans \u00abEn cloque mode d\u2019emploi\u00bb, ils jouaient un jeune couple avec des enfants en bas \u00e2ges qui faisaient fr\u00e9mir d&rsquo;horreur Katherine Heigl. Six ans plus tard, les [&hellip;]<\/p>\n","protected":false},"author":1,"featured_media":28897,"comment_status":"open","ping_status":"open","sticky":false,"template":"","format":"standard","meta":{"jetpack_post_was_ever_published":false,"_jetpack_newsletter_access":"","_jetpack_dont_email_post_to_subs":false,"_jetpack_newsletter_tier_id":0,"_jetpack_memberships_contains_paywalled_content":false,"csco_page_load_nextpost":"","csco_post_video_location":[],"csco_post_video_location_hash":"","csco_post_video_url":"","csco_post_video_bg_start_time":0,"csco_post_video_bg_end_time":0,"csco_post_text_color":"","_jetpack_memberships_contains_paid_content":false,"footnotes":"","jetpack_publicize_message":"","jetpack_publicize_feature_enabled":true,"jetpack_social_post_already_shared":false,"jetpack_social_options":{"image_generator_settings":{"template":"highway","default_image_id":0,"font":"","enabled":false},"version":2}},"categories":[5149],"tags":[7285],"class_list":{"0":"post-28894","1":"post","2":"type-post","3":"status-publish","4":"format-standard","5":"has-post-thumbnail","7":"category-culture","8":"tag-cinema","9":"cs-entry","10":"cs-video-wrap"},"aioseo_notices":[],"jetpack_publicize_connections":[],"jetpack_featured_media_url":"https:\/\/i0.wp.com\/shunrize.com\/blog\/wp-content\/uploads\/2013\/03\/films-13-mars-2013.jpg?fit=628%2C356&ssl=1","jetpack-related-posts":[{"id":28176,"url":"https:\/\/shunrize.com\/blog\/festicanailles-2e-edition-programme\/","url_meta":{"origin":28894,"position":0},"title":"Festi&rsquo;Canailles : 2e \u00e9dition du Festival Culturel pour enfants de 2 \u00e0 7 ans","author":"Val\u00e9rie Denise","date":"21\/01\/2013","format":false,"excerpt":"Projections, expositions, spectacles et concerts. Depuis l'an dernier, les enfants de 2 \u00e0 7 ans de Seine St Denis ont leur propre festival culturel. Ce rendez-vous exceptionnel qui vise \u00e0 les sensibiliser aux diff\u00e9rentes disciplines artistiques et \u00e0 leur permettre d'explorer le monde de la cr\u00e9ation aura lieu cette ann\u00e9e\u2026","rel":"","context":"Dans &quot;CULTURE&quot;","block_context":{"text":"CULTURE","link":"https:\/\/shunrize.com\/blog\/category\/culture\/"},"img":{"alt_text":"","src":"https:\/\/i0.wp.com\/shunrize.com\/blog\/wp-content\/uploads\/2013\/01\/Orsino-Loco.jpg?fit=628%2C356&ssl=1&resize=350%2C200","width":350,"height":200,"srcset":"https:\/\/i0.wp.com\/shunrize.com\/blog\/wp-content\/uploads\/2013\/01\/Orsino-Loco.jpg?fit=628%2C356&ssl=1&resize=350%2C200 1x, https:\/\/i0.wp.com\/shunrize.com\/blog\/wp-content\/uploads\/2013\/01\/Orsino-Loco.jpg?fit=628%2C356&ssl=1&resize=525%2C300 1.5x"},"classes":[]},{"id":61140,"url":"https:\/\/shunrize.com\/blog\/festival-le-temps-presse-2020-interview-marc-oberon\/","url_meta":{"origin":28894,"position":1},"title":"Marc Ob\u00e9ron, fondateur du Festival Le Temps Presse","author":"Val\u00e9rie Denise","date":"22\/01\/2020","format":false,"excerpt":"Depuis 2011, Le Festival Le Temps Presse met en lumi\u00e8re un cin\u00e9ma en ad\u00e9quation avec les objectifs de d\u00e9veloppement durable des Nations Unies. Apr\u00e8s avoir attir\u00e9 plus de 5 000 spectateurs l\u2019an dernier, il revient ce soir pour une 9e \u00e9dition qui se tiendra jusqu\u2019au 26 janvier dans 3 cin\u00e9mas\u2026","rel":"","context":"Dans &quot;CULTURE&quot;","block_context":{"text":"CULTURE","link":"https:\/\/shunrize.com\/blog\/category\/culture\/"},"img":{"alt_text":"","src":"https:\/\/i0.wp.com\/shunrize.com\/blog\/wp-content\/uploads\/2020\/01\/festival-le-temps-presse-2020.jpg?fit=1200%2C520&ssl=1&resize=350%2C200","width":350,"height":200,"srcset":"https:\/\/i0.wp.com\/shunrize.com\/blog\/wp-content\/uploads\/2020\/01\/festival-le-temps-presse-2020.jpg?fit=1200%2C520&ssl=1&resize=350%2C200 1x, https:\/\/i0.wp.com\/shunrize.com\/blog\/wp-content\/uploads\/2020\/01\/festival-le-temps-presse-2020.jpg?fit=1200%2C520&ssl=1&resize=525%2C300 1.5x, https:\/\/i0.wp.com\/shunrize.com\/blog\/wp-content\/uploads\/2020\/01\/festival-le-temps-presse-2020.jpg?fit=1200%2C520&ssl=1&resize=700%2C400 2x, https:\/\/i0.wp.com\/shunrize.com\/blog\/wp-content\/uploads\/2020\/01\/festival-le-temps-presse-2020.jpg?fit=1200%2C520&ssl=1&resize=1050%2C600 3x"},"classes":[]},{"id":38657,"url":"https:\/\/shunrize.com\/blog\/court-metrange-2014\/","url_meta":{"origin":28894,"position":2},"title":"Court-M\u00e9trange 2014 : L&rsquo;insolite et le fantastique s&rsquo;invite \u00e0 Rennes","author":"Val\u00e9rie Denise","date":"06\/08\/2014","format":false,"excerpt":"Court-M\u00e9trange est le festival international de court-m\u00e9trages insolites et fantastiques organis\u00e9 depuis 10 ans \u00e0 Rennes.","rel":"","context":"Dans &quot;DEVIANT ZONE&quot;","block_context":{"text":"DEVIANT ZONE","link":"https:\/\/shunrize.com\/blog\/category\/deviant-zone\/"},"img":{"alt_text":"","src":"https:\/\/i0.wp.com\/shunrize.com\/blog\/wp-content\/uploads\/2014\/08\/court-metrange-2014-preview.png?fit=628%2C356&ssl=1&resize=350%2C200","width":350,"height":200,"srcset":"https:\/\/i0.wp.com\/shunrize.com\/blog\/wp-content\/uploads\/2014\/08\/court-metrange-2014-preview.png?fit=628%2C356&ssl=1&resize=350%2C200 1x, https:\/\/i0.wp.com\/shunrize.com\/blog\/wp-content\/uploads\/2014\/08\/court-metrange-2014-preview.png?fit=628%2C356&ssl=1&resize=525%2C300 1.5x"},"classes":[]},{"id":13786,"url":"https:\/\/shunrize.com\/blog\/festival-silhouette-interview-programmateur\/","url_meta":{"origin":28894,"position":3},"title":"Vincent Foucault, programmateur du Festival Silhouette","author":"Val\u00e9rie Denise","date":"02\/09\/2010","format":false,"excerpt":"Depuis 2002, Le Festival Silhouette permet l'acc\u00e8s gratuit et en plein air \u00e0 une centaine de court-m\u00e9trages. Organis\u00e9e par des b\u00e9n\u00e9voles, cette 9e \u00e9dition donne une fois encore rendez-vous aux cin\u00e9philes parisiens avides de d\u00e9couvertes au Parc des Buttes-Chaumont mais aussi au 104 et au Goethe Institut. Jusqu'au 5 septembre\u2026","rel":"","context":"Dans &quot;INSPIRATION&quot;","block_context":{"text":"INSPIRATION","link":"https:\/\/shunrize.com\/blog\/category\/interview\/"},"img":{"alt_text":"","src":"https:\/\/i0.wp.com\/shunrize.com\/blog\/wp-content\/uploads\/2010\/09\/LOGOASSOCIATIONSILHOUETTE.jpg?fit=628%2C356&ssl=1&resize=350%2C200","width":350,"height":200,"srcset":"https:\/\/i0.wp.com\/shunrize.com\/blog\/wp-content\/uploads\/2010\/09\/LOGOASSOCIATIONSILHOUETTE.jpg?fit=628%2C356&ssl=1&resize=350%2C200 1x, https:\/\/i0.wp.com\/shunrize.com\/blog\/wp-content\/uploads\/2010\/09\/LOGOASSOCIATIONSILHOUETTE.jpg?fit=628%2C356&ssl=1&resize=525%2C300 1.5x"},"classes":[]},{"id":28367,"url":"https:\/\/shunrize.com\/blog\/sorties-cinema-06-fevrier-2013\/","url_meta":{"origin":28894,"position":4},"title":"Les sorties cin\u00e9ma : Mercredi 06 Fevrier 2013","author":"Val\u00e9rie Denise","date":"05\/02\/2013","format":false,"excerpt":"HITCHCOCK Biopic - De Sacha Gervasi Avec Anthony Hopkins, Helen Mirren, Scarlett Johansson... Avis : 1959. Piqu\u00e9 au vif par un journaliste qui lui conseille de se retirer en pleine gloire, Alfred Hitchcock entend prouver au monde entier qu'\u00e0 soixante ans pass\u00e9s, il peut encore surprendre et annonce qu\u2019il adaptera\u2026","rel":"","context":"Dans &quot;CULTURE&quot;","block_context":{"text":"CULTURE","link":"https:\/\/shunrize.com\/blog\/category\/culture\/"},"img":{"alt_text":"","src":"https:\/\/i0.wp.com\/shunrize.com\/blog\/wp-content\/uploads\/2013\/02\/sorties-cine-6fev2013.jpg?fit=628%2C356&ssl=1&resize=350%2C200","width":350,"height":200,"srcset":"https:\/\/i0.wp.com\/shunrize.com\/blog\/wp-content\/uploads\/2013\/02\/sorties-cine-6fev2013.jpg?fit=628%2C356&ssl=1&resize=350%2C200 1x, https:\/\/i0.wp.com\/shunrize.com\/blog\/wp-content\/uploads\/2013\/02\/sorties-cine-6fev2013.jpg?fit=628%2C356&ssl=1&resize=525%2C300 1.5x"},"classes":[]},{"id":23891,"url":"https:\/\/shunrize.com\/blog\/festicanailles-un-nouveau-festival-pour-enfants-en-seine-saint-denis\/","url_meta":{"origin":28894,"position":5},"title":"Festi\u2019Canailles : Un nouveau festival pour enfants en Seine-Saint-Denis","author":"Val\u00e9rie Denise","date":"07\/01\/2012","format":false,"excerpt":"Cin\u00e9ma, spectacles musicaux, ateliers et animations. Du 31 janvier au 4 f\u00e9vrier 2012, les enfants de la Seine Saint Denis pourront explorer le monde de la cr\u00e9ation et s'exercer aux diff\u00e9rentes disciplines artistiques. En effet, entre Aubervilliers, La Courneuve et Saint-Denis aura lieu la premi\u00e8re \u00e9dition du Festi\u2019Canailles. Cr\u00e9\u00e9 par\u2026","rel":"","context":"Dans &quot;CULTURE&quot;","block_context":{"text":"CULTURE","link":"https:\/\/shunrize.com\/blog\/category\/culture\/"},"img":{"alt_text":"","src":"https:\/\/i0.wp.com\/shunrize.com\/blog\/wp-content\/uploads\/2012\/01\/festicanailles-preview.jpg?fit=600%2C405&ssl=1&resize=350%2C200","width":350,"height":200,"srcset":"https:\/\/i0.wp.com\/shunrize.com\/blog\/wp-content\/uploads\/2012\/01\/festicanailles-preview.jpg?fit=600%2C405&ssl=1&resize=350%2C200 1x, https:\/\/i0.wp.com\/shunrize.com\/blog\/wp-content\/uploads\/2012\/01\/festicanailles-preview.jpg?fit=600%2C405&ssl=1&resize=525%2C300 1.5x"},"classes":[]}],"jetpack_sharing_enabled":true,"_links":{"self":[{"href":"https:\/\/shunrize.com\/blog\/wp-json\/wp\/v2\/posts\/28894","targetHints":{"allow":["GET"]}}],"collection":[{"href":"https:\/\/shunrize.com\/blog\/wp-json\/wp\/v2\/posts"}],"about":[{"href":"https:\/\/shunrize.com\/blog\/wp-json\/wp\/v2\/types\/post"}],"author":[{"embeddable":true,"href":"https:\/\/shunrize.com\/blog\/wp-json\/wp\/v2\/users\/1"}],"replies":[{"embeddable":true,"href":"https:\/\/shunrize.com\/blog\/wp-json\/wp\/v2\/comments?post=28894"}],"version-history":[{"count":0,"href":"https:\/\/shunrize.com\/blog\/wp-json\/wp\/v2\/posts\/28894\/revisions"}],"wp:featuredmedia":[{"embeddable":true,"href":"https:\/\/shunrize.com\/blog\/wp-json\/wp\/v2\/media\/28897"}],"wp:attachment":[{"href":"https:\/\/shunrize.com\/blog\/wp-json\/wp\/v2\/media?parent=28894"}],"wp:term":[{"taxonomy":"category","embeddable":true,"href":"https:\/\/shunrize.com\/blog\/wp-json\/wp\/v2\/categories?post=28894"},{"taxonomy":"post_tag","embeddable":true,"href":"https:\/\/shunrize.com\/blog\/wp-json\/wp\/v2\/tags?post=28894"}],"curies":[{"name":"wp","href":"https:\/\/api.w.org\/{rel}","templated":true}]}}