{"id":27431,"date":"2012-11-26T15:08:31","date_gmt":"2012-11-26T14:08:31","guid":{"rendered":"http:\/\/www.shunrize.com\/blog\/?p=27431"},"modified":"2022-11-21T11:13:04","modified_gmt":"2022-11-21T10:13:04","slug":"palmares-pifff-2012","status":"publish","type":"post","link":"https:\/\/shunrize.com\/blog\/palmares-pifff-2012\/","title":{"rendered":"PIFFF 2012 &#8211; Palmar\u00e8s de cette 2e \u00e9dition"},"content":{"rendered":"<p style=\"text-align: justify;\">Du 16 au 25 novembre dernier, 9000 spectateurs ont choisi de se rendre au cin\u00e9ma Gaumont Op\u00e9ra pour le Paris International Fantastic Film Festival (PIFFF).<\/p>\n<p style=\"text-align: justify;\">Une seconde \u00e9dition qui proposaient aux amateurs de films fantastique 27 longs-m\u00e9trages internationaux dont plusieurs premi\u00e8res mondiales, europ\u00e9ennes et fran\u00e7aises, 23 courts-m\u00e9trages fran\u00e7ais et internationaux ainsi qu&rsquo;une Nuit sp\u00e9ciale d\u00e9di\u00e9e \u00e0 <b>Clive Barker<\/b>.<\/p>\n<p style=\"text-align: justify;\">Une programmation r\u00e9solument compl\u00e9mentaire pour les aficionados qui avaient d\u00e9j\u00e0 \u00e9cum\u00e9s en septembre dernier les s\u00e9ances del&rsquo;Etrange Festival et du Festival Europ\u00e9en du Film Fantastique de Strasbourg.<\/p>\n<p style=\"text-align: center;\"><img data-recalc-dims=\"1\" decoding=\"async\" src=\"https:\/\/i0.wp.com\/www.shunrize.com\/2012\/piff2012-accred.jpg?w=700\" alt=\"\" \/><\/p>\n<p style=\"text-align: justify;\">Pour ma part, j&rsquo;ai pr\u00e9f\u00e9r\u00e9 faire l&rsquo;impasse sur des films d\u00e9j\u00e0 vus notamment ceux propos\u00e9s durant la Nuit Clive Baker.<\/p>\n<p style=\"text-align: justify;\">C\u00f4t\u00e9 d\u00e9couverte, mon emploi du temps m&rsquo;a permis de voir \u00ab\u00a0The ABC&rsquo;s of Death\u00a0\u00bb, \u00ab\u00a0Crave\u00a0\u00bb, \u00ab\u00a0The Seasoning Hous\u00a0\u00bb, \u00ab\u00a0Doomsday Book\u00a0\u00bb, \u00ab\u00a0Horror Stories\u00a0\u00bb, \u00ab\u00a0Silent Hill : Revelation\u00a0\u00bb en pr\u00e9sence de son r\u00e9alisateur <b>Michael J. Bassett<\/b> et la s\u00e9lection internationale de Courts-m\u00e9trages.<\/p>\n<p style=\"text-align: justify;\">Mes obligations professionnelles ne m&rsquo;ont pas permis de faire mes critiques dans la foul\u00e9e mais elles ne vont pas tarder. En attendant voici le palmar\u00e8s du <a href=\"http:\/\/www.pifff.fr\/2012\/\" target=\"_&quot;blank&quot;\" rel=\"noopener\">PIFFF 2012<\/a>.<\/p>\n<p style=\"text-align: center;\"><img data-recalc-dims=\"1\" decoding=\"async\" src=\"https:\/\/i0.wp.com\/www.shunrize.com\/2012\/pifff-silent-hill.jpg?w=700\" alt=\"\" \/><br \/>\n<i>Une des nurses pr\u00e9sentes lors de l&rsquo;AVP de \u00ab\u00a0Silent Hill : Revelation\u00a0\u00bb<\/i><\/p>\n<h2 id=\"competition-internationale-prix-du-jury\" style=\"text-align: justify;\"><span style=\"color: #4fb8a6;\">Comp\u00e9tition internationale, Prix du Jury<\/span><\/h2>\n<p style=\"text-align: justify;\">D\u00e9cern\u00e9s par le jury professionnel compos\u00e9 des r\u00e9alisateurs fran\u00e7ais Nicolas Boukhrief, Xavier Gens, Pascal Laugier, Julien Carbon et Laurent Courtiaud :<br \/>\n\u2022 Comp\u00e9tition Long-m\u00e9trage<br \/>\n<strong>\u00ab\u00a0The Body\u00a0\u00bb<\/strong> (\u00ab\u00a0El Cuerpo\u00a0\u00bb) &#8211; D&rsquo;Oriol Paulo &#8211; Espagne &#8211; 2012<br \/>\n\u2022 Mention sp\u00e9ciale Long-m\u00e9trage<br \/>\n<strong>\u00ab\u00a0The Cleaner\u00a0\u00bb<\/strong> (\u00ab\u00a0El Limpiador\u00a0\u00bb) &#8211; De Adrian Saba &#8211; Br\u00e9sil &#8211; 2012<br \/>\n\u2022 Comp\u00e9tition Court-m\u00e9trage<br \/>\n<strong>\u00ab\u00a0Exit\u00a0\u00bb<\/strong> &#8211; De Daniel Zimbler &#8211; Grande-Bretagne &#8211; 2011<\/p>\n<p><iframe loading=\"lazy\" src=\"http:\/\/www.dailymotion.com\/embed\/video\/xucunh?highlight=%23F90959\" width=\"628\" height=\"370\" frameborder=\"0\"><\/iframe><\/p>\n<h2 id=\"court-metrages-francais-prix-du-jury\" style=\"text-align: justify;\"><span style=\"color: #4fb8a6;\">Court-m\u00e9trages fran\u00e7ais, Prix du jury<\/span><\/h2>\n<p style=\"text-align: justify;\">D\u00e9cern\u00e9s par un jury professionnel compos\u00e9 d\u2019Ana\u00efs Bertrand (productrice), Eddy Bri\u00e8re (photographe), Rodolphe Chabrier (superviseur des effets sp\u00e9ciaux chez Mac Guff) et Abel Ferry (r\u00e9alisateur) :<br \/>\n\u2022 Grand Prix<br \/>\n<strong>\u00ab\u00a0Nostalgic Z\u00a0\u00bb<\/strong> de Carl Bouteiller<br \/>\n\u2022 Mention sp\u00e9ciale<br \/>\n<strong>\u00ab\u00a0Food Elle\u00a0\u00bb<\/strong> de Corentin Quiniou<\/p>\n<p><iframe loading=\"lazy\" src=\"http:\/\/www.youtube.com\/embed\/PTbT_uNkb_0?rel=0\" width=\"628\" height=\"380\" frameborder=\"0\" allowfullscreen=\"allowfullscreen\"><\/iframe><\/p>\n<h2 id=\"cine-frisson-prix-du-jury\" style=\"text-align: justify;\"><span style=\"color: #4fb8a6;\">CIN\u00c9+ FRISSON, Prix du jury<\/span><\/h2>\n<p style=\"text-align: justify;\">D\u00e9cern\u00e9s par Myriam Hacene (directrice de la cha\u00eene) et Christophe \u0300<br \/>\nCommeres (directeur adjoint) :<br \/>\n\u2022 Comp\u00e9tition Long-m\u00e9trage<br \/>\n<strong>\u00ab\u00a0The Body\u00a0\u00bb<\/strong> (\u00ab\u00a0El Cuerpo\u00a0\u00bb) &#8211; D&rsquo;Oriol Paulo &#8211; Espagne &#8211; 2012<br \/>\n\u2022 Comp\u00e9tition Court-m\u00e9trage<br \/>\n<strong>\u00ab\u00a0Nostalgic Z\u00a0\u00bb<\/strong> de Carl Bouteiller<\/p>\n<h2 id=\"prix-du-public\" style=\"text-align: justify;\"><span style=\"color: #4fb8a6;\">Prix du public<\/span><\/h2>\n<p style=\"text-align: justify;\">\u2022 Comp\u00e9tition Long-m\u00e9trage<br \/>\n<strong>\u00ab\u00a0Citadel\u00a0\u00bb<\/strong> de Ciaran Foy &#8211; Irlande &#8211; 2012<br \/>\n\u2022 Comp\u00e9tition Court-m\u00e9trage fran\u00e7ais<br \/>\n<strong>\u00ab\u00a0Nostalgic Z\u00a0\u00bb<\/strong> de Carl Bouteiller<br \/>\n\u2022 Comp\u00e9tition International<br \/>\n<strong>\u00ab\u00a0Record\/Play\u00a0\u00bb<\/strong> de Jesse Atlas &#8211; USA \u2013 2012<\/p>\n<p><iframe loading=\"lazy\" src=\"http:\/\/www.dailymotion.com\/embed\/video\/xtlxi8?highlight=%23F90959\" width=\"628\" height=\"370\" frameborder=\"0\"><\/iframe><\/p>\n","protected":false},"excerpt":{"rendered":"<p>Du 16 au 25 novembre dernier, 9000 spectateurs ont choisi de se rendre au cin\u00e9ma Gaumont Op\u00e9ra pour le Paris International Fantastic Film Festival (PIFFF). Une seconde \u00e9dition qui proposaient aux amateurs de films fantastique 27 longs-m\u00e9trages internationaux dont plusieurs premi\u00e8res mondiales, europ\u00e9ennes et fran\u00e7aises, 23 courts-m\u00e9trages fran\u00e7ais et internationaux ainsi qu&rsquo;une Nuit sp\u00e9ciale d\u00e9di\u00e9e [&hellip;]<\/p>\n","protected":false},"author":1,"featured_media":34156,"comment_status":"open","ping_status":"open","sticky":false,"template":"","format":"standard","meta":{"jetpack_post_was_ever_published":false,"_jetpack_newsletter_access":"","_jetpack_dont_email_post_to_subs":false,"_jetpack_newsletter_tier_id":0,"_jetpack_memberships_contains_paywalled_content":false,"csco_page_load_nextpost":"","csco_post_video_location":[],"csco_post_video_location_hash":"","csco_post_video_url":"","csco_post_video_bg_start_time":0,"csco_post_video_bg_end_time":0,"csco_post_text_color":"","_jetpack_memberships_contains_paid_content":false,"footnotes":"","jetpack_publicize_message":"","jetpack_publicize_feature_enabled":true,"jetpack_social_post_already_shared":false,"jetpack_social_options":{"image_generator_settings":{"template":"highway","default_image_id":0,"font":"","enabled":false},"version":2}},"categories":[7407],"tags":[7285],"class_list":{"0":"post-27431","1":"post","2":"type-post","3":"status-publish","4":"format-standard","5":"has-post-thumbnail","7":"category-deviant-zone","8":"tag-cinema","9":"cs-entry","10":"cs-video-wrap"},"aioseo_notices":[],"jetpack_publicize_connections":[],"jetpack_featured_media_url":"https:\/\/i0.wp.com\/shunrize.com\/blog\/wp-content\/uploads\/2012\/11\/pifff_2012.jpg?fit=628%2C356&ssl=1","jetpack-related-posts":[{"id":40927,"url":"https:\/\/shunrize.com\/blog\/palmares-pifff-2014\/","url_meta":{"origin":27431,"position":0},"title":"PIFFF 2014 &#8211; Le Palmar\u00e8s de cette 4e \u00e9dition","author":"Val\u00e9rie Denise","date":"26\/11\/2014","format":false,"excerpt":"Retrouvez le palmar\u00e8s complet de la 3e \u00e9dition du Paris International Fantastic Film Festival","rel":"","context":"Dans &quot;DEVIANT ZONE&quot;","block_context":{"text":"DEVIANT ZONE","link":"https:\/\/shunrize.com\/blog\/category\/deviant-zone\/"},"img":{"alt_text":"","src":"https:\/\/i0.wp.com\/shunrize.com\/blog\/wp-content\/uploads\/2014\/10\/PIFFF-2014.png?fit=750%2C400&ssl=1&resize=350%2C200","width":350,"height":200,"srcset":"https:\/\/i0.wp.com\/shunrize.com\/blog\/wp-content\/uploads\/2014\/10\/PIFFF-2014.png?fit=750%2C400&ssl=1&resize=350%2C200 1x, https:\/\/i0.wp.com\/shunrize.com\/blog\/wp-content\/uploads\/2014\/10\/PIFFF-2014.png?fit=750%2C400&ssl=1&resize=525%2C300 1.5x, https:\/\/i0.wp.com\/shunrize.com\/blog\/wp-content\/uploads\/2014\/10\/PIFFF-2014.png?fit=750%2C400&ssl=1&resize=700%2C400 2x"},"classes":[]},{"id":27317,"url":"https:\/\/shunrize.com\/blog\/pifff-2012-programmation\/","url_meta":{"origin":27431,"position":1},"title":"PIFFF 2012 &#8211; Programmation","author":"Val\u00e9rie Denise","date":"10\/11\/2012","format":false,"excerpt":"La seconde \u00e9dition Paris International Fantastic Film Festival se tiendra du 16 au 25 novembre prochains au Cin\u00e9ma Gaumont Op\u00e9ra de Paris. Au programme une vingtaine de films de genre diffus\u00e9s la semaine \u00e0 partir de 19h30 afin que vous puissiez tous en profiter. En revanche, une seule diffusion est\u2026","rel":"","context":"Dans &quot;DEVIANT ZONE&quot;","block_context":{"text":"DEVIANT ZONE","link":"https:\/\/shunrize.com\/blog\/category\/deviant-zone\/"},"img":{"alt_text":"","src":"https:\/\/i0.wp.com\/shunrize.com\/blog\/wp-content\/uploads\/2012\/11\/pifff_2012.jpg?fit=628%2C356&ssl=1&resize=350%2C200","width":350,"height":200,"srcset":"https:\/\/i0.wp.com\/shunrize.com\/blog\/wp-content\/uploads\/2012\/11\/pifff_2012.jpg?fit=628%2C356&ssl=1&resize=350%2C200 1x, https:\/\/i0.wp.com\/shunrize.com\/blog\/wp-content\/uploads\/2012\/11\/pifff_2012.jpg?fit=628%2C356&ssl=1&resize=525%2C300 1.5x"},"classes":[]},{"id":31619,"url":"https:\/\/shunrize.com\/blog\/pifff-2013-les-premiers-films-de-la-selection\/","url_meta":{"origin":27431,"position":2},"title":"PIFFF 2013 &#8211; Les premiers films de cette 3e \u00e9dition","author":"Val\u00e9rie Denise","date":"16\/10\/2013","format":false,"excerpt":"La 3e \u00e9dition du Paris International Fantastic Film Festival, plus commun\u00e9ment appel\u00e9 le PIFFF, aura lieu du 19 au 24 novembre prochains au Gaumont Op\u00e9ra Capucines. La programmation compl\u00e8te n\u2019est pas encore disponible mais nous savons d\u2019ors et d\u00e9j\u00e0 qu\u2019une nuit sp\u00e9ciale sera consacr\u00e9e au Ma\u00eetre de l\u2019horreur, Stephen King.\u2026","rel":"","context":"Dans &quot;CULTURE&quot;","block_context":{"text":"CULTURE","link":"https:\/\/shunrize.com\/blog\/category\/culture\/"},"img":{"alt_text":"","src":"https:\/\/i0.wp.com\/shunrize.com\/blog\/wp-content\/uploads\/2013\/10\/kiyoshi-kurasawa-real.jpg?fit=628%2C356&ssl=1&resize=350%2C200","width":350,"height":200,"srcset":"https:\/\/i0.wp.com\/shunrize.com\/blog\/wp-content\/uploads\/2013\/10\/kiyoshi-kurasawa-real.jpg?fit=628%2C356&ssl=1&resize=350%2C200 1x, https:\/\/i0.wp.com\/shunrize.com\/blog\/wp-content\/uploads\/2013\/10\/kiyoshi-kurasawa-real.jpg?fit=628%2C356&ssl=1&resize=525%2C300 1.5x"},"classes":[]},{"id":32077,"url":"https:\/\/shunrize.com\/blog\/palmares-pifff-2013\/","url_meta":{"origin":27431,"position":3},"title":"PIFFF 2013 &#8211; Palmar\u00e8s de cette 3e edition","author":"Val\u00e9rie Denise","date":"26\/11\/2013","format":false,"excerpt":"Du 19 au 24 novembre, 7550 spectateurs ont squatt\u00e9s le cin\u00e9ma Gaumont Op\u00e9ra pour assister aux 23 s\u00e9ances de la troisi\u00e8me \u00e9dition du Paris International Fantastic Film Festival (PIFFF). Longs-m\u00e9trages internationaux, s\u00e9ances cultes, court-m\u00e9trages, nuit \u00e0 th\u00e8me, d\u00e9dicace et avant-premi\u00e8re. Un programme vari\u00e9 concoct\u00e9 par Fausto Fasulo, r\u00e9dacteur en chef\u2026","rel":"","context":"Dans &quot;CULTURE&quot;","block_context":{"text":"CULTURE","link":"https:\/\/shunrize.com\/blog\/category\/culture\/"},"img":{"alt_text":"","src":"https:\/\/i0.wp.com\/shunrize.com\/blog\/wp-content\/uploads\/2013\/11\/bilan-pifff-2013.jpg?fit=628%2C356&ssl=1&resize=350%2C200","width":350,"height":200,"srcset":"https:\/\/i0.wp.com\/shunrize.com\/blog\/wp-content\/uploads\/2013\/11\/bilan-pifff-2013.jpg?fit=628%2C356&ssl=1&resize=350%2C200 1x, https:\/\/i0.wp.com\/shunrize.com\/blog\/wp-content\/uploads\/2013\/11\/bilan-pifff-2013.jpg?fit=628%2C356&ssl=1&resize=525%2C300 1.5x"},"classes":[]},{"id":40752,"url":"https:\/\/shunrize.com\/blog\/the-mole-song-takashi-miike\/","url_meta":{"origin":27431,"position":4},"title":"PIFFF 2014 &#8211; The Mole Song: Undercover Agent Reiji","author":"Val\u00e9rie Denise","date":"19\/11\/2014","format":false,"excerpt":"Mon avis sur le film d'ouverture du PIFFF 2014, The Mole Song: Undercover Agent Reiji de Takashi Miike","rel":"","context":"Dans &quot;DEVIANT ZONE&quot;","block_context":{"text":"DEVIANT ZONE","link":"https:\/\/shunrize.com\/blog\/category\/deviant-zone\/"},"img":{"alt_text":"","src":"https:\/\/i0.wp.com\/shunrize.com\/blog\/wp-content\/uploads\/2014\/11\/The-Mole-Song-Takashi-Miike.png?fit=750%2C400&ssl=1&resize=350%2C200","width":350,"height":200,"srcset":"https:\/\/i0.wp.com\/shunrize.com\/blog\/wp-content\/uploads\/2014\/11\/The-Mole-Song-Takashi-Miike.png?fit=750%2C400&ssl=1&resize=350%2C200 1x, https:\/\/i0.wp.com\/shunrize.com\/blog\/wp-content\/uploads\/2014\/11\/The-Mole-Song-Takashi-Miike.png?fit=750%2C400&ssl=1&resize=525%2C300 1.5x, https:\/\/i0.wp.com\/shunrize.com\/blog\/wp-content\/uploads\/2014\/11\/The-Mole-Song-Takashi-Miike.png?fit=750%2C400&ssl=1&resize=700%2C400 2x"},"classes":[]},{"id":40186,"url":"https:\/\/shunrize.com\/blog\/pifff-2014-premiers-titres\/","url_meta":{"origin":27431,"position":5},"title":"PIFFF 2014 &#8211; Les premiers titres","author":"Val\u00e9rie Denise","date":"29\/10\/2014","format":false,"excerpt":"\u00c0 quelques semaines du d\u00e9but des hostilit\u00e9s, le 18 novembre prochain, le PIFFF balance ses premi\u00e8res bombes.","rel":"","context":"Dans &quot;DEVIANT ZONE&quot;","block_context":{"text":"DEVIANT ZONE","link":"https:\/\/shunrize.com\/blog\/category\/deviant-zone\/"},"img":{"alt_text":"","src":"https:\/\/i0.wp.com\/shunrize.com\/blog\/wp-content\/uploads\/2014\/10\/PIFFF-2014.png?fit=750%2C400&ssl=1&resize=350%2C200","width":350,"height":200,"srcset":"https:\/\/i0.wp.com\/shunrize.com\/blog\/wp-content\/uploads\/2014\/10\/PIFFF-2014.png?fit=750%2C400&ssl=1&resize=350%2C200 1x, https:\/\/i0.wp.com\/shunrize.com\/blog\/wp-content\/uploads\/2014\/10\/PIFFF-2014.png?fit=750%2C400&ssl=1&resize=525%2C300 1.5x, https:\/\/i0.wp.com\/shunrize.com\/blog\/wp-content\/uploads\/2014\/10\/PIFFF-2014.png?fit=750%2C400&ssl=1&resize=700%2C400 2x"},"classes":[]}],"jetpack_sharing_enabled":true,"_links":{"self":[{"href":"https:\/\/shunrize.com\/blog\/wp-json\/wp\/v2\/posts\/27431","targetHints":{"allow":["GET"]}}],"collection":[{"href":"https:\/\/shunrize.com\/blog\/wp-json\/wp\/v2\/posts"}],"about":[{"href":"https:\/\/shunrize.com\/blog\/wp-json\/wp\/v2\/types\/post"}],"author":[{"embeddable":true,"href":"https:\/\/shunrize.com\/blog\/wp-json\/wp\/v2\/users\/1"}],"replies":[{"embeddable":true,"href":"https:\/\/shunrize.com\/blog\/wp-json\/wp\/v2\/comments?post=27431"}],"version-history":[{"count":0,"href":"https:\/\/shunrize.com\/blog\/wp-json\/wp\/v2\/posts\/27431\/revisions"}],"wp:featuredmedia":[{"embeddable":true,"href":"https:\/\/shunrize.com\/blog\/wp-json\/wp\/v2\/media\/34156"}],"wp:attachment":[{"href":"https:\/\/shunrize.com\/blog\/wp-json\/wp\/v2\/media?parent=27431"}],"wp:term":[{"taxonomy":"category","embeddable":true,"href":"https:\/\/shunrize.com\/blog\/wp-json\/wp\/v2\/categories?post=27431"},{"taxonomy":"post_tag","embeddable":true,"href":"https:\/\/shunrize.com\/blog\/wp-json\/wp\/v2\/tags?post=27431"}],"curies":[{"name":"wp","href":"https:\/\/api.w.org\/{rel}","templated":true}]}}