{"id":27317,"date":"2012-11-10T19:00:32","date_gmt":"2012-11-10T18:00:32","guid":{"rendered":"http:\/\/www.shunrize.com\/blog\/?p=27317"},"modified":"2022-11-21T11:13:11","modified_gmt":"2022-11-21T10:13:11","slug":"pifff-2012-programmation","status":"publish","type":"post","link":"https:\/\/shunrize.com\/blog\/pifff-2012-programmation\/","title":{"rendered":"PIFFF 2012 &#8211; Programmation"},"content":{"rendered":"<p style=\"text-align: justify;\">La seconde \u00e9dition Paris International Fantastic Film Festival se tiendra du 16 au 25 novembre prochains au Cin\u00e9ma Gaumont Op\u00e9ra de Paris. Au programme une vingtaine de films de genre diffus\u00e9s la semaine \u00e0 partir de 19h30 afin que vous puissiez tous en profiter.<\/p>\n<p style=\"text-align: justify;\">En revanche, une seule diffusion est propos\u00e9e donc ne ratez pas le coche ! Pour ma part, je suis dr\u00f4lement tent\u00e9e par \u00ab\u00a0The ABCs of Death\u00a0\u00bb qui r\u00e9unit 26 r\u00e9alisateurs du monde entier charg\u00e9s d&rsquo;illustrer sur un mode macabre une lettre de l\u2019alphabet.<\/p>\n<p style=\"text-align: justify;\">De <b>Nacho Vigalondo<\/b> (<a href=\"http:\/\/shunrize.com\/blog\/critique-extraterrestre-pifff-2011\/\" target=\"_&quot;blank&quot;\" rel=\"noopener noreferrer\">Extraterrestres<\/a>) \u00e0 <b>Ben Wheatley<\/b> (\u00ab\u00a0Kill List\u00a0\u00bb) en passant par <b>Yoshihiro Nishimura<\/b> (\u00ab\u00a0Tokyo Gore Police\u00a0\u00bb) ce qui laisse pr\u00e9sager quelques p\u00e9pites. Mais aussi \u00ab\u00a0Silent Hill Revelation\u00a0\u00bb propos\u00e9 en avant-premi\u00e8re, le dernier <b>Tsui Hark<\/b>, \u00ab\u00a0Dragon Gate, La l\u00e9gende des sabres volants\u00a0\u00bb. D\u00e9couvrez ce que nous r\u00e9serve le PIFFF cette ann\u00e9e.<\/p>\n<p style=\"text-align: center;\"><img data-recalc-dims=\"1\" decoding=\"async\" src=\"https:\/\/i0.wp.com\/www.shunrize.com\/2012\/Affiche-PIFFF2012.jpg?w=700\" alt=\"\" \/><\/p>\n<h2 id=\"les-membres-du-jury\"><span style=\"color: #0f9095;\">Les membres du jury<b><br \/>\n<\/b><\/span><\/h2>\n<p>\u2022 <b>Comp\u00e9tition Internationale<\/b><br \/>\nNicolas Boukhrief, R\u00e9alisateur<br \/>\nJulien Carbon, R\u00e9alisateur<br \/>\nPascal Laugier, R\u00e9alisateur<br \/>\nLaurent Courtiaud, R\u00e9alisateur<br \/>\nXavier Gens, R\u00e9alisateur<\/p>\n<p>\u2022 <b>Comp\u00e9tition Courts-M\u00e9trages<\/b><br \/>\nAna\u00efs Bertrand, Productrice<br \/>\n<a href=\"http:\/\/shunrize.com\/blog\/eddy-briere\/\" target=\"_&quot;blank&quot;\" rel=\"noopener noreferrer\">Eddy Bri\u00e8re<\/a>, Photographe<br \/>\nRodolphe Chabrier, Superviseur VFX<br \/>\nBeno\u00eet Debie, Directeur Photo<br \/>\nAbel Ferry, R\u00e9alisateur<\/p>\n<h2 id=\"films-ouverture-et-cloture\"><span style=\"color: #0f9095;\">Films ouverture et cl\u00f4ture<b><br \/>\n<\/b><\/span><\/h2>\n<p><iframe loading=\"lazy\" src=\"http:\/\/www.dailymotion.com\/embed\/video\/xtv60k\" width=\"610\" height=\"310\" frameborder=\"0\"><\/iframe><\/p>\n<p style=\"text-align: justify;\">\u2022 <b>John Dies at The End<\/b> de Don Coscarelli<br \/>\nDiffusion le vendredi 16 novembre \u00e0 19h30<br \/>\n\u2022 <b>Silent Hill Revelation<\/b> de Michael J. Bassett<br \/>\nDiffusion le dimanche 25 novembre 20h<\/p>\n<h2 id=\"competition-internationale\"><span style=\"color: #0f9095;\">Comp\u00e9tition internationale<b><br \/>\n<\/b><\/span><\/h2>\n<p><img data-recalc-dims=\"1\" decoding=\"async\" class=\"aligncenter\" src=\"https:\/\/i0.wp.com\/www.shunrize.com\/2012\/pifff-CI.jpg?w=700\" alt=\"\" \/><\/p>\n<p style=\"text-align: justify;\">\u2022 <b>Here Come the Devil<\/b> d&rsquo;Adri\u00e1n Garc\u00eda Bogliano<br \/>\n\u2022 <b>Stitches<\/b> de Conor McMahon<br \/>\n\u2022 <b>The Cleaner<\/b> d&rsquo;Adrian Saba<br \/>\n\u2022 <b>Citadel<\/b> de Ciaran Foy<br \/>\n\u2022 <b>In Their Skin<\/b> de Jeremy Power Regimbal<br \/>\n\u2022 <b>Crave<\/b> de Charles de Lauzirika<br \/>\n\u2022 <b>The Butterfly Room<\/b> de Jonathan Zarantonello<br \/>\n\u2022 <b>Doomsday Book<\/b> de Kim Jee-Woon\/Yim Pil-Sung<br \/>\n\u2022 <b>Modus Anomali<\/b> de Joko Anwar<br \/>\n\u2022 <b>The Body<\/b> d&rsquo;Oriol Paulo<\/p>\n<h2 id=\"hors-competition\"><span style=\"color: #0f9095;\">Hors comp\u00e9tition<b><br \/>\n<\/b><\/span><\/h2>\n<p><img data-recalc-dims=\"1\" decoding=\"async\" class=\"aligncenter\" src=\"https:\/\/i0.wp.com\/www.shunrize.com\/2012\/pifff-HC.jpg?w=700\" alt=\"\" \/><\/p>\n<p style=\"text-align: justify;\">\u2022 <b>Trailer War<\/b> de Many<br \/>\n\u2022 <b>ABC&rsquo;s of Death<\/b> de Xavier Gens, Bruno Forzani, H\u00e9l\u00e8ne Cattet&#8230;<br \/>\n\u2022 <b>Dragon Gate, La l\u00e9gende des sabres volants <\/b> de Tsui Hark<br \/>\n\u2022 <b>Side By Side<\/b> de Chris Kenneally<br \/>\n\u2022 <b>The Seasonning House<\/b> de Paul Hyett<br \/>\n\u2022 <b>Universal Soldier: Day of Reckoning<\/b> de John Hyams<br \/>\n\u2022 <b>In The Shadow of the Tall Man <\/b> de Louis Thevenon<br \/>\n\u2022 <b>Horror Stories<\/b> de Hong Ji-young, Im Dae-woong&#8230;<\/p>\n<h2 id=\"programme-special\"><span style=\"color: #0f9095;\">Programme sp\u00e9cial<b><br \/>\n<\/b><\/span><\/h2>\n<p><img data-recalc-dims=\"1\" decoding=\"async\" class=\"aligncenter\" src=\"https:\/\/i0.wp.com\/www.shunrize.com\/2012\/pifff-extras.jpg?w=700\" alt=\"\" \/><\/p>\n<p style=\"text-align: justify;\">\u2022 <b>V\/H\/S<\/b> de David Bruckner, Ti West, Adam Wingard&#8230;<br \/>\n\u2022 <b>Quatre mouches de velours gris<\/b> de Dario Argento<br \/>\n\u2022 <b>Bad Taste<\/b> de Peter Jackson<br \/>\n\u2022 <b>Nuit Clive Barker<\/b> \u00ab\u00a0Nightbreed: The Cabal Cut\u00a0\u00bb , \u00ab\u00a0Hellraiser le pacte\u00a0\u00bb, \u00ab\u00a0Hellraiser : Les \u00e9corch\u00e9s\u00a0\u00bb, \u00ab\u00a0Candyman\u00a0\u00bb<\/p>\n<p style=\"text-align: center;\"><b>&#8212; LE PROGRAMME D\u00c9TAILL\u00c9 &#8212;<\/b><\/p>\n<p><b>VENDREDI 16 NOVEMBRE<\/b><br \/>\n19H30 &#8211; John Dies at The End<\/p>\n<p><b>SAMEDI 17 NOVEMBRE<\/b><br \/>\n11H00 &#8211; D\u00e9dicace de \u00ab\u00a0Mad Movies, Mad&#8230; ma vie\u00a0\u00bb par <a href=\"http:\/\/shunrize.com\/blog\/interview-jean-pierre-putters-et-fabrice-lambot\/\" target=\"_&quot;blank&quot;\" rel=\"noopener noreferrer\">Jean-Pierre Putters<\/a><br \/>\n14H30 &#8211; Here Come the Devil<br \/>\n16H45 &#8211; ABC&rsquo;s of Death<br \/>\n19H30 &#8211; Stitches<br \/>\n22H00 &#8211; Trailer War<br \/>\n00H15 &#8211; V\/H\/S<\/p>\n<p><b>DIMANCHE 18 NOVEMBRE<\/b><br \/>\n14H30 &#8211; The Cleaner<br \/>\n17H00 &#8211; Quatre mouches de velours gris<br \/>\n19H30 &#8211; Citadel<br \/>\n22H00 &#8211; Dragon Gate, La l\u00e9gende des sabres volants en 3D<\/p>\n<p><b>LUNDI 19 NOVEMBRE<\/b><br \/>\n19H30 &#8211; In Their Skin<br \/>\n22H00 &#8211; Side By Side<\/p>\n<p><b>MARDI 20 NOVEMBRE<\/b><br \/>\n19H30 &#8211; Crave<br \/>\n22H00 &#8211; The Seasonning House<\/p>\n<p><b>MECREDI 21 NOVEMBRE<\/b><br \/>\n19H30 &#8211; The Butterfly Room<br \/>\n22H00 &#8211; Universal Soldier: Day of Reckoning<\/p>\n<p><span style=\"color: #009bc0;\"><b>JEUDI 22 NOVEMBRE<\/b><\/span><br \/>\n19H30 &#8211; Doomsday Book<br \/>\n22H00 &#8211; In The Shadow of the Tall Man<\/p>\n<p><b>SAMEDI 24 NOVEMBRE<\/b><br \/>\n11H00 D\u00e9dicace de \u00ab\u00a0Mamoru Oshii : r\u00eaves, nostalgie &amp; r\u00e9volution\u00a0\u00bb par Julien S\u00e9v\u00e9on<br \/>\n14H30 &#8211; The Body<br \/>\n17H00 &#8211; Comp\u00e9tition de courts-m\u00e9trages Fran\u00e7ais<br \/>\n20H00 &#8211; Nuit Clive Barker : Nightbreed: The Cabal Cut , Hellraiser le pacte, Hellraiser : Les \u00e9corch\u00e9s, Candyman<\/p>\n<p><b>DIMANCHE 25 NOVEMBRE<\/b><br \/>\n14H30 &#8211; Comp\u00e9tition de courts-m\u00e9trages Internationaux<br \/>\n17H00 &#8211; Horror Stories<br \/>\n20H00 &#8211; Silent Hill Revelation en 3D<\/p>\n<p style=\"text-align: right;\"><b>Dates :<\/b> Du vendredi 16 novembre au dimanche 25 novembre<br \/>\n<b>Lieu :<\/b> Gaumont Op\u00e9ra (c\u00f4t\u00e9 Capucines)<br \/>\n<b>Acc\u00e8s :<\/b> 2, Boulevard des Capucines 75009 Paris<br \/>\n<b>M\u00e9tro :<\/b> Lignes 3, 7, 8 et 9<br \/>\n<b>Les Tarifs :<\/b> Plein Tarif 7,90\u20ac \/ S\u00e9ance de minuit le samedi 12, 20\u20ac\/ Nuit Clive Barker 20\u20ac \/ Pass 25 s\u00e9ances + la Nuit Clive Barker (4 films). + le prochain hors-s\u00e9rie Mad Movies en cadeau (Apocalypse Zombies) + le t-shirt SILENT HILL REVELATION 3D en cadeau 140\u20ac \/ Carte illimit\u00e9 Le Pass accept\u00e9 \/ Accompagnant LE PASS GAUMONT 6\u20ac<br \/>\n<b>T\u00e9l. :<\/b> 01 47 42 98 85<br \/>\n<b>Site Internet :<\/b> <a href=\"http:\/\/www.pifff.fr\" target=\"_&quot;blank&quot;\" rel=\"noopener noreferrer\">PIFFF<\/a><\/p>\n","protected":false},"excerpt":{"rendered":"<p>La seconde \u00e9dition Paris International Fantastic Film Festival se tiendra du 16 au 25 novembre prochains au Cin\u00e9ma Gaumont Op\u00e9ra de Paris. Au programme une vingtaine de films de genre diffus\u00e9s la semaine \u00e0 partir de 19h30 afin que vous puissiez tous en profiter. En revanche, une seule diffusion est propos\u00e9e donc ne ratez pas [&hellip;]<\/p>\n","protected":false},"author":1,"featured_media":34156,"comment_status":"open","ping_status":"open","sticky":false,"template":"","format":"standard","meta":{"jetpack_post_was_ever_published":false,"_jetpack_newsletter_access":"","_jetpack_dont_email_post_to_subs":false,"_jetpack_newsletter_tier_id":0,"_jetpack_memberships_contains_paywalled_content":false,"csco_page_load_nextpost":"","csco_post_video_location":[],"csco_post_video_location_hash":"","csco_post_video_url":"","csco_post_video_bg_start_time":0,"csco_post_video_bg_end_time":0,"csco_post_text_color":"","_jetpack_memberships_contains_paid_content":false,"footnotes":"","jetpack_publicize_message":"","jetpack_publicize_feature_enabled":true,"jetpack_social_post_already_shared":false,"jetpack_social_options":{"image_generator_settings":{"template":"highway","default_image_id":0,"font":"","enabled":false},"version":2}},"categories":[7407],"tags":[7285],"class_list":{"0":"post-27317","1":"post","2":"type-post","3":"status-publish","4":"format-standard","5":"has-post-thumbnail","7":"category-deviant-zone","8":"tag-cinema","9":"cs-entry","10":"cs-video-wrap"},"aioseo_notices":[],"jetpack_publicize_connections":[],"jetpack_featured_media_url":"https:\/\/i0.wp.com\/shunrize.com\/blog\/wp-content\/uploads\/2012\/11\/pifff_2012.jpg?fit=628%2C356&ssl=1","jetpack-related-posts":[{"id":46964,"url":"https:\/\/shunrize.com\/blog\/deviant-zone-decembre-2015\/","url_meta":{"origin":27317,"position":0},"title":"Deviant Zone : d\u00e9cembre 2015","author":"Val\u00e9rie Denise","date":"03\/12\/2015","format":false,"excerpt":"[dropcap size=small]P[\/dropcap]our cette derni\u00e8re soir\u00e9e de 2015, l\u2019\u00e9quipe de la Deviant Zone vous propose de partir \u00e0 la recherche du tr\u00e9sor du pirate Willy Le Borgne et d'affronter Bavmorda, la reine mal\u00e9fique aux c\u00f4t\u00e9s de Willow et Madmartigan. Le 5 d\u00e9cembre prochain, deux films cultes des ann\u00e9es 80 seront ainsi\u2026","rel":"","context":"Dans &quot;DEVIANT ZONE&quot;","block_context":{"text":"DEVIANT ZONE","link":"https:\/\/shunrize.com\/blog\/category\/deviant-zone\/"},"img":{"alt_text":"","src":"https:\/\/i0.wp.com\/shunrize.com\/blog\/wp-content\/uploads\/2015\/12\/Les-Goonies.jpg?fit=1200%2C520&ssl=1&resize=350%2C200","width":350,"height":200,"srcset":"https:\/\/i0.wp.com\/shunrize.com\/blog\/wp-content\/uploads\/2015\/12\/Les-Goonies.jpg?fit=1200%2C520&ssl=1&resize=350%2C200 1x, https:\/\/i0.wp.com\/shunrize.com\/blog\/wp-content\/uploads\/2015\/12\/Les-Goonies.jpg?fit=1200%2C520&ssl=1&resize=525%2C300 1.5x, https:\/\/i0.wp.com\/shunrize.com\/blog\/wp-content\/uploads\/2015\/12\/Les-Goonies.jpg?fit=1200%2C520&ssl=1&resize=700%2C400 2x, https:\/\/i0.wp.com\/shunrize.com\/blog\/wp-content\/uploads\/2015\/12\/Les-Goonies.jpg?fit=1200%2C520&ssl=1&resize=1050%2C600 3x"},"classes":[]},{"id":61140,"url":"https:\/\/shunrize.com\/blog\/festival-le-temps-presse-2020-interview-marc-oberon\/","url_meta":{"origin":27317,"position":1},"title":"Marc Ob\u00e9ron, fondateur du Festival Le Temps Presse","author":"Val\u00e9rie Denise","date":"22\/01\/2020","format":false,"excerpt":"Depuis 2011, Le Festival Le Temps Presse met en lumi\u00e8re un cin\u00e9ma en ad\u00e9quation avec les objectifs de d\u00e9veloppement durable des Nations Unies. Apr\u00e8s avoir attir\u00e9 plus de 5 000 spectateurs l\u2019an dernier, il revient ce soir pour une 9e \u00e9dition qui se tiendra jusqu\u2019au 26 janvier dans 3 cin\u00e9mas\u2026","rel":"","context":"Dans &quot;CULTURE&quot;","block_context":{"text":"CULTURE","link":"https:\/\/shunrize.com\/blog\/category\/culture\/"},"img":{"alt_text":"","src":"https:\/\/i0.wp.com\/shunrize.com\/blog\/wp-content\/uploads\/2020\/01\/festival-le-temps-presse-2020.jpg?fit=1200%2C520&ssl=1&resize=350%2C200","width":350,"height":200,"srcset":"https:\/\/i0.wp.com\/shunrize.com\/blog\/wp-content\/uploads\/2020\/01\/festival-le-temps-presse-2020.jpg?fit=1200%2C520&ssl=1&resize=350%2C200 1x, https:\/\/i0.wp.com\/shunrize.com\/blog\/wp-content\/uploads\/2020\/01\/festival-le-temps-presse-2020.jpg?fit=1200%2C520&ssl=1&resize=525%2C300 1.5x, https:\/\/i0.wp.com\/shunrize.com\/blog\/wp-content\/uploads\/2020\/01\/festival-le-temps-presse-2020.jpg?fit=1200%2C520&ssl=1&resize=700%2C400 2x, https:\/\/i0.wp.com\/shunrize.com\/blog\/wp-content\/uploads\/2020\/01\/festival-le-temps-presse-2020.jpg?fit=1200%2C520&ssl=1&resize=1050%2C600 3x"},"classes":[]},{"id":25605,"url":"https:\/\/shunrize.com\/blog\/palmares-et-bilan-paris-cinema-2012\/","url_meta":{"origin":27317,"position":2},"title":"Paris Cinema 2012 : Palmar\u00e8s &#038; Bilan","author":"Val\u00e9rie Denise","date":"10\/07\/2012","format":false,"excerpt":"La 10e \u00e9dition du Festival Paris Cin\u00e9ma touche \u00e0 sa fin et c'est d\u00e9sormais l'heure d'\u00e9tablir un petit bilan. Apr\u00e8s le comit\u00e9 de lecture de sc\u00e9nario du Club 300 d'AlloCin\u00e9 pour Parallel Lines (un concours de court-m\u00e9trage chapeaut\u00e9 par Ridley Scott) et le Golden Blog Award de la cat\u00e9gorie cin\u00e9ma,\u2026","rel":"","context":"Dans &quot;CULTURE&quot;","block_context":{"text":"CULTURE","link":"https:\/\/shunrize.com\/blog\/category\/culture\/"},"img":{"alt_text":"","src":"https:\/\/i0.wp.com\/shunrize.com\/blog\/wp-content\/uploads\/2012\/07\/paris-cinema-2012.jpg?fit=628%2C356&ssl=1&resize=350%2C200","width":350,"height":200,"srcset":"https:\/\/i0.wp.com\/shunrize.com\/blog\/wp-content\/uploads\/2012\/07\/paris-cinema-2012.jpg?fit=628%2C356&ssl=1&resize=350%2C200 1x, https:\/\/i0.wp.com\/shunrize.com\/blog\/wp-content\/uploads\/2012\/07\/paris-cinema-2012.jpg?fit=628%2C356&ssl=1&resize=525%2C300 1.5x"},"classes":[]},{"id":14445,"url":"https:\/\/shunrize.com\/blog\/festival-paris-courts-devant-2010\/","url_meta":{"origin":27317,"position":3},"title":"Festival Paris Courts Devant 2010 : Programme","author":"Val\u00e9rie Denise","date":"02\/10\/2010","format":false,"excerpt":"Depuis sa cr\u00e9ation l\u2019\u00e9quipe de Courts Devant s'emploie \u00e0 nous pr\u00e9senter une s\u00e9lection tr\u00e8s vari\u00e9e de films courts. Pour cette 6e \u00e9dition, \"Courts Devant\" devient \u201cParis Courts Devant\u201d et sera une fois encore consacr\u00e9e \u00e0 une s\u00e9lection internationale de tout premier ordre. Du 14 au 17 octobre prochain Le Cin\u00e9ma\u2026","rel":"","context":"Dans &quot;CULTURE&quot;","block_context":{"text":"CULTURE","link":"https:\/\/shunrize.com\/blog\/category\/culture\/"},"img":{"alt_text":"","src":"https:\/\/i0.wp.com\/shunrize.com\/blog\/wp-content\/uploads\/2010\/10\/pariscourtsdevant.jpg?fit=628%2C356&ssl=1&resize=350%2C200","width":350,"height":200,"srcset":"https:\/\/i0.wp.com\/shunrize.com\/blog\/wp-content\/uploads\/2010\/10\/pariscourtsdevant.jpg?fit=628%2C356&ssl=1&resize=350%2C200 1x, https:\/\/i0.wp.com\/shunrize.com\/blog\/wp-content\/uploads\/2010\/10\/pariscourtsdevant.jpg?fit=628%2C356&ssl=1&resize=525%2C300 1.5x"},"classes":[]},{"id":4646,"url":"https:\/\/shunrize.com\/blog\/esthetique-du-film-3e-edition\/","url_meta":{"origin":27317,"position":4},"title":"Esth\u00e9tique du film, 3e \u00e9dition","author":"Val\u00e9rie Denise","date":"29\/04\/2009","format":false,"excerpt":"Je vois beaucoup de films et j'en critique souvent mais je dois avouer que le jargon technique employ\u00e9 par certains journalistes sp\u00e9cialis\u00e9s me laisse parfois assez perplexe. N'ayant pas suivi les \u00e9tudes ad\u00e9quates, j'ai un peu de mal lorsqu'il s'agit de rentrer plus en d\u00e9tail en ce qui concerne l'esth\u00e9tisme\u2026","rel":"","context":"Dans &quot;CULTURE&quot;","block_context":{"text":"CULTURE","link":"https:\/\/shunrize.com\/blog\/category\/culture\/"},"img":{"alt_text":"","src":"https:\/\/i0.wp.com\/shunrize.com\/blog\/wp-content\/uploads\/2009\/04\/dolce-vita.jpg?fit=628%2C356&ssl=1&resize=350%2C200","width":350,"height":200,"srcset":"https:\/\/i0.wp.com\/shunrize.com\/blog\/wp-content\/uploads\/2009\/04\/dolce-vita.jpg?fit=628%2C356&ssl=1&resize=350%2C200 1x, https:\/\/i0.wp.com\/shunrize.com\/blog\/wp-content\/uploads\/2009\/04\/dolce-vita.jpg?fit=628%2C356&ssl=1&resize=525%2C300 1.5x"},"classes":[]},{"id":64088,"url":"https:\/\/shunrize.com\/blog\/tres-court-international-film-festival-2021-interview-anne-sophie-jacques-coordinatrice-generale\/","url_meta":{"origin":27317,"position":5},"title":"Tr\u00e8s Court International Film Festival 2021","author":"Val\u00e9rie Denise","date":"24\/05\/2021","format":false,"excerpt":"La 23e \u00e9dition du Tr\u00e8s Court International Film Festival aura lieu du 4 au 13 juin prochains. Apr\u00e8s avoir \u00e9t\u00e9 repens\u00e9 l\u2019an dernier en version 100% digitale, il revient cette fois-ci sous une forme hybride. Tandis que la pand\u00e9mie fait encore des ravages, l'\u00e9dition 2021 du grand rendez-vous annuel des\u2026","rel":"","context":"Dans &quot;CULTURE&quot;","block_context":{"text":"CULTURE","link":"https:\/\/shunrize.com\/blog\/category\/culture\/"},"img":{"alt_text":"","src":"https:\/\/i0.wp.com\/shunrize.com\/blog\/wp-content\/uploads\/2021\/05\/Exuvie-Antoine-Franc%CC%A7ois-tres-court-festival-2021.png?fit=1200%2C800&ssl=1&resize=350%2C200","width":350,"height":200,"srcset":"https:\/\/i0.wp.com\/shunrize.com\/blog\/wp-content\/uploads\/2021\/05\/Exuvie-Antoine-Franc%CC%A7ois-tres-court-festival-2021.png?fit=1200%2C800&ssl=1&resize=350%2C200 1x, https:\/\/i0.wp.com\/shunrize.com\/blog\/wp-content\/uploads\/2021\/05\/Exuvie-Antoine-Franc%CC%A7ois-tres-court-festival-2021.png?fit=1200%2C800&ssl=1&resize=525%2C300 1.5x, https:\/\/i0.wp.com\/shunrize.com\/blog\/wp-content\/uploads\/2021\/05\/Exuvie-Antoine-Franc%CC%A7ois-tres-court-festival-2021.png?fit=1200%2C800&ssl=1&resize=700%2C400 2x, https:\/\/i0.wp.com\/shunrize.com\/blog\/wp-content\/uploads\/2021\/05\/Exuvie-Antoine-Franc%CC%A7ois-tres-court-festival-2021.png?fit=1200%2C800&ssl=1&resize=1050%2C600 3x"},"classes":[]}],"jetpack_sharing_enabled":true,"_links":{"self":[{"href":"https:\/\/shunrize.com\/blog\/wp-json\/wp\/v2\/posts\/27317","targetHints":{"allow":["GET"]}}],"collection":[{"href":"https:\/\/shunrize.com\/blog\/wp-json\/wp\/v2\/posts"}],"about":[{"href":"https:\/\/shunrize.com\/blog\/wp-json\/wp\/v2\/types\/post"}],"author":[{"embeddable":true,"href":"https:\/\/shunrize.com\/blog\/wp-json\/wp\/v2\/users\/1"}],"replies":[{"embeddable":true,"href":"https:\/\/shunrize.com\/blog\/wp-json\/wp\/v2\/comments?post=27317"}],"version-history":[{"count":0,"href":"https:\/\/shunrize.com\/blog\/wp-json\/wp\/v2\/posts\/27317\/revisions"}],"wp:featuredmedia":[{"embeddable":true,"href":"https:\/\/shunrize.com\/blog\/wp-json\/wp\/v2\/media\/34156"}],"wp:attachment":[{"href":"https:\/\/shunrize.com\/blog\/wp-json\/wp\/v2\/media?parent=27317"}],"wp:term":[{"taxonomy":"category","embeddable":true,"href":"https:\/\/shunrize.com\/blog\/wp-json\/wp\/v2\/categories?post=27317"},{"taxonomy":"post_tag","embeddable":true,"href":"https:\/\/shunrize.com\/blog\/wp-json\/wp\/v2\/tags?post=27317"}],"curies":[{"name":"wp","href":"https:\/\/api.w.org\/{rel}","templated":true}]}}