{"id":25685,"date":"2012-07-16T20:47:16","date_gmt":"2012-07-16T18:47:16","guid":{"rendered":"http:\/\/www.shunrize.com\/blog\/?p=25685"},"modified":"2020-06-16T15:25:09","modified_gmt":"2020-06-16T13:25:09","slug":"exposition-batman-the-dark-knight-rises","status":"publish","type":"post","link":"https:\/\/shunrize.com\/blog\/exposition-batman-the-dark-knight-rises\/","title":{"rendered":"Exposition : Batman s&rsquo;expose a la Galerie Chappe \u00e0 Paris"},"content":{"rendered":"<p style=\"text-align: justify;\">Le 25 juillet prochain, le c\u00e9l\u00e8bre justicier de Gotham City remettra son sombre costume pour le plus grand bonheur de ses fans gr\u00e2ce \u00e0 la sortie sur nos \u00e9crans du dernier volet de Batman r\u00e9alis\u00e9 par <b>Christophe Nolan<\/b>, The Dark Knight Rises. D\u00e8s lors, afin de rendre plus tol\u00e9rable votre attente, je vous propose tout d&rsquo;abord de revoir <del datetime=\"2012-07-16T17:56:18+00:00\">pour la 72e <\/del> une ultime fois l&rsquo;un des derniers trailers mis en ligne par Warner.<\/p>\n<p><iframe loading=\"lazy\" src=\"http:\/\/www.youtube.com\/embed\/Fn_L_XaqcpI?rel=0\" width=\"628\" height=\"380\" frameborder=\"0\" allowfullscreen=\"allowfullscreen\"><\/iframe><\/p>\n<p style=\"text-align: justify;\">Mais aussi de vous rendre \u00e0 une exposition organis\u00e9e en son honneur. En effet, la <b>Galerie d&rsquo;art contemporain Chappe<\/b> vous propose de d\u00e9couvrir des oeuvres consacr\u00e9es au h\u00e9ros masqu\u00e9 r\u00e9alis\u00e9es par Norm Breyfogle, dessinateur de comics am\u00e9ricain qui a notamment travaill\u00e9 sur Batman entre 1987 et 1995.<\/p>\n<p style=\"text-align: center;\"><img data-recalc-dims=\"1\" decoding=\"async\" src=\"https:\/\/i0.wp.com\/www.shunrize.com\/2012\/NormBreyfogle-batmanscovers.jpg?w=700\" \/><br \/>\n<i>Covers des num\u00e9ros de \u00ab\u00a0Batman\u00a0\u00bb auxquels Norm Breygloe a particip\u00e9<\/i><\/p>\n<p style=\"text-align: justify;\">Cependant, ne tardez pas \u00e0 vous y rendre car cette exposition exceptionnelle en partenariat avec <i>Warner Films<\/i> et <i>Urban comics<\/i> a d\u00e9but\u00e9 le 5 juillet et prendra fin le 25 juillet.<\/p>\n<p><span style=\"color: #0f9095;\"><b>RENDEZ-VOUS<\/b><\/span><br \/>\n<b>Date :<\/b> Du 5 au 25 juillet 2012<br \/>\n<b>Horaires :<\/b> Lundi au dimanche de 14h \u00e0 20h<br \/>\n<b>Lieu :<\/b> Galerie Chappe<br \/>\n<b>Acc\u00e8s :<\/b> 21 rue Chappe 75018 Paris<br \/>\n<b>Metro :<\/b> Anvers ou Place des Abbesses<br \/>\n<b>Infos :<\/b> Galerie Chappe<\/p>\n<div class=\"fb-comments\" data-href=\"http:\/\/www.shunrize.com\/blog\/exposition-batman-the-dark-knight-rises\" data-num-posts=\"2\" data-width=\"600\"><\/div>\n","protected":false},"excerpt":{"rendered":"<p>Le 25 juillet prochain, le c\u00e9l\u00e8bre justicier de Gotham City remettra son sombre costume pour le plus grand bonheur de ses fans gr\u00e2ce \u00e0 la sortie sur nos \u00e9crans du dernier volet de Batman r\u00e9alis\u00e9 par Christophe Nolan, The Dark Knight Rises. D\u00e8s lors, afin de rendre plus tol\u00e9rable votre attente, je vous propose tout [&hellip;]<\/p>\n","protected":false},"author":1,"featured_media":34729,"comment_status":"open","ping_status":"open","sticky":false,"template":"","format":"standard","meta":{"jetpack_post_was_ever_published":false,"_jetpack_newsletter_access":"","_jetpack_dont_email_post_to_subs":false,"_jetpack_newsletter_tier_id":0,"_jetpack_memberships_contains_paywalled_content":false,"csco_page_load_nextpost":"","csco_post_video_location":[],"csco_post_video_location_hash":"","csco_post_video_url":"","csco_post_video_bg_start_time":0,"csco_post_video_bg_end_time":0,"csco_post_text_color":"","_jetpack_memberships_contains_paid_content":false,"footnotes":"","jetpack_publicize_message":"","jetpack_publicize_feature_enabled":true,"jetpack_social_post_already_shared":false,"jetpack_social_options":{"image_generator_settings":{"template":"highway","default_image_id":0,"font":"","enabled":false},"version":2}},"categories":[5149],"tags":[598,406,7396],"class_list":{"0":"post-25685","1":"post","2":"type-post","3":"status-publish","4":"format-standard","5":"has-post-thumbnail","7":"category-culture","8":"tag-comics","9":"tag-dc-comics","10":"tag-grand-paris","11":"cs-entry","12":"cs-video-wrap"},"aioseo_notices":[],"jetpack_publicize_connections":[],"jetpack_featured_media_url":"https:\/\/i0.wp.com\/shunrize.com\/blog\/wp-content\/uploads\/2012\/07\/tdkr_rain02.jpg?fit=628%2C356&ssl=1","jetpack-related-posts":[{"id":40099,"url":"https:\/\/shunrize.com\/blog\/canettes-collector-oasis-dc-comics\/","url_meta":{"origin":25685,"position":0},"title":"Oasis revisitent les super-h\u00e9ros DC Comics","author":"Val\u00e9rie Denise","date":"22\/10\/2014","format":false,"excerpt":"A partir du 27 octobre, retrouvez chez Colette, des canettes collector Oasis \u00e0 l'effigie des super-h\u00e9ros DC Comics","rel":"","context":"Dans &quot;LIFESTYLE&quot;","block_context":{"text":"LIFESTYLE","link":"https:\/\/shunrize.com\/blog\/category\/lifestyle\/"},"img":{"alt_text":"","src":"https:\/\/i0.wp.com\/shunrize.com\/blog\/wp-content\/uploads\/2014\/10\/oasis-DC-Comics.jpg?fit=1200%2C520&ssl=1&resize=350%2C200","width":350,"height":200,"srcset":"https:\/\/i0.wp.com\/shunrize.com\/blog\/wp-content\/uploads\/2014\/10\/oasis-DC-Comics.jpg?fit=1200%2C520&ssl=1&resize=350%2C200 1x, https:\/\/i0.wp.com\/shunrize.com\/blog\/wp-content\/uploads\/2014\/10\/oasis-DC-Comics.jpg?fit=1200%2C520&ssl=1&resize=525%2C300 1.5x, https:\/\/i0.wp.com\/shunrize.com\/blog\/wp-content\/uploads\/2014\/10\/oasis-DC-Comics.jpg?fit=1200%2C520&ssl=1&resize=700%2C400 2x, https:\/\/i0.wp.com\/shunrize.com\/blog\/wp-content\/uploads\/2014\/10\/oasis-DC-Comics.jpg?fit=1200%2C520&ssl=1&resize=1050%2C600 3x"},"classes":[]},{"id":53868,"url":"https:\/\/shunrize.com\/blog\/coffrets-noel-warner-2017\/","url_meta":{"origin":25685,"position":1},"title":"Wishlist No\u00ebl : les coffrets Warner","author":"Val\u00e9rie Denise","date":"27\/10\/2017","format":false,"excerpt":"Winter is coming ! Et forc\u00e9ment No\u00ebl ne va pas tarder \u00e0 se pointer dans la foul\u00e9e. Aujourd'hui, je t'ai d\u00e9nich\u00e9 des id\u00e9es cadeaux pour faire plaisir et se faire plaisir parmi les coffrets DVD\/Blu-ray de Warner Bros Home Entertainment. La semaine derni\u00e8re, ceux qui me suivent sur Instagram et\/ou\u2026","rel":"","context":"Dans &quot;CULTURE&quot;","block_context":{"text":"CULTURE","link":"https:\/\/shunrize.com\/blog\/category\/culture\/"},"img":{"alt_text":"","src":"https:\/\/i0.wp.com\/shunrize.com\/blog\/wp-content\/uploads\/2017\/10\/coffret-noel-warner-2017.jpg?fit=1200%2C520&ssl=1&resize=350%2C200","width":350,"height":200,"srcset":"https:\/\/i0.wp.com\/shunrize.com\/blog\/wp-content\/uploads\/2017\/10\/coffret-noel-warner-2017.jpg?fit=1200%2C520&ssl=1&resize=350%2C200 1x, https:\/\/i0.wp.com\/shunrize.com\/blog\/wp-content\/uploads\/2017\/10\/coffret-noel-warner-2017.jpg?fit=1200%2C520&ssl=1&resize=525%2C300 1.5x, https:\/\/i0.wp.com\/shunrize.com\/blog\/wp-content\/uploads\/2017\/10\/coffret-noel-warner-2017.jpg?fit=1200%2C520&ssl=1&resize=700%2C400 2x, https:\/\/i0.wp.com\/shunrize.com\/blog\/wp-content\/uploads\/2017\/10\/coffret-noel-warner-2017.jpg?fit=1200%2C520&ssl=1&resize=1050%2C600 3x"},"classes":[]},{"id":27252,"url":"https:\/\/shunrize.com\/blog\/les-coffrets-warner-2012\/","url_meta":{"origin":25685,"position":2},"title":"Shopping No\u00ebl : Les Coffrets Warner","author":"Val\u00e9rie Denise","date":"10\/11\/2012","format":false,"excerpt":"Cette ann\u00e9e, Warner Bros a d\u00e9cid\u00e9 de nous g\u00e2ter en nous proposant un panel tr\u00e8s large de coffrets DVD. Action, Com\u00e9die, Drame, Guerre, Frissons, Coffret Prestige, par R\u00e9alisateur ou S\u00e9ries TV. Avec son offre de 318 coffrets d'exception, il y a de quoi bien garnir le pied de vos sapins\u2026","rel":"","context":"Dans &quot;CULTURE&quot;","block_context":{"text":"CULTURE","link":"https:\/\/shunrize.com\/blog\/category\/culture\/"},"img":{"alt_text":"","src":"https:\/\/i0.wp.com\/shunrize.com\/blog\/wp-content\/uploads\/2012\/11\/Shopping-Warner-2012.jpg?fit=1200%2C520&ssl=1&resize=350%2C200","width":350,"height":200,"srcset":"https:\/\/i0.wp.com\/shunrize.com\/blog\/wp-content\/uploads\/2012\/11\/Shopping-Warner-2012.jpg?fit=1200%2C520&ssl=1&resize=350%2C200 1x, https:\/\/i0.wp.com\/shunrize.com\/blog\/wp-content\/uploads\/2012\/11\/Shopping-Warner-2012.jpg?fit=1200%2C520&ssl=1&resize=525%2C300 1.5x, https:\/\/i0.wp.com\/shunrize.com\/blog\/wp-content\/uploads\/2012\/11\/Shopping-Warner-2012.jpg?fit=1200%2C520&ssl=1&resize=700%2C400 2x, https:\/\/i0.wp.com\/shunrize.com\/blog\/wp-content\/uploads\/2012\/11\/Shopping-Warner-2012.jpg?fit=1200%2C520&ssl=1&resize=1050%2C600 3x"},"classes":[]},{"id":56337,"url":"https:\/\/shunrize.com\/blog\/coffrets-noel-warner-2018-films-et-series-a-offrir\/","url_meta":{"origin":25685,"position":3},"title":"Id\u00e9es cadeaux No\u00ebl : les coffrets vid\u00e9o Warner Bros.","author":"Val\u00e9rie Denise","date":"25\/10\/2018","format":false,"excerpt":"En manque d\u2019id\u00e9es de cadeaux de No\u00ebl pour les mordus de cin\u00e9ma et de s\u00e9ries TV ? Voici ma s\u00e9lection de coffrets Warner Bros \u00e0 glisser sous leur sapin. A offrir ou pour \u00e9toffer ta Wishlist.","rel":"","context":"Dans &quot;CULTURE&quot;","block_context":{"text":"CULTURE","link":"https:\/\/shunrize.com\/blog\/category\/culture\/"},"img":{"alt_text":"Les coffrets Warner pour No\u00ebl 2018","src":"https:\/\/i0.wp.com\/shunrize.com\/blog\/wp-content\/uploads\/2018\/10\/coffrets-noel-warner-2018.jpg?fit=1200%2C520&ssl=1&resize=350%2C200","width":350,"height":200,"srcset":"https:\/\/i0.wp.com\/shunrize.com\/blog\/wp-content\/uploads\/2018\/10\/coffrets-noel-warner-2018.jpg?fit=1200%2C520&ssl=1&resize=350%2C200 1x, https:\/\/i0.wp.com\/shunrize.com\/blog\/wp-content\/uploads\/2018\/10\/coffrets-noel-warner-2018.jpg?fit=1200%2C520&ssl=1&resize=525%2C300 1.5x, https:\/\/i0.wp.com\/shunrize.com\/blog\/wp-content\/uploads\/2018\/10\/coffrets-noel-warner-2018.jpg?fit=1200%2C520&ssl=1&resize=700%2C400 2x, https:\/\/i0.wp.com\/shunrize.com\/blog\/wp-content\/uploads\/2018\/10\/coffrets-noel-warner-2018.jpg?fit=1200%2C520&ssl=1&resize=1050%2C600 3x"},"classes":[]},{"id":24882,"url":"https:\/\/shunrize.com\/blog\/cinerama-charles-berberian\/","url_meta":{"origin":25685,"position":4},"title":"Charles Berberian fait son Cin\u00e9rama","author":"Val\u00e9rie Denise","date":"26\/03\/2012","format":false,"excerpt":"Ici, on aime le nanar ! D\u00e8s lors, on ne pouvait pas passer \u00e0 c\u00f4t\u00e9 du nouvel ouvrage de Charles Berb\u00e9rian consacr\u00e9 \u00e0 ce pan sous-estim\u00e9 du 7e art. Disponible depuis le 21 mars dernier, Cin\u00e9rama nous livre ainsi une \"Une s\u00e9lection des meilleurs plus mauvais films du monde. D'ULTRA\u2026","rel":"","context":"Dans &quot;INSPIRATION&quot;","block_context":{"text":"INSPIRATION","link":"https:\/\/shunrize.com\/blog\/category\/interview\/"},"img":{"alt_text":"","src":"https:\/\/i0.wp.com\/shunrize.com\/blog\/wp-content\/uploads\/2012\/03\/Charles-Berberian-interview.jpg?fit=1200%2C520&ssl=1&resize=350%2C200","width":350,"height":200,"srcset":"https:\/\/i0.wp.com\/shunrize.com\/blog\/wp-content\/uploads\/2012\/03\/Charles-Berberian-interview.jpg?fit=1200%2C520&ssl=1&resize=350%2C200 1x, https:\/\/i0.wp.com\/shunrize.com\/blog\/wp-content\/uploads\/2012\/03\/Charles-Berberian-interview.jpg?fit=1200%2C520&ssl=1&resize=525%2C300 1.5x, https:\/\/i0.wp.com\/shunrize.com\/blog\/wp-content\/uploads\/2012\/03\/Charles-Berberian-interview.jpg?fit=1200%2C520&ssl=1&resize=700%2C400 2x, https:\/\/i0.wp.com\/shunrize.com\/blog\/wp-content\/uploads\/2012\/03\/Charles-Berberian-interview.jpg?fit=1200%2C520&ssl=1&resize=1050%2C600 3x"},"classes":[]},{"id":25721,"url":"https:\/\/shunrize.com\/blog\/critique-the-dark-knight-rises\/","url_meta":{"origin":25685,"position":5},"title":"Cin\u00e9ma | The Dark Knight Rises, un final en apoth\u00e9ose !","author":"Val\u00e9rie Denise","date":"21\/07\/2012","format":false,"excerpt":"THE DARK KNIGHT RISES fait certainement partie des films les plus attendus de 2012. Entre ceux qui crient au g\u00e9nie en regardant 2mn de bande-annonce, les fans de Christopher Nolan qui ne peuvent concevoir qu\u2019il puisse accoucher d\u2019une bousasse, ceux qui r\u00e9torquent que ce sera forc\u00e9ment une grosse merde, les\u2026","rel":"","context":"Dans &quot;CULTURE&quot;","block_context":{"text":"CULTURE","link":"https:\/\/shunrize.com\/blog\/category\/culture\/"},"img":{"alt_text":"","src":"https:\/\/i0.wp.com\/shunrize.com\/blog\/wp-content\/uploads\/2012\/07\/the-dark-knight-rises.jpg?fit=628%2C356&ssl=1&resize=350%2C200","width":350,"height":200,"srcset":"https:\/\/i0.wp.com\/shunrize.com\/blog\/wp-content\/uploads\/2012\/07\/the-dark-knight-rises.jpg?fit=628%2C356&ssl=1&resize=350%2C200 1x, https:\/\/i0.wp.com\/shunrize.com\/blog\/wp-content\/uploads\/2012\/07\/the-dark-knight-rises.jpg?fit=628%2C356&ssl=1&resize=525%2C300 1.5x"},"classes":[]}],"jetpack_sharing_enabled":true,"_links":{"self":[{"href":"https:\/\/shunrize.com\/blog\/wp-json\/wp\/v2\/posts\/25685","targetHints":{"allow":["GET"]}}],"collection":[{"href":"https:\/\/shunrize.com\/blog\/wp-json\/wp\/v2\/posts"}],"about":[{"href":"https:\/\/shunrize.com\/blog\/wp-json\/wp\/v2\/types\/post"}],"author":[{"embeddable":true,"href":"https:\/\/shunrize.com\/blog\/wp-json\/wp\/v2\/users\/1"}],"replies":[{"embeddable":true,"href":"https:\/\/shunrize.com\/blog\/wp-json\/wp\/v2\/comments?post=25685"}],"version-history":[{"count":0,"href":"https:\/\/shunrize.com\/blog\/wp-json\/wp\/v2\/posts\/25685\/revisions"}],"wp:featuredmedia":[{"embeddable":true,"href":"https:\/\/shunrize.com\/blog\/wp-json\/wp\/v2\/media\/34729"}],"wp:attachment":[{"href":"https:\/\/shunrize.com\/blog\/wp-json\/wp\/v2\/media?parent=25685"}],"wp:term":[{"taxonomy":"category","embeddable":true,"href":"https:\/\/shunrize.com\/blog\/wp-json\/wp\/v2\/categories?post=25685"},{"taxonomy":"post_tag","embeddable":true,"href":"https:\/\/shunrize.com\/blog\/wp-json\/wp\/v2\/tags?post=25685"}],"curies":[{"name":"wp","href":"https:\/\/api.w.org\/{rel}","templated":true}]}}