{"id":25605,"date":"2012-07-10T00:00:06","date_gmt":"2012-07-09T22:00:06","guid":{"rendered":"http:\/\/www.shunrize.com\/blog\/?p=25605"},"modified":"2025-02-07T12:31:41","modified_gmt":"2025-02-07T11:31:41","slug":"palmares-et-bilan-paris-cinema-2012","status":"publish","type":"post","link":"https:\/\/shunrize.com\/blog\/palmares-et-bilan-paris-cinema-2012\/","title":{"rendered":"Paris Cinema 2012 : Palmar\u00e8s &#038; Bilan"},"content":{"rendered":"\n<p><strong>La 10e \u00e9dition du Festival Paris Cin\u00e9ma touche \u00e0 sa fin et c&rsquo;est d\u00e9sormais l&rsquo;heure d&rsquo;\u00e9tablir un petit bilan. <\/strong><\/p>\n\n\n\n<p>Apr\u00e8s le comit\u00e9 de lecture de sc\u00e9nario du Club 300 d&rsquo;AlloCin\u00e9 pour Parallel Lines (un concours de court-m\u00e9trage chapeaut\u00e9 par <b>Ridley Scott<\/b>) et le <a href=\"https:\/\/shunrize.com\/blog\/golden-blog-awards-2010-shunrize-recompense\/\" target=\"_blank\" rel=\"noreferrer noopener nofollow\" title=\"Golden Blog Awards 2010, Shunrize r\u00e9compens\u00e9\">Golden Blog Award<\/a> de la cat\u00e9gorie cin\u00e9ma, j&rsquo;ai pu me glisser de nouveau durant 12 jours dans la peau d&rsquo;une jur\u00e9e.<\/p>\n\n\n\n<p>Une responsabilit\u00e9 qui m&rsquo;a donn\u00e9 l&rsquo;occasion non seulement de d\u00e9couvrir des \u0153uvres d&rsquo;exception mais aussi de c\u00f4toyer des passionn\u00e9s de cin\u00e9ma. Un \u00e0 Un, les films de la comp\u00e9tition internationale ont donc \u00e9t\u00e9 pass\u00e9s au crible par notre \u00e9quipe et j&rsquo;ai trouv\u00e9 tr\u00e8s enrichissant d&rsquo;entendre les arguments de chacun.<\/p>\n\n\n\n<p>Nous avons ainsi d\u00e9cern\u00e9 un Prix dot\u00e9 par <a href=\"https:\/\/www.vodkaster.com\/\" target=\"_&quot;blank&quot;\" rel=\"noopener noreferrer\">Vodkaster.com<\/a> qui lui offrira une campagne publicitaire sur son site Internet et notre coup de coeur qui je l&rsquo;esp\u00e8re trouvera un distributeur pour \u00eatre vu par un large public.<\/p>\n\n\n\n<div class=\"wp-block-image\"><figure class=\"aligncenter\"><img data-recalc-dims=\"1\" decoding=\"async\" src=\"https:\/\/i0.wp.com\/www.shunrize.com\/2012\/paris-cinema-bilan.jpg?w=700\" alt=\"\"\/><\/figure><\/div>\n\n\n\n<h2 id=\"films-vus-hors-competition\" class=\"wp-block-heading\">Films vus Hors comp\u00e9tition <\/h2>\n\n\n\n<p>En marge des 8 films de la comp\u00e9tition et des films d&rsquo;ouverture\/cl\u00f4ture du Festival (\u00ab\u00a0Holy Motors\u00a0\u00bb et \u00ab\u00a0Je me suis fait tout petit\u00a0\u00bb), j&rsquo;ai r\u00e9ussi \u00e0 profiter un chouia du foisonnant Focus consacr\u00e9 au cin\u00e9ma hongkongais. J&rsquo;ai ainsi vu et revu de v\u00e9ritables p\u00e9pites sur grand \u00e9cran telles que \u00ab\u00a0The Prodigal Son\u00a0\u00bb, \u00ab\u00a0Iron Monkey\u00a0\u00bb, \u00ab\u00a0The Dead and The Deadly\u00a0\u00bb ou encore \u00ab\u00a0L&rsquo;Enfer des armes\u00a0\u00bb.<\/p>\n\n\n\n<p>Et gr\u00e2ce \u00e0 la plus cin\u00e9phile d&rsquo;entre nous, <a href=\"https:\/\/lesnuitsduchasseurdefilms.com\/\" target=\"_&quot;blank&quot;\" rel=\"noopener noreferrer\">Fredmjg<\/a>, j&rsquo;ai pu \u00e9galement m&rsquo;initier aux \u0153uvres \u00ab\u00a0tr\u00e8s sp\u00e9ciales\u00a0\u00bb du Godard hongkongais <b>Patrick Tam<\/b> en subissant \u00ab\u00a0Seven Women\u00a0\u00bb et \u00ab\u00a0Love Massacre\u00a0\u00bb.<\/p>\n\n\n\n<p>Au final, face \u00e0 une programmation aussi riche et all\u00e9chante, j&rsquo;ai simplement regrett\u00e9 de ne pas \u00eatre dot\u00e9e d&rsquo;un don d&rsquo;ubiquit\u00e9. Je tenais d&rsquo;ailleurs \u00e0 saluer au passage toute l&rsquo;\u00e9quipe de Paris Cin\u00e9ma pour l&rsquo;\u00e9nergie qu&rsquo;elle a d\u00e9ploy\u00e9 pour nous offrir un tel festival et surtout <b>J\u00e9r\u00f4me Drago<\/b> notre \u00ab\u00a0Nounou\u00a0\u00bb officiel \ud83d\ude06<\/p>\n\n\n\n<div class=\"wp-block-image\"><figure class=\"aligncenter\"><img data-recalc-dims=\"1\" decoding=\"async\" src=\"https:\/\/i0.wp.com\/www.shunrize.com\/2012\/paris-cinema-bilan-2.jpg?w=700\" alt=\"\"\/><\/figure><\/div>\n\n\n\n<h2 id=\"le-palmares\" class=\"wp-block-heading\">Le Palmar\u00e8s<\/h2>\n\n\n\n<p><span style=\"text-decoration: underline;\">Les Films en lice<\/span> :<br \/>\u2022 \u00ab\u00a0A Simple Life\u00a0\u00bb d&rsquo;Ann Hui (Hong Kong)<br \/>\u2022 \u00ab\u00a0Historias\u00a0\u00bb de Julia Murat (Br\u00e9sil, Argentine, France)<br \/>\u2022 \u00ab\u00a0Beyond The Hill\u00a0\u00bb d&rsquo;Emin Alper (Turquie, Gr\u00e8ce)<br \/>\u2022 \u00ab\u00a0Just The Wind\u00a0\u00bb de Bence Fliegauf (Hongrie, Allemagne, France)<br \/>\u2022 \u00ab\u00a0The King of Pigs\u00a0\u00bb d&rsquo;Yeun Sang-ho (Cor\u00e9e du Sud)<br \/>\u2022 \u00ab\u00a0Rebelle\u00a0\u00bb de Kim Nguyen (Canada)<br \/>\u2022 \u00ab\u00a0Our Homeland\u00a0\u00bb de Yang Younghi (Japon)<br \/>\u2022 \u00ab\u00a0Tabou\u00a0\u00bb de Miguel Gomes (Portugal, Allemagne, Br\u00e9sil, France)<\/p>\n\n\n\n<p><b>PRIX DU JURY PROFESSIONNEL<\/b><br \/>Le jury compos\u00e9 de l&rsquo;auteur-compositeur-interpr\u00e8te \u00c9milie Simon (\u00ab\u00a0La marche de l&rsquo;Empereur\u00a0\u00bb), l&rsquo;actrice Alice Bela\u00efdi (\u00ab\u00a0Les Ka\u00efra\u00a0\u00bb), la r\u00e9alisatrice et sc\u00e9nariste L\u00e6titia Masson (\u00ab\u00a0Coupable\u00a0\u00bb), Louis-Do De Lencquesaing (\u00ab\u00a0Polisse\u00a0\u00bb), l&rsquo;\u00e9crivain et auteur-compositeur Yves Simon (\u00ab\u00a0Diabolo Menthe\u00a0\u00bb) et un des membres de la r\u00e9daction d&rsquo;AlloCin\u00e9 Julien Dokhan a remis le prix \u00e0 : <b>JUST THE WIND<\/b> et un coup de coeur pour <b>TABOU<\/b><\/p>\n\n\n\n<p><b>PRIX DU JURY WEB<\/b><br \/>Le jury compos\u00e9 de Chris Beney, Fredmjg, Anna Marmiesse, No\u00e9mi Luciani et moi-m\u00eame a remis le prix \u00e0 : <b>TABOU<\/b> et un coup de coeur pour <b>OUR HOMELAND<\/b><\/p>\n\n\n\n<p><iframe loading=\"lazy\" src=\"http:\/\/www.youtube.com\/embed\/e2VjRdYf7ms?rel=0\" width=\"628\" height=\"380\" frameborder=\"0\" allowfullscreen=\"allowfullscreen\"><\/iframe><\/p>\n\n\n\n<p><b>PRIX DU JURY DES \u00c9TUDIANTS<\/b><br \/>Le Jury compos\u00e9 d&rsquo;une dizaine d\u2019\u00e9tudiants en cin\u00e9ma issus des universit\u00e9s parisiennes et franciliennes a remis le prix \u00e0 : <b>A SIMPLE LIFE<\/b><\/p>\n\n\n\n<p><b>PRIX DU JURY NUM\u00c9RICABLE<\/b><br \/>Le Jury compos\u00e9 d\u2019abonn\u00e9s cin\u00e9philes a remis le prix \u00e0 : <b>REBELLE<\/b><\/p>\n\n\n\n<p><b>PRIX DU PUBLIC<\/b><br \/>Les spectateurs invit\u00e9s \u00e0 voter \u00e0 l\u2019issue de chaque s\u00e9ance ont choisi : <b>A SIMPLE LIFE<\/b><\/p>\n\n\n\n<p>Notez que \u00ab\u00a0A Simple Life&rsquo; et \u00ab\u00a0Tabou\u00a0\u00bb seront diffus\u00e9s de nouveau au cin\u00e9ma MK2 Biblioth\u00e8que \u00e0 17h et 21h ce mardi 10 juillet.<\/p>\n","protected":false},"excerpt":{"rendered":"<p>La 10e \u00e9dition du Festival Paris Cin\u00e9ma touche \u00e0 sa fin et c&rsquo;est d\u00e9sormais l&rsquo;heure d&rsquo;\u00e9tablir un petit bilan. Apr\u00e8s le comit\u00e9 de lecture de sc\u00e9nario du Club 300 d&rsquo;AlloCin\u00e9 pour Parallel Lines (un concours de court-m\u00e9trage chapeaut\u00e9 par Ridley Scott) et le Golden Blog Award de la cat\u00e9gorie cin\u00e9ma, j&rsquo;ai pu me glisser de [&hellip;]<\/p>\n","protected":false},"author":1,"featured_media":34967,"comment_status":"open","ping_status":"open","sticky":false,"template":"","format":"standard","meta":{"jetpack_post_was_ever_published":false,"_jetpack_newsletter_access":"","_jetpack_dont_email_post_to_subs":false,"_jetpack_newsletter_tier_id":0,"_jetpack_memberships_contains_paywalled_content":false,"csco_page_load_nextpost":"","csco_post_video_location":[],"csco_post_video_location_hash":"","csco_post_video_url":"","csco_post_video_bg_start_time":0,"csco_post_video_bg_end_time":0,"csco_post_text_color":"","_jetpack_memberships_contains_paid_content":false,"footnotes":"","jetpack_publicize_message":"","jetpack_publicize_feature_enabled":true,"jetpack_social_post_already_shared":false,"jetpack_social_options":{"image_generator_settings":{"template":"highway","default_image_id":0,"font":"","enabled":false},"version":2}},"categories":[5149],"tags":[7285,7414],"class_list":{"0":"post-25605","1":"post","2":"type-post","3":"status-publish","4":"format-standard","5":"has-post-thumbnail","7":"category-culture","8":"tag-cinema","9":"tag-coree-du-sud","10":"cs-entry","11":"cs-video-wrap"},"aioseo_notices":[],"jetpack_publicize_connections":[],"jetpack_featured_media_url":"https:\/\/i0.wp.com\/shunrize.com\/blog\/wp-content\/uploads\/2012\/07\/paris-cinema-2012.jpg?fit=628%2C356&ssl=1","jetpack-related-posts":[{"id":14445,"url":"https:\/\/shunrize.com\/blog\/festival-paris-courts-devant-2010\/","url_meta":{"origin":25605,"position":0},"title":"Festival Paris Courts Devant 2010 : Programme","author":"Val\u00e9rie Denise","date":"02\/10\/2010","format":false,"excerpt":"Depuis sa cr\u00e9ation l\u2019\u00e9quipe de Courts Devant s'emploie \u00e0 nous pr\u00e9senter une s\u00e9lection tr\u00e8s vari\u00e9e de films courts. Pour cette 6e \u00e9dition, \"Courts Devant\" devient \u201cParis Courts Devant\u201d et sera une fois encore consacr\u00e9e \u00e0 une s\u00e9lection internationale de tout premier ordre. Du 14 au 17 octobre prochain Le Cin\u00e9ma\u2026","rel":"","context":"Dans &quot;CULTURE&quot;","block_context":{"text":"CULTURE","link":"https:\/\/shunrize.com\/blog\/category\/culture\/"},"img":{"alt_text":"","src":"https:\/\/i0.wp.com\/shunrize.com\/blog\/wp-content\/uploads\/2010\/10\/pariscourtsdevant.jpg?fit=628%2C356&ssl=1&resize=350%2C200","width":350,"height":200,"srcset":"https:\/\/i0.wp.com\/shunrize.com\/blog\/wp-content\/uploads\/2010\/10\/pariscourtsdevant.jpg?fit=628%2C356&ssl=1&resize=350%2C200 1x, https:\/\/i0.wp.com\/shunrize.com\/blog\/wp-content\/uploads\/2010\/10\/pariscourtsdevant.jpg?fit=628%2C356&ssl=1&resize=525%2C300 1.5x"},"classes":[]},{"id":43660,"url":"https:\/\/shunrize.com\/blog\/une-soiree-au-cinema-paradiso\/","url_meta":{"origin":25605,"position":1},"title":"Une soir\u00e9e au Cin\u00e9ma Paradiso Grand Palais","author":"Val\u00e9rie Denise","date":"18\/06\/2015","format":false,"excerpt":"Suivez-nous sous la verri\u00e8re du Grand Palais pour d\u00e9couvrir la seconde \u00e9dition du Cin\u00e9ma Paradiso.","rel":"","context":"Dans &quot;CULTURE&quot;","block_context":{"text":"CULTURE","link":"https:\/\/shunrize.com\/blog\/category\/culture\/"},"img":{"alt_text":"","src":"https:\/\/i0.wp.com\/shunrize.com\/blog\/wp-content\/uploads\/2015\/06\/cinema-paradiso-2015-avis.png?fit=750%2C400&ssl=1&resize=350%2C200","width":350,"height":200,"srcset":"https:\/\/i0.wp.com\/shunrize.com\/blog\/wp-content\/uploads\/2015\/06\/cinema-paradiso-2015-avis.png?fit=750%2C400&ssl=1&resize=350%2C200 1x, https:\/\/i0.wp.com\/shunrize.com\/blog\/wp-content\/uploads\/2015\/06\/cinema-paradiso-2015-avis.png?fit=750%2C400&ssl=1&resize=525%2C300 1.5x, https:\/\/i0.wp.com\/shunrize.com\/blog\/wp-content\/uploads\/2015\/06\/cinema-paradiso-2015-avis.png?fit=750%2C400&ssl=1&resize=700%2C400 2x"},"classes":[]},{"id":4646,"url":"https:\/\/shunrize.com\/blog\/esthetique-du-film-3e-edition\/","url_meta":{"origin":25605,"position":2},"title":"Esth\u00e9tique du film, 3e \u00e9dition","author":"Val\u00e9rie Denise","date":"29\/04\/2009","format":false,"excerpt":"Je vois beaucoup de films et j'en critique souvent mais je dois avouer que le jargon technique employ\u00e9 par certains journalistes sp\u00e9cialis\u00e9s me laisse parfois assez perplexe. N'ayant pas suivi les \u00e9tudes ad\u00e9quates, j'ai un peu de mal lorsqu'il s'agit de rentrer plus en d\u00e9tail en ce qui concerne l'esth\u00e9tisme\u2026","rel":"","context":"Dans &quot;CULTURE&quot;","block_context":{"text":"CULTURE","link":"https:\/\/shunrize.com\/blog\/category\/culture\/"},"img":{"alt_text":"","src":"https:\/\/i0.wp.com\/shunrize.com\/blog\/wp-content\/uploads\/2009\/04\/dolce-vita.jpg?fit=628%2C356&ssl=1&resize=350%2C200","width":350,"height":200,"srcset":"https:\/\/i0.wp.com\/shunrize.com\/blog\/wp-content\/uploads\/2009\/04\/dolce-vita.jpg?fit=628%2C356&ssl=1&resize=350%2C200 1x, https:\/\/i0.wp.com\/shunrize.com\/blog\/wp-content\/uploads\/2009\/04\/dolce-vita.jpg?fit=628%2C356&ssl=1&resize=525%2C300 1.5x"},"classes":[]},{"id":22449,"url":"https:\/\/shunrize.com\/blog\/paris-les-excellents-cinemas-de-paris-mettent-la-chine-a-lhonneur\/","url_meta":{"origin":25605,"position":3},"title":"Les Excellents Cinemas de Paris mettent la Chine \u00e0 l&rsquo;honneur","author":"Val\u00e9rie Denise","date":"24\/09\/2011","format":false,"excerpt":"Co-fond\u00e9e par quatre cin\u00e9mas ind\u00e9pendants, Le Rex, l'Arlequin, le Balzac et le Club de l\u2019\u00c9toile, l'association Les Excellents Cin\u00e9mas de Paris organise r\u00e9guli\u00e8rement des parcours cin\u00e9matographiques et gastronomiques autour d'un th\u00e8me lors d'une journ\u00e9e exceptionnelle. Le 8 octobre prochain, les exploitants de ces salles vous proposent de d\u00e9couvrir la Chine\u2026","rel":"","context":"Dans &quot;CULTURE&quot;","block_context":{"text":"CULTURE","link":"https:\/\/shunrize.com\/blog\/category\/culture\/"},"img":{"alt_text":"","src":"https:\/\/i0.wp.com\/shunrize.com\/blog\/wp-content\/uploads\/2011\/09\/excellents-cinema-de-paris.jpg?fit=600%2C405&ssl=1&resize=350%2C200","width":350,"height":200,"srcset":"https:\/\/i0.wp.com\/shunrize.com\/blog\/wp-content\/uploads\/2011\/09\/excellents-cinema-de-paris.jpg?fit=600%2C405&ssl=1&resize=350%2C200 1x, https:\/\/i0.wp.com\/shunrize.com\/blog\/wp-content\/uploads\/2011\/09\/excellents-cinema-de-paris.jpg?fit=600%2C405&ssl=1&resize=525%2C300 1.5x"},"classes":[]},{"id":27880,"url":"https:\/\/shunrize.com\/blog\/festival-des-arcs-2012-palmares\/","url_meta":{"origin":25605,"position":4},"title":"Festival des Arcs 2012 : Bilan et Palmar\u00e8s","author":"Val\u00e9rie Denise","date":"23\/12\/2012","format":false,"excerpt":"\u00c9v\u00e9nement culturel majeur install\u00e9 sur l'un des plus beaux domaines skiables au monde, le Festival de Cin\u00e9ma Europ\u00e9en des Arcs s\u2019est achev\u00e9 ce vendredi apr\u00e8s une semaine de festivit\u00e9s au c\u0153ur des Alpes. Le public a ainsi pu d\u00e9couvrir du 15 au 22 d\u00e9cembre derniers pr\u00e8s de 60 \u0153uvres venues\u2026","rel":"","context":"Dans &quot;CULTURE&quot;","block_context":{"text":"CULTURE","link":"https:\/\/shunrize.com\/blog\/category\/culture\/"},"img":{"alt_text":"","src":"https:\/\/i0.wp.com\/shunrize.com\/blog\/wp-content\/uploads\/2012\/12\/festival-des-arcs-2012-bilan.jpg?fit=628%2C356&ssl=1&resize=350%2C200","width":350,"height":200,"srcset":"https:\/\/i0.wp.com\/shunrize.com\/blog\/wp-content\/uploads\/2012\/12\/festival-des-arcs-2012-bilan.jpg?fit=628%2C356&ssl=1&resize=350%2C200 1x, https:\/\/i0.wp.com\/shunrize.com\/blog\/wp-content\/uploads\/2012\/12\/festival-des-arcs-2012-bilan.jpg?fit=628%2C356&ssl=1&resize=525%2C300 1.5x"},"classes":[]},{"id":19717,"url":"https:\/\/shunrize.com\/blog\/lg-organise-la-plus-grande-projection-3d-privee-au-monde\/","url_meta":{"origin":25605,"position":5},"title":"Paris : LG fait son cin\u00e9ma 3D au Grand Palais","author":"Val\u00e9rie Denise","date":"09\/04\/2011","format":false,"excerpt":"La technologie 3D a envahit nos salles de cin\u00e9ma et s'appr\u00eate \u00e0 faire de m\u00eame dans nos salons. LG, le num\u00e9ro 2 des \u00e9crans plats, a d\u00e9velopp\u00e9 une gamme d'\u00e9crans 3D d'une qualit\u00e9 impressionnante que j'ai eu la chance de tester lors d'une conf\u00e9rence donn\u00e9e cette semaine au Forum des\u2026","rel":"","context":"Dans &quot;CULTURE&quot;","block_context":{"text":"CULTURE","link":"https:\/\/shunrize.com\/blog\/category\/culture\/"},"img":{"alt_text":"","src":"https:\/\/i0.wp.com\/shunrize.com\/blog\/wp-content\/uploads\/2011\/04\/cinema_3D_grand_palais-prev.jpg?fit=600%2C405&ssl=1&resize=350%2C200","width":350,"height":200,"srcset":"https:\/\/i0.wp.com\/shunrize.com\/blog\/wp-content\/uploads\/2011\/04\/cinema_3D_grand_palais-prev.jpg?fit=600%2C405&ssl=1&resize=350%2C200 1x, https:\/\/i0.wp.com\/shunrize.com\/blog\/wp-content\/uploads\/2011\/04\/cinema_3D_grand_palais-prev.jpg?fit=600%2C405&ssl=1&resize=525%2C300 1.5x"},"classes":[]}],"jetpack_sharing_enabled":true,"_links":{"self":[{"href":"https:\/\/shunrize.com\/blog\/wp-json\/wp\/v2\/posts\/25605","targetHints":{"allow":["GET"]}}],"collection":[{"href":"https:\/\/shunrize.com\/blog\/wp-json\/wp\/v2\/posts"}],"about":[{"href":"https:\/\/shunrize.com\/blog\/wp-json\/wp\/v2\/types\/post"}],"author":[{"embeddable":true,"href":"https:\/\/shunrize.com\/blog\/wp-json\/wp\/v2\/users\/1"}],"replies":[{"embeddable":true,"href":"https:\/\/shunrize.com\/blog\/wp-json\/wp\/v2\/comments?post=25605"}],"version-history":[{"count":0,"href":"https:\/\/shunrize.com\/blog\/wp-json\/wp\/v2\/posts\/25605\/revisions"}],"wp:featuredmedia":[{"embeddable":true,"href":"https:\/\/shunrize.com\/blog\/wp-json\/wp\/v2\/media\/34967"}],"wp:attachment":[{"href":"https:\/\/shunrize.com\/blog\/wp-json\/wp\/v2\/media?parent=25605"}],"wp:term":[{"taxonomy":"category","embeddable":true,"href":"https:\/\/shunrize.com\/blog\/wp-json\/wp\/v2\/categories?post=25605"},{"taxonomy":"post_tag","embeddable":true,"href":"https:\/\/shunrize.com\/blog\/wp-json\/wp\/v2\/tags?post=25605"}],"curies":[{"name":"wp","href":"https:\/\/api.w.org\/{rel}","templated":true}]}}