{"id":22238,"date":"2011-09-10T12:55:36","date_gmt":"2011-09-10T10:55:36","guid":{"rendered":"http:\/\/www.shunrize.com\/wordpress\/?p=22238"},"modified":"2023-04-28T14:54:05","modified_gmt":"2023-04-28T12:54:05","slug":"critique-super","status":"publish","type":"post","link":"https:\/\/shunrize.com\/blog\/critique-super\/","title":{"rendered":"L&rsquo;Etrange Festival 2011 &#8211; Super"},"content":{"rendered":"\n<p><strong>Dix ans apr\u00e8s avoir sc\u00e9naris\u00e9 <em>The Specials<\/em>, James Gunn s&rsquo;attaque de nouveau aux super-h\u00e9ros. Un second long-m\u00e9trage pr\u00e9sent\u00e9 dans le cadre de l\u2019\u00c9trange festival 2011. <\/strong><\/p>\n\n\n\n<p>Auteur du script barr\u00e9 de <em>Tromeo and Juliet <\/em>et de celui de <em>L&rsquo;Arm\u00e9e des morts<\/em>. R\u00e9alisateur de l&rsquo;excellent <em>Horribilis <\/em>qui m\u00e9langeait humour et gore dans la pure tradition des films de genre des ann\u00e9es 80 (<a href=\"https:\/\/shunrize.com\/blog\/la-saga-du-blob\/\" target=\"_blank\" rel=\"noopener nofollow\" title=\"La Saga du Blob\">Blob <\/a>et Cie), <b>James Gunn<\/b> revient derri\u00e8re la cam\u00e9ra. <em>Defendor<\/em>, <a href=\"http:\/\/shunrize.com\/blog\/critique-kick-ass\/\" target=\"_&quot;blank&quot;\" rel=\"noopener noreferrer\">Kick-Ass<\/a> ou encore <a href=\"https:\/\/www.allocine.fr\/film\/fichefilm_gen_cfilm=109420.html\" target=\"_blank\" rel=\"noopener nofollow\" title=\"Zebraman \">Zebraman <\/a>de <b>Takashi Miike<\/b> ont ouvert la voie aux films de justiciers masqu\u00e9s d\u00e9pourvus de pouvoirs et notre cin\u00e9aste surfe une fois encore sur cette vague. <\/p>\n\n\n\n<h2 id=\"le-pitch\" class=\"wp-block-heading\">Le Pitch<\/h2>\n\n\n\n<p>Apr\u00e8s avoir vu sa femme succomber aux charmes d&rsquo;un dealer, un homme d\u00e9cide de devenir un super-h\u00e9ros. Seul ombre \u00e0 son plan d&rsquo;enfer, il n&rsquo;a pas de super-pouvoirs&#8230;<\/p>\n\n\n\n<h2 id=\"beaucoup-de-bruit-pour\" class=\"wp-block-heading\">Beaucoup de bruit pour&#8230;<\/h2>\n\n\n\n<p>Face \u00e0 l&rsquo;engouement de la critique et au buzz n\u00e9 sur internet, j&rsquo;\u00e9tais assez enthousiaste \u00e0 l&rsquo;id\u00e9e de le d\u00e9couvrir. Malheureusement, le film s&rsquo;est av\u00e9r\u00e9 en dessous de mes attentes. Certes, il est moins mainstream que <em>Kick Ass<\/em> en allant beaucoup plus loin dans son propos et en montrant davantage de violence \u00e0 l&rsquo;\u00e9cran. Mais, il s&rsquo;av\u00e8re beaucoup moins r\u00e9ussi. Ici, Franck d&rsquo;Arbo n&rsquo;est pas un h\u00e9ros dans le sens o\u00f9 on l&rsquo;entend habituellement. Celui-ci s&rsquo;en prend sans discernement \u00e0 ceux qu&rsquo;il consid\u00e8re comme mauvais. Il n&rsquo;est r\u00e9ellement anim\u00e9 que par l&rsquo;envie de r\u00e9cup\u00e9rer sa femme. Son existence mis\u00e9rable p\u00e9trie de frustrations et d&rsquo;humiliations est le terreau id\u00e9al d&rsquo;une extr\u00eame ranc\u0153ur. D\u00e8s lors, il corrige \u00e0 coup de cl\u00e9 anglaise ce monde qui l&rsquo;a sans cesse rejet\u00e9. Par ailleurs, les motivations pseudo religieuses de cet anti-h\u00e9ros sont l&rsquo;occasion pour <b>James Gunn<\/b> de fustiger les puritains et leur fanatisme religieux pr\u00f4n\u00e9 aux \u00c9tats-Unis et relay\u00e9 par les m\u00e9dias. <br \/><\/p>\n\n\n\n<p>Au final, le m\u00e9trage s&rsquo;essouffle rapidement. Qui plus est, apr\u00e8s avoir vu les films pr\u00e9c\u00e9demment cit\u00e9s, on ne trouve rien de bien original \u00e0 son concept. Toutefois, on retiendra <b>Nathan Fillion<\/b> dans son saillant costume jaune de <i>The Holy Avenger<\/i>, la prestation hallucin\u00e9e d&rsquo;<strong>Elliot Page<\/strong>\u00a0dans la peau de cette fan de comics pr\u00eate \u00e0 en d\u00e9coudre avec n&rsquo;importe quels gros bras et ces guests inattendus et sous-exploit\u00e9s (<b>Liv Tyler<\/b> et <b>Kevin Bacon<\/b>) dans une production \u00e0 si faible budget.\u00a0Bref, la d\u00e9ception \u00e9tait au rendez-vous ce soir. <\/p>\n","protected":false},"excerpt":{"rendered":"<p>Dix ans apr\u00e8s avoir sc\u00e9naris\u00e9 The Specials, James Gunn s&rsquo;attaque de nouveau aux super-h\u00e9ros. Un second long-m\u00e9trage pr\u00e9sent\u00e9 dans le cadre de l\u2019\u00c9trange festival 2011. Auteur du script barr\u00e9 de Tromeo and Juliet et de celui de L&rsquo;Arm\u00e9e des morts. R\u00e9alisateur de l&rsquo;excellent Horribilis qui m\u00e9langeait humour et gore dans la pure tradition des films [&hellip;]<\/p>\n","protected":false},"author":1,"featured_media":33648,"comment_status":"open","ping_status":"open","sticky":false,"template":"","format":"standard","meta":{"jetpack_post_was_ever_published":false,"_jetpack_newsletter_access":"","_jetpack_dont_email_post_to_subs":false,"_jetpack_newsletter_tier_id":0,"_jetpack_memberships_contains_paywalled_content":false,"csco_page_load_nextpost":"","csco_post_video_location":[],"csco_post_video_location_hash":"","csco_post_video_url":"","csco_post_video_bg_start_time":0,"csco_post_video_bg_end_time":0,"csco_post_text_color":"","_jetpack_memberships_contains_paid_content":false,"footnotes":"","jetpack_publicize_message":"","jetpack_publicize_feature_enabled":true,"jetpack_social_post_already_shared":false,"jetpack_social_options":{"image_generator_settings":{"template":"highway","default_image_id":0,"font":"","enabled":false},"version":2}},"categories":[7407],"tags":[7285,598],"class_list":{"0":"post-22238","1":"post","2":"type-post","3":"status-publish","4":"format-standard","5":"has-post-thumbnail","7":"category-deviant-zone","8":"tag-cinema","9":"tag-comics","10":"cs-entry","11":"cs-video-wrap"},"aioseo_notices":[],"jetpack_publicize_connections":[],"jetpack_featured_media_url":"https:\/\/i0.wp.com\/shunrize.com\/blog\/wp-content\/uploads\/2011\/09\/super-rainn-wilson.jpg?fit=628%2C356&ssl=1","jetpack-related-posts":[{"id":21599,"url":"https:\/\/shunrize.com\/blog\/letrange-festival-2011-le-programme-commence-a-se-devoiler\/","url_meta":{"origin":22238,"position":0},"title":"L&rsquo;Etrange Festival 2011 commence \u00e0 se d\u00e9voiler","author":"Val\u00e9rie Denise","date":"18\/07\/2011","format":false,"excerpt":"La 17\u00e8me \u00e9dition de L'\u00c9trange Festival se d\u00e9roulera du vendredi 2 au dimanche 11 septembre 2011 au Forum des Images. Et comme \u00e0 l\u2019accoutum\u00e9e, le festival le plus d\u00e9cal\u00e9 de l\u2019hexagone offrira de quoi contenter les plus d\u00e9viants d'entre nous. Des classiques du genre, des films in\u00e9dits et des projections\u2026","rel":"","context":"Dans &quot;CULTURE&quot;","block_context":{"text":"CULTURE","link":"https:\/\/shunrize.com\/blog\/category\/culture\/"},"img":{"alt_text":"","src":"https:\/\/i0.wp.com\/shunrize.com\/blog\/wp-content\/uploads\/2011\/07\/etrange-festival-2011-preview.jpg?fit=628%2C356&ssl=1&resize=350%2C200","width":350,"height":200,"srcset":"https:\/\/i0.wp.com\/shunrize.com\/blog\/wp-content\/uploads\/2011\/07\/etrange-festival-2011-preview.jpg?fit=628%2C356&ssl=1&resize=350%2C200 1x, https:\/\/i0.wp.com\/shunrize.com\/blog\/wp-content\/uploads\/2011\/07\/etrange-festival-2011-preview.jpg?fit=628%2C356&ssl=1&resize=525%2C300 1.5x"},"classes":[]},{"id":66267,"url":"https:\/\/shunrize.com\/blog\/critique-les-gardiens-de-la-galaxie-3\/","url_meta":{"origin":22238,"position":1},"title":"Cin\u00e9ma | Les Gardiens de la Galaxie Vol. 3","author":"Val\u00e9rie Denise","date":"28\/04\/2023","format":false,"excerpt":"Ce matin, j\u2019ai pu voir en avant-premi\u00e8re Les Gardiens de la Galaxie Vol. 3. Clap de fin pour la franchise, il sortira le 3 mai prochain dans nos salles. Verdict sans spoilers ! Apr\u00e8s Ant-Man et la Gu\u00eape : Quantumania, voici donc l'ultime r\u00e9alisation de James Gunn pour les studios\u2026","rel":"","context":"Dans &quot;CULTURE&quot;","block_context":{"text":"CULTURE","link":"https:\/\/shunrize.com\/blog\/category\/culture\/"},"img":{"alt_text":"","src":"https:\/\/i0.wp.com\/shunrize.com\/blog\/wp-content\/uploads\/2023\/04\/GOG-Volume-3-critique.jpg?fit=1200%2C502&ssl=1&resize=350%2C200","width":350,"height":200,"srcset":"https:\/\/i0.wp.com\/shunrize.com\/blog\/wp-content\/uploads\/2023\/04\/GOG-Volume-3-critique.jpg?fit=1200%2C502&ssl=1&resize=350%2C200 1x, https:\/\/i0.wp.com\/shunrize.com\/blog\/wp-content\/uploads\/2023\/04\/GOG-Volume-3-critique.jpg?fit=1200%2C502&ssl=1&resize=525%2C300 1.5x, https:\/\/i0.wp.com\/shunrize.com\/blog\/wp-content\/uploads\/2023\/04\/GOG-Volume-3-critique.jpg?fit=1200%2C502&ssl=1&resize=700%2C400 2x, https:\/\/i0.wp.com\/shunrize.com\/blog\/wp-content\/uploads\/2023\/04\/GOG-Volume-3-critique.jpg?fit=1200%2C502&ssl=1&resize=1050%2C600 3x"},"classes":[]},{"id":50302,"url":"https:\/\/shunrize.com\/blog\/critique-gardiens-de-la-galaxie-2\/","url_meta":{"origin":22238,"position":2},"title":"Cin\u00e9ma | Les Gardiens de la Galaxie Vol. 2 &#8211; Critique","author":"Val\u00e9rie Denise","date":"24\/04\/2017","format":false,"excerpt":"Joie dans mon c\u0153ur ! Vendredi 14 avril, j\u2019ai eu le privil\u00e8ge de d\u00e9couvrir Les Gardiens de la Galaxie Vol. 2 lors d\u2019une projection r\u00e9serv\u00e9e \u00e0 la presse. Attendue le 26 avril dans l\u2019Hexagone, la nouvelle aventure de notre joyeuse bande de bras cass\u00e9s est le troisi\u00e8me film de la\u2026","rel":"","context":"Dans &quot;CULTURE&quot;","block_context":{"text":"CULTURE","link":"https:\/\/shunrize.com\/blog\/category\/culture\/"},"img":{"alt_text":"rocket et groot gardiens de la galaxie 2","src":"https:\/\/i0.wp.com\/shunrize.com\/blog\/wp-content\/uploads\/2017\/04\/gardiens-de-la-galaxie-2.jpg?fit=1200%2C520&ssl=1&resize=350%2C200","width":350,"height":200,"srcset":"https:\/\/i0.wp.com\/shunrize.com\/blog\/wp-content\/uploads\/2017\/04\/gardiens-de-la-galaxie-2.jpg?fit=1200%2C520&ssl=1&resize=350%2C200 1x, https:\/\/i0.wp.com\/shunrize.com\/blog\/wp-content\/uploads\/2017\/04\/gardiens-de-la-galaxie-2.jpg?fit=1200%2C520&ssl=1&resize=525%2C300 1.5x, https:\/\/i0.wp.com\/shunrize.com\/blog\/wp-content\/uploads\/2017\/04\/gardiens-de-la-galaxie-2.jpg?fit=1200%2C520&ssl=1&resize=700%2C400 2x, https:\/\/i0.wp.com\/shunrize.com\/blog\/wp-content\/uploads\/2017\/04\/gardiens-de-la-galaxie-2.jpg?fit=1200%2C520&ssl=1&resize=1050%2C600 3x"},"classes":[]},{"id":26304,"url":"https:\/\/shunrize.com\/blog\/palmares-du-18e-etrange-festival\/","url_meta":{"origin":22238,"position":3},"title":"L&rsquo;Etrange Festival 2012 &#8211; Palmar\u00e8s","author":"Val\u00e9rie Denise","date":"23\/09\/2012","format":false,"excerpt":"Du 6 au 16 septembre dernier avait lieu la 18 \u00e9dition de L\u2019\u00c9trange Festival o\u00f9 de nombreux films in\u00e9dits ainsi que de vieux films jamais ou peu diffus\u00e9es sur grands \u00e9crans \u00e9taient propos\u00e9s aux cin\u00e9philes de tous bords. De mon c\u00f4t\u00e9, n'ayant pas encore le don d'ubiquit\u00e9 et astreinte \u00e0\u2026","rel":"","context":"Dans &quot;CULTURE&quot;","block_context":{"text":"CULTURE","link":"https:\/\/shunrize.com\/blog\/category\/culture\/"},"img":{"alt_text":"","src":"https:\/\/i0.wp.com\/shunrize.com\/blog\/wp-content\/uploads\/2012\/08\/Etrange-Festival-2012-preview.jpg?fit=628%2C356&ssl=1&resize=350%2C200","width":350,"height":200,"srcset":"https:\/\/i0.wp.com\/shunrize.com\/blog\/wp-content\/uploads\/2012\/08\/Etrange-Festival-2012-preview.jpg?fit=628%2C356&ssl=1&resize=350%2C200 1x, https:\/\/i0.wp.com\/shunrize.com\/blog\/wp-content\/uploads\/2012\/08\/Etrange-Festival-2012-preview.jpg?fit=628%2C356&ssl=1&resize=525%2C300 1.5x"},"classes":[]},{"id":22301,"url":"https:\/\/shunrize.com\/blog\/palmares-du-17e-etrange-festival\/","url_meta":{"origin":22238,"position":4},"title":"L&rsquo;Etrange Festival 2011 &#8211; Palmar\u00e8s","author":"Val\u00e9rie Denise","date":"13\/09\/2011","format":false,"excerpt":"Depuis le 2 septembre dernier, les amateurs de cin\u00e9ma de genre ont pu d\u00e9couvrir dans le cadre de la 17 \u00e9dition de L\u2019\u00c9trange Festival de nombreux films en avant-premi\u00e8res et quelques p\u00e9pites jamais diffus\u00e9es sur nos \u00e9crans. De mon c\u00f4t\u00e9, je n'ai malheureusement pas pu vivre ce festival comme je\u2026","rel":"","context":"Dans &quot;CULTURE&quot;","block_context":{"text":"CULTURE","link":"https:\/\/shunrize.com\/blog\/category\/culture\/"},"img":{"alt_text":"","src":"https:\/\/i0.wp.com\/shunrize.com\/blog\/wp-content\/uploads\/2011\/07\/etrange-festival-2011-preview.jpg?fit=628%2C356&ssl=1&resize=350%2C200","width":350,"height":200,"srcset":"https:\/\/i0.wp.com\/shunrize.com\/blog\/wp-content\/uploads\/2011\/07\/etrange-festival-2011-preview.jpg?fit=628%2C356&ssl=1&resize=350%2C200 1x, https:\/\/i0.wp.com\/shunrize.com\/blog\/wp-content\/uploads\/2011\/07\/etrange-festival-2011-preview.jpg?fit=628%2C356&ssl=1&resize=525%2C300 1.5x"},"classes":[]},{"id":21863,"url":"https:\/\/shunrize.com\/blog\/letrange-festival-2011-le-programme\/","url_meta":{"origin":22238,"position":5},"title":"L&rsquo;Etrange Festival 2011 &#8211; Le programme","author":"Val\u00e9rie Denise","date":"05\/08\/2011","format":false,"excerpt":"Le mois dernier, j'\u00e9voquais le programme de la 17e \u00e9dition de L'\u00c9trange Festival qui se d\u00e9roulera du vendredi 2 au dimanche 11 septembre 2011 au Forum des Images de Paris, le voici plus d\u00e9tail. Beaucoup d'avant-premi\u00e8res et d'in\u00e9dits et surtout la venue exceptionnelle de Rutger Hauer pour une nuit sp\u00e9ciale\u2026","rel":"","context":"Dans &quot;CULTURE&quot;","block_context":{"text":"CULTURE","link":"https:\/\/shunrize.com\/blog\/category\/culture\/"},"img":{"alt_text":"","src":"https:\/\/i0.wp.com\/shunrize.com\/blog\/wp-content\/uploads\/2011\/07\/etrange-festival-2011-preview.jpg?fit=628%2C356&ssl=1&resize=350%2C200","width":350,"height":200,"srcset":"https:\/\/i0.wp.com\/shunrize.com\/blog\/wp-content\/uploads\/2011\/07\/etrange-festival-2011-preview.jpg?fit=628%2C356&ssl=1&resize=350%2C200 1x, https:\/\/i0.wp.com\/shunrize.com\/blog\/wp-content\/uploads\/2011\/07\/etrange-festival-2011-preview.jpg?fit=628%2C356&ssl=1&resize=525%2C300 1.5x"},"classes":[]}],"jetpack_sharing_enabled":true,"_links":{"self":[{"href":"https:\/\/shunrize.com\/blog\/wp-json\/wp\/v2\/posts\/22238","targetHints":{"allow":["GET"]}}],"collection":[{"href":"https:\/\/shunrize.com\/blog\/wp-json\/wp\/v2\/posts"}],"about":[{"href":"https:\/\/shunrize.com\/blog\/wp-json\/wp\/v2\/types\/post"}],"author":[{"embeddable":true,"href":"https:\/\/shunrize.com\/blog\/wp-json\/wp\/v2\/users\/1"}],"replies":[{"embeddable":true,"href":"https:\/\/shunrize.com\/blog\/wp-json\/wp\/v2\/comments?post=22238"}],"version-history":[{"count":0,"href":"https:\/\/shunrize.com\/blog\/wp-json\/wp\/v2\/posts\/22238\/revisions"}],"wp:featuredmedia":[{"embeddable":true,"href":"https:\/\/shunrize.com\/blog\/wp-json\/wp\/v2\/media\/33648"}],"wp:attachment":[{"href":"https:\/\/shunrize.com\/blog\/wp-json\/wp\/v2\/media?parent=22238"}],"wp:term":[{"taxonomy":"category","embeddable":true,"href":"https:\/\/shunrize.com\/blog\/wp-json\/wp\/v2\/categories?post=22238"},{"taxonomy":"post_tag","embeddable":true,"href":"https:\/\/shunrize.com\/blog\/wp-json\/wp\/v2\/tags?post=22238"}],"curies":[{"name":"wp","href":"https:\/\/api.w.org\/{rel}","templated":true}]}}