{"id":17316,"date":"2011-01-14T13:03:05","date_gmt":"2011-01-14T12:03:05","guid":{"rendered":"http:\/\/www.shunrize.com\/wordpress\/?p=17316"},"modified":"2025-02-07T12:32:17","modified_gmt":"2025-02-07T11:32:17","slug":"festival-du-film-fantastique-de-gerardmer-2011","status":"publish","type":"post","link":"https:\/\/shunrize.com\/blog\/festival-du-film-fantastique-de-gerardmer-2011\/","title":{"rendered":"Festival du Film Fantastique de G\u00e9rardmer 2011"},"content":{"rendered":"<p style=\"text-align: justify;\">Du 26 au 30 janvier prochain se d\u00e9roulera la 18eme \u00e9dition du <i>Festival du Film Fantastique de G\u00e9rardmer<\/i>. Le rendez vous annuel de tous les amateurs fran\u00e7ais de cin\u00e9ma fantastique vient de d\u00e9voiler son programme tr\u00e8s all\u00e9chant. Ce festival est l\u2019occasion de d\u00e9couvrir en avant premi\u00e8re fran\u00e7aise bon nombre de films de genre qui vont faire l\u2019ann\u00e9e 2011.<\/p>\n<p style=\"text-align: center;\"><img data-recalc-dims=\"1\" decoding=\"async\" src=\"https:\/\/i0.wp.com\/www.shunrize.com\/blog\/wp-content\/uploads\/2011\/01\/affiche-gerardmer-2011.jpg?w=700\" \/><\/p>\n<p style=\"text-align: justify;\">Pour cette 18eme \u00e9dition, c\u2019est le maitre du Giallo <b>Dario Argento<\/b> qui pr\u00e9sidera un jury tr\u00e8s \u00e9clectique : <a href=\"http:\/\/shunrize.com\/blog\/interview-alexandre-aja\/\" target=\"_&quot;blank&quot;\" rel=\"noopener noreferrer\">Alexandre Aja<\/a>, <b>Maurice Barthelemy<\/b>, Anne Caillon, <a href=\"http:\/\/shunrize.com\/blog\/critique-a-bout-portant\/\" target=\"_&quot;blank&quot;\" rel=\"noopener noreferrer\">Fred Cavay\u00e9<\/a>, <b>Nicolas Cazal\u00e9<\/b>, <b>Clovis Cornillac<\/b>, <b>Lucile Hadzihalilovic<\/b>, <b>Serge Hazanavicius<\/b>, <b>Sophie Quinton<\/b>.<\/p>\n<p style=\"text-align: center;\"><img data-recalc-dims=\"1\" decoding=\"async\" src=\"https:\/\/i0.wp.com\/www.shunrize.com\/blog\/wp-content\/uploads\/2011\/01\/jury-gerardmer.jpg?w=700\" \/><\/p>\n<p><span style=\"color: #0f9095;\"><b>FILMS EN COMP\u00c9TITION<\/b><\/span><br \/>\n\u2022 \u00ab\u00a0Bedevilled\u00a0\u00bb de Jang Cheolsoo (Cor\u00e9e du Sud)<br \/>\n\u2022 \u00ab\u00a0Devil\u00a0\u00bb de John Erick Dowdle (\u00c9tats-Unis)<br \/>\n\u2022 \u00ab\u00a0I Saw the Devil\u00a0\u00bb de Kim Jeewoon (Cor\u00e9e du Sud)<br \/>\n\u2022 \u00ab\u00a0Dream Home\u00a0\u00bb de Pang Ho-Cheung (Hong Kong)<br \/>\n\u2022 \u00ab\u00a0Ne Nous Jugez Pas\u00a0\u00bb de Jorge Michel Grau (Mexique)<br \/>\n\u2022 The Loved Ones de Sean Byrne (Australie)<br \/>\n\u2022 \u00ab\u00a0Mirages\u00a0\u00bb de Talal Selhami (Maroc)<br \/>\n\u2022 \u00ab\u00a0The Silent House\u00a0\u00bb de Gustavo Hernandez (Uruguay)<br \/>\n\u2022 \u00ab\u00a0Troll\u00a0\u00bb d\u2019Andr\u00e9 \u00d8vredal (Norv\u00e8ge)<\/p>\n<p><span style=\"color: #0f9095;\"><b>FILMS HORS COMP\u00c9TITION<\/b><\/span><br \/>\n\u2022 \u00ab\u00a0Aladin et la Lampe Merveilleuse\u00a0\u00bb de Jean Image (France)<br \/>\n\u2022 \u00ab\u00a0American Gringhouse\u00a0\u00bb d\u2019Elijah Drenner (\u00c9tats-Unis)<br \/>\n\u2022 \u00ab\u00a0Cold Prey 3\u00a0\u00bb de Mikkel Braenne Sandemose (Norv\u00e8ge)<br \/>\n\u2022 \u00ab\u00a0L\u2019Empire des Ombres\u00a0\u00bb de Brad Anderson (\u00c9tats-Unis)<br \/>\n\u2022 \u00ab\u00a0En Quarantaine 2\u00a0\u00bb de John Pogue (\u00c9tats-Unis)<br \/>\n\u2022 \u00ab\u00a0Hybrid\u00a0\u00bb d\u2019Eric Valette (France)<br \/>\n\u2022 \u00ab\u00a0Machete Maidens Unleashed !\u00a0\u00bb de Mark Hartley (\u00c9tats-Unis)<br \/>\n\u2022 \u00ab\u00a0Proie\u00a0\u00bb d\u2019Antoine Blossier (France)<br \/>\n\u2022 \u00ab\u00a0Prowl\u00a0\u00bb de Patrick Syversen (\u00c9tats-Unis)<br \/>\n\u2022 \u00ab\u00a0Rares Exports : Un Conte de No\u00ebl\u00a0\u00bb de Jalmari Helander (Finlande\/Norv\u00e8ge\/France)<br \/>\n\u2022 \u00ab\u00a0The Hunters\u00a0\u00bb de Chris Bryant (France)<\/p>\n<p style=\"text-align: justify;\"><span style=\"color: #0f9095;\"><b>COURTS-M\u00c9TRAGES EN COMP\u00c9TITION<\/b><\/span><br \/>\nParall\u00e8lement \u00e0 cela sera organis\u00e9e la comp\u00e9tition des Courts M\u00e9trages dont le jury est constitu\u00e9 de : Pr\u00e9sident du Jury : <b>Kim Chapiron<\/b>, <b>Catherine Hosmalin<\/b>, <b>Mohamed Mazouz<\/b>, <b>Thomas Ott<\/b> et <b>Rapha\u00ebl Personnaz<\/b>.<\/p>\n<p>\u2022 \u00ab\u00a0Bloody Christmas 2 : La R\u00e9volte des Sapins\u00a0\u00bb de Michel Leray<br \/>\n\u2022 \u00ab\u00a0Cabine of the Dead\u00a0\u00bb de Vincent Templement<br \/>\n\u2022 \u00ab\u00a0Le Miroir\u00a0\u00bb de Sebastien Rossignol<br \/>\n\u2022 \u00ab\u00a0Le Vivier\u00a0\u00bb de Sylvia Guillet<br \/>\n\u2022 \u00ab\u00a0Mandragore\u00a0\u00bb de Fabrice Blin<br \/>\n\u2022 \u00ab\u00a0No Face\u00a0\u00bb de Mathilde Arnaud et Jean Yves Arnaud<br \/>\n\u2022 \u00ab\u00a0Red Balloon\u00a0\u00bb de Damien Mac\u00e9 et Alexis Wajsbrot<\/p>\n<p style=\"text-align: justify;\"><span style=\"color: #0f9095;\"><b>PRIX MAD MOVIES<\/b><\/span><br \/>\nLe magazine Mad Movies remettra quant \u00e0 lui un prix r\u00e9compensant le meilleur film destin\u00e9 au march\u00e9 de la vid\u00e9o.<\/p>\n<p>\u2022 \u00ab\u00a0Heartless\u00a0\u00bb de Philip Ridley (Royaume Uni)<br \/>\n\u2022 \u00ab\u00a0Terreur\u00a0\u00bb d\u2019Anthony DiBlasi (\u00c9tats-Unis)<br \/>\n\u2022 \u00ab\u00a0The Dead Outside\u00a0\u00bb Kerry Ann Mullaney (Royaume Uni)<br \/>\n\u2022 \u00ab\u00a0The Unforgiving\u00a0\u00bb d\u2019Alastair Orr (Afrique du Sud)<br \/>\n\u2022 \u00ab\u00a0Triangle\u00a0\u00bb de Christopher Smith (Royaume Uni\/Australie)<br \/>\n\u2022 \u00ab\u00a0Ultimate Patrol\u00a0\u00bb de Daniel Myrick (\u00c9tats-Unis)<\/p>\n<p style=\"text-align: justify;\"><span style=\"color: #0f9095;\"><b>SOIR\u00c9E GIALLO<\/b><\/span><br \/>\nEn l\u2019honneur de la pr\u00e9sence de Dario Argento, cette ann\u00e9e sera organis\u00e9e une soir\u00e9e sur le th\u00e8me du Giallo dans laquelle seront diffus\u00e9s.<\/p>\n<p>\u2022 \u00ab\u00a0L\u2019Oiseau au Plumage\u00a0\u00bb de Cristal de Dario Argento (Italie)<br \/>\n\u2022 \u00ab\u00a0La Baie Sanglante\u00a0\u00bb de Mario Bava (Italie)<br \/>\n\u2022 \u00ab\u00a0L\u2019Eventreur de New York\u00a0\u00bb de Lucio Fulci (Italie)<\/p>\n<p style=\"text-align: justify;\"><span style=\"color: #0f9095;\"><b>NUITS FANTASTIQUE<\/b><\/span><br \/>\nPremi\u00e8re dans le cadre du festival, toutes les nuits seront fantastiques avec des r\u00e9trospectives d\u00e9di\u00e9es aux n\u00e9vroses que sont la claustrophobie, la parano\u00efa ou encore la schizophr\u00e9nie. Au programme des nuits de Jeudi, Vendredi et Samedi.<\/p>\n<p>\u2022 \u00ab\u00a0Le Cabinet du Docteur Caligari\u00a0\u00bb de Robert Wiene (Allemagne)<br \/>\n\u2022 \u00ab\u00a0Dr Jekyll &amp; Mr Hyde\u00a0\u00bb de Victor Fleming (\u00c9tats-Unis)<br \/>\n\u2022 \u00ab\u00a0Psychose\u00a0\u00bb d\u2019Alfred Hitchcock (\u00c9tats-Unis)<br \/>\n\u2022 \u00ab\u00a0R\u00e9pulsion\u00a0\u00bb de Roman Polanski (Grande Bretagne)<br \/>\n\u2022 \u00ab\u00a0Body Double\u00a0\u00bb de Brian De Palma (\u00c9tats-Unis)<br \/>\n\u2022 \u00ab\u00a0Faux Semblants\u00a0\u00bb de David Cronenberg (\u00c9tats-Unis)<br \/>\n\u2022 \u00ab\u00a0Donnie Darko\u00a0\u00bb de Richard Kelly (Etats-Unis)<br \/>\n\u2022 \u00ab\u00a0Haute Tension\u00a0\u00bb d\u2019Alexandre Aja (France)<br \/>\n\u2022 \u00ab\u00a0The Machinist\u00a0\u00bb de Brad Anderson (Etats-Unis)<br \/>\n\u2022 \u00ab\u00a0Bug\u00a0\u00bb de William Friedkin (Etats-Unis)<br \/>\n\u2022 \u00ab\u00a0The Mist\u00a0\u00bb de Franck Darabont (Etats-Unis)<br \/>\n\u2022 \u00ab\u00a0Ne te Retournes pas\u00a0\u00bb de Marina de Van (Belgique)<\/p>\n<p style=\"text-align: justify;\">Le Vendredi soir, la chaine SyFy pr\u00e9sentera en avant premi\u00e8re les pilotes de 2 s\u00e9ries prochainement programm\u00e9es \u00e0 l\u2019antenne : Haven (45 minutes) et Caprica (2&#215;45 minutes)<\/p>\n<p style=\"text-align: justify;\"><span style=\"color: #0f9095;\"><b>MAIS AUSSI<\/b><\/span><br \/>\nComme chaque ann\u00e9e, un espace r\u00e9serv\u00e9 aux expositions sera ouvert \u00e0 tous les festivaliers \u00e0 la villa Monplaisir dans laquelle on retrouvera une exposition de plusieurs \u0153uvres de <b>Thomas Ott<\/b>. Un Salon litt\u00e9raire sera \u00e9galement ouvert \u00e0 tous durant lequel seront pr\u00e9sents des auteurs de renoms tels que : <b>Bernard Werber<\/b>, <b>Patrick Bauwen<\/b> ou encore <b>Henri Loevenbruck<\/b>.<\/p>\n<p style=\"text-align: justify;\"><span style=\"color: #0f9095;\"><b>RENDEZ-VOUS<\/b><\/span><br \/>\n<b>Date :<\/b> du 26 au 30 Janvier 2011<br \/>\n<b>Lieu :<\/b> G\u00e9rardmer<br \/>\n<b>Tarifs :<\/b> \u00ab\u00a0Pass Fantastic\u00a0\u00bb (pour un film au choix) Tarif Plein 8,50\u20ac \/ Tarif R\u00e9duit 8\u20ac; \u00ab\u00a0Pass Jeudi ou Vendredi\u00a0\u00bb (s\u00e9ances Illimit\u00e9es pour la journ\u00e9e) TP 25\u20ac \/ TR 23\u20ac; \u00ab\u00a0Pass Samedi ou Dimanche\u00a0\u00bb (s\u00e9ances Illimit\u00e9es pour la journ\u00e9e) TP 37\u20ac \/ TR 33\u20ac; \u00ab\u00a0Pass Week End\u00a0\u00bb (s\u00e9ances Illimit\u00e9es pour le Samedi et le Dimanche) TP 46\u20ac \/ TR 41\u20ac; \u00ab\u00a0Pass Festival\u00a0\u00bb (s\u00e9ances Illimit\u00e9es pour toute la dur\u00e9e du festival) TP 86\u20ac \/ TR 79\u20ac; \u00ab\u00a0Catalogue Officiel\u00a0\u00bb 4 \u20ac . B\u00e9n\u00e9ficient du tarif r\u00e9duit les personnes ayant la carte Cezam ainsi que les groupes de plus de 20 personnes. Les Pass seront en vente \u00e0 partir du 22 Janvier et uniquement \u00e0 l\u2019espace Tilleuil, rue Charles de Gaulle \u00e0 G\u00e9rardmer.<br \/>\n<b>Plus d\u2019informations :<\/b> Festival Gerardmer<\/p>\n","protected":false},"excerpt":{"rendered":"<p>Du 26 au 30 janvier prochain se d\u00e9roulera la 18eme \u00e9dition du Festival du Film Fantastique de G\u00e9rardmer. Le rendez vous annuel de tous les amateurs fran\u00e7ais de cin\u00e9ma fantastique vient de d\u00e9voiler son programme tr\u00e8s all\u00e9chant. Ce festival est l\u2019occasion de d\u00e9couvrir en avant premi\u00e8re fran\u00e7aise bon nombre de films de genre qui vont [&hellip;]<\/p>\n","protected":false},"author":1,"featured_media":33515,"comment_status":"open","ping_status":"open","sticky":false,"template":"","format":"standard","meta":{"jetpack_post_was_ever_published":false,"_jetpack_newsletter_access":"","_jetpack_dont_email_post_to_subs":false,"_jetpack_newsletter_tier_id":0,"_jetpack_memberships_contains_paywalled_content":false,"csco_page_load_nextpost":"","csco_post_video_location":[],"csco_post_video_location_hash":"","csco_post_video_url":"","csco_post_video_bg_start_time":0,"csco_post_video_bg_end_time":0,"csco_post_text_color":"","_jetpack_memberships_contains_paid_content":false,"footnotes":"","jetpack_publicize_message":"","jetpack_publicize_feature_enabled":true,"jetpack_social_post_already_shared":false,"jetpack_social_options":{"image_generator_settings":{"template":"highway","default_image_id":0,"font":"","enabled":false},"version":2}},"categories":[5149],"tags":[7414],"class_list":{"0":"post-17316","1":"post","2":"type-post","3":"status-publish","4":"format-standard","5":"has-post-thumbnail","7":"category-culture","8":"tag-coree-du-sud","9":"cs-entry","10":"cs-video-wrap"},"aioseo_notices":[],"jetpack_publicize_connections":[],"jetpack_featured_media_url":"https:\/\/i0.wp.com\/shunrize.com\/blog\/wp-content\/uploads\/2011\/01\/gerardmer-2011.jpg?fit=628%2C356&ssl=1","jetpack-related-posts":[{"id":17901,"url":"https:\/\/shunrize.com\/blog\/palmares-gerardmer-2011\/","url_meta":{"origin":17316,"position":0},"title":"Festival G\u00e9rardmer 2011 &#8211; Palmar\u00e8s","author":"Val\u00e9rie Denise","date":"30\/01\/2011","format":false,"excerpt":"Durant cinq jours, les amateurs de cin\u00e9ma de genre ont pu d\u00e9couvrir ou revoir pr\u00e8s d'une quarantaine de films \u00e0 l'occasion de la 18e \u00e9dition du Festival du film Fantastique de G\u00e9rardmer. Cor\u00e9e du sud, Uruguay, Mexique, \u00c9tats-Unis, France, Maroc, Norv\u00e8ge, Australie. Un v\u00e9ritable tour du monde de l'horreur et\u2026","rel":"","context":"Dans &quot;CULTURE&quot;","block_context":{"text":"CULTURE","link":"https:\/\/shunrize.com\/blog\/category\/culture\/"},"img":{"alt_text":"","src":"https:\/\/i0.wp.com\/shunrize.com\/blog\/wp-content\/uploads\/2011\/01\/gerardmer-2011.jpg?fit=628%2C356&ssl=1&resize=350%2C200","width":350,"height":200,"srcset":"https:\/\/i0.wp.com\/shunrize.com\/blog\/wp-content\/uploads\/2011\/01\/gerardmer-2011.jpg?fit=628%2C356&ssl=1&resize=350%2C200 1x, https:\/\/i0.wp.com\/shunrize.com\/blog\/wp-content\/uploads\/2011\/01\/gerardmer-2011.jpg?fit=628%2C356&ssl=1&resize=525%2C300 1.5x"},"classes":[]},{"id":34911,"url":"https:\/\/shunrize.com\/blog\/festival-du-film-fantastique-de-gerardmer-2014\/","url_meta":{"origin":17316,"position":1},"title":"Festival G\u00e9rardmer 2014 &#8211; Le Programme","author":"Val\u00e9rie Denise","date":"17\/01\/2014","format":false,"excerpt":"Du 29 janvier au 02 f\u00e9vrier prochain se d\u00e9roulera la 21e \u00e9dition du Festival du Film Fantastique de G\u00e9rardmer. Voici le programme ! L\u2019un des rendez-vous incontournables des amateurs de cin\u00e9ma fantastique rendra hommage le soir du 31 janvier au cin\u00e9aste sud-cor\u00e9en Kim Jee-Won (\u00abI Saw The Devil\u00bb, \u00abLe Bon,\u2026","rel":"","context":"Dans &quot;CULTURE&quot;","block_context":{"text":"CULTURE","link":"https:\/\/shunrize.com\/blog\/category\/culture\/"},"img":{"alt_text":"","src":"https:\/\/i0.wp.com\/shunrize.com\/blog\/wp-content\/uploads\/2014\/01\/Kim-Jee-woon.jpg?fit=628%2C356&ssl=1&resize=350%2C200","width":350,"height":200,"srcset":"https:\/\/i0.wp.com\/shunrize.com\/blog\/wp-content\/uploads\/2014\/01\/Kim-Jee-woon.jpg?fit=628%2C356&ssl=1&resize=350%2C200 1x, https:\/\/i0.wp.com\/shunrize.com\/blog\/wp-content\/uploads\/2014\/01\/Kim-Jee-woon.jpg?fit=628%2C356&ssl=1&resize=525%2C300 1.5x"},"classes":[]},{"id":36389,"url":"https:\/\/shunrize.com\/blog\/festival-gerardmer-2014-le-palmares\/","url_meta":{"origin":17316,"position":2},"title":"Festival G\u00e9rardmer 2014 &#8211; Le Palmar\u00e8s","author":"Val\u00e9rie Denise","date":"02\/02\/2014","format":false,"excerpt":"Retrouvez le Palmar\u00e8s complet de la 21e \u00e9dition du Festival International du Film Fantastique de G\u00e9rardmer.","rel":"","context":"Dans &quot;CULTURE&quot;","block_context":{"text":"CULTURE","link":"https:\/\/shunrize.com\/blog\/category\/culture\/"},"img":{"alt_text":"","src":"https:\/\/i0.wp.com\/shunrize.com\/blog\/wp-content\/uploads\/2014\/02\/gerardmer2014-palmares.jpg?fit=628%2C356&ssl=1&resize=350%2C200","width":350,"height":200,"srcset":"https:\/\/i0.wp.com\/shunrize.com\/blog\/wp-content\/uploads\/2014\/02\/gerardmer2014-palmares.jpg?fit=628%2C356&ssl=1&resize=350%2C200 1x, https:\/\/i0.wp.com\/shunrize.com\/blog\/wp-content\/uploads\/2014\/02\/gerardmer2014-palmares.jpg?fit=628%2C356&ssl=1&resize=525%2C300 1.5x"},"classes":[]},{"id":17662,"url":"https:\/\/shunrize.com\/blog\/critique-devil\/","url_meta":{"origin":17316,"position":3},"title":"Cin\u00e9ma | Devil de John Erick Dowdle","author":"Val\u00e9rie Denise","date":"26\/01\/2011","format":false,"excerpt":"C'est la derni\u00e8re production M. Night Shyamalan qui ouvrira le 18e Festival international du film fantastique de G\u00e9rardmer. Un choix discutable quand on sait qu'il est cens\u00e9 donner le ton du reste de la programmation. En effet, le distributeur fran\u00e7ais a vu juste en repoussant la sortie initialement pr\u00e9vue ce\u2026","rel":"","context":"Dans &quot;DEVIANT ZONE&quot;","block_context":{"text":"DEVIANT ZONE","link":"https:\/\/shunrize.com\/blog\/category\/deviant-zone\/"},"img":{"alt_text":"","src":"https:\/\/i0.wp.com\/shunrize.com\/blog\/wp-content\/uploads\/2011\/01\/Devil-John-Erick-Dowdle.jpg?fit=628%2C356&ssl=1&resize=350%2C200","width":350,"height":200,"srcset":"https:\/\/i0.wp.com\/shunrize.com\/blog\/wp-content\/uploads\/2011\/01\/Devil-John-Erick-Dowdle.jpg?fit=628%2C356&ssl=1&resize=350%2C200 1x, https:\/\/i0.wp.com\/shunrize.com\/blog\/wp-content\/uploads\/2011\/01\/Devil-John-Erick-Dowdle.jpg?fit=628%2C356&ssl=1&resize=525%2C300 1.5x"},"classes":[]},{"id":66828,"url":"https:\/\/shunrize.com\/blog\/le-mangeur-dames-maury-bustillo-critique\/","url_meta":{"origin":17316,"position":4},"title":"Le Mangeur d&rsquo;\u00c2mes : Meurtres dans les Vosges","author":"Val\u00e9rie Denise","date":"26\/03\/2024","format":false,"excerpt":"Dans Le Mangeur d\u2019\u00c2mes de Julien Maury et Alexandre Bustillo, l\u2019Est Vosgien devient le th\u00e9\u00e2tre de crimes sordides. En salles le 24 avril. Apr\u00e8s The Deep House tourn\u00e9 en langue anglaise, nos deux cor\u00e9alisateurs reviennent avec un thriller enracin\u00e9 dans le folklore fran\u00e7ais. Pr\u00e9sent\u00e9e hors comp\u00e9tition lors de la 31e\u2026","rel":"","context":"Dans &quot;DEVIANT ZONE&quot;","block_context":{"text":"DEVIANT ZONE","link":"https:\/\/shunrize.com\/blog\/category\/deviant-zone\/"},"img":{"alt_text":"","src":"https:\/\/i0.wp.com\/shunrize.com\/blog\/wp-content\/uploads\/2024\/03\/LeMangeurDames-1.jpg?fit=1200%2C502&ssl=1&resize=350%2C200","width":350,"height":200,"srcset":"https:\/\/i0.wp.com\/shunrize.com\/blog\/wp-content\/uploads\/2024\/03\/LeMangeurDames-1.jpg?fit=1200%2C502&ssl=1&resize=350%2C200 1x, https:\/\/i0.wp.com\/shunrize.com\/blog\/wp-content\/uploads\/2024\/03\/LeMangeurDames-1.jpg?fit=1200%2C502&ssl=1&resize=525%2C300 1.5x, https:\/\/i0.wp.com\/shunrize.com\/blog\/wp-content\/uploads\/2024\/03\/LeMangeurDames-1.jpg?fit=1200%2C502&ssl=1&resize=700%2C400 2x, https:\/\/i0.wp.com\/shunrize.com\/blog\/wp-content\/uploads\/2024\/03\/LeMangeurDames-1.jpg?fit=1200%2C502&ssl=1&resize=1050%2C600 3x"},"classes":[]},{"id":34925,"url":"https:\/\/shunrize.com\/blog\/fragile-jaume-balaguero\/","url_meta":{"origin":17316,"position":5},"title":"Vid\u00e9o | Fragile de Jaume Balaguero &#8211; Critique","author":"Val\u00e9rie Denise","date":"23\/08\/2006","format":false,"excerpt":"Une jeune infirmi\u00e8re d\u00e9croche un travail dans un h\u00f4pital pour enfant totalement d\u00e9labr\u00e9 sur le point de fermer ses portes. En effet, les autorit\u00e9s ont d\u00e9tect\u00e9 une \u00e9trange d\u00e9t\u00e9rioration de la structure du b\u00e2timent. Les derniers patients ont trois semaines pour \u00eatre transf\u00e9r\u00e9s vers des h\u00f4pitaux Londonien. Mais le processus\u2026","rel":"","context":"Dans &quot;DEVIANT ZONE&quot;","block_context":{"text":"DEVIANT ZONE","link":"https:\/\/shunrize.com\/blog\/category\/deviant-zone\/"},"img":{"alt_text":"","src":"https:\/\/i0.wp.com\/shunrize.com\/blog\/wp-content\/uploads\/2006\/08\/Fragiles-jaume-balaguero.jpg?fit=1200%2C520&ssl=1&resize=350%2C200","width":350,"height":200,"srcset":"https:\/\/i0.wp.com\/shunrize.com\/blog\/wp-content\/uploads\/2006\/08\/Fragiles-jaume-balaguero.jpg?fit=1200%2C520&ssl=1&resize=350%2C200 1x, https:\/\/i0.wp.com\/shunrize.com\/blog\/wp-content\/uploads\/2006\/08\/Fragiles-jaume-balaguero.jpg?fit=1200%2C520&ssl=1&resize=525%2C300 1.5x, https:\/\/i0.wp.com\/shunrize.com\/blog\/wp-content\/uploads\/2006\/08\/Fragiles-jaume-balaguero.jpg?fit=1200%2C520&ssl=1&resize=700%2C400 2x, https:\/\/i0.wp.com\/shunrize.com\/blog\/wp-content\/uploads\/2006\/08\/Fragiles-jaume-balaguero.jpg?fit=1200%2C520&ssl=1&resize=1050%2C600 3x"},"classes":[]}],"jetpack_sharing_enabled":true,"_links":{"self":[{"href":"https:\/\/shunrize.com\/blog\/wp-json\/wp\/v2\/posts\/17316","targetHints":{"allow":["GET"]}}],"collection":[{"href":"https:\/\/shunrize.com\/blog\/wp-json\/wp\/v2\/posts"}],"about":[{"href":"https:\/\/shunrize.com\/blog\/wp-json\/wp\/v2\/types\/post"}],"author":[{"embeddable":true,"href":"https:\/\/shunrize.com\/blog\/wp-json\/wp\/v2\/users\/1"}],"replies":[{"embeddable":true,"href":"https:\/\/shunrize.com\/blog\/wp-json\/wp\/v2\/comments?post=17316"}],"version-history":[{"count":0,"href":"https:\/\/shunrize.com\/blog\/wp-json\/wp\/v2\/posts\/17316\/revisions"}],"wp:featuredmedia":[{"embeddable":true,"href":"https:\/\/shunrize.com\/blog\/wp-json\/wp\/v2\/media\/33515"}],"wp:attachment":[{"href":"https:\/\/shunrize.com\/blog\/wp-json\/wp\/v2\/media?parent=17316"}],"wp:term":[{"taxonomy":"category","embeddable":true,"href":"https:\/\/shunrize.com\/blog\/wp-json\/wp\/v2\/categories?post=17316"},{"taxonomy":"post_tag","embeddable":true,"href":"https:\/\/shunrize.com\/blog\/wp-json\/wp\/v2\/tags?post=17316"}],"curies":[{"name":"wp","href":"https:\/\/api.w.org\/{rel}","templated":true}]}}