{"id":10223,"date":"2010-01-18T19:40:12","date_gmt":"2010-01-18T18:40:12","guid":{"rendered":"http:\/\/www.shunrize.com\/wordpress\/?p=10223"},"modified":"2020-06-15T11:34:53","modified_gmt":"2020-06-15T09:34:53","slug":"eclat-du-jour-clarins","status":"publish","type":"post","link":"https:\/\/shunrize.com\/blog\/eclat-du-jour-clarins\/","title":{"rendered":"Skin in the City, le coup d\u2019\u00e9clat de Clarins"},"content":{"rendered":"<p style=\"text-align: justify;\"><strong>Depuis 1954, Clarins offre son expertise aux femmes du monde entier en commercialisant des produits cosm\u00e9tiques haut de gamme. Cette ann\u00e9e, la marque a d\u00e9cid\u00e9 de lancer une nouvelle ligne de soins destin\u00e9e aux jeunes femmes : \u00c9clat du jour.<\/strong><\/p>\n<p style=\"text-align: justify;\">Jeudi dernier, c&rsquo;est en compagnie de <b>M\u00e9lanie Doutey<\/b> que nous avons pu d\u00e9couvrir l&rsquo;ensemble de la gamme dans un bus am\u00e9nag\u00e9 en appartement pour l&rsquo;occasion. La gamme de soins est nettement plus abordable que les autres produits que propose habituellement <i>Clarins<\/i>. Alors m\u00eame si il est ind\u00e9niable qu&rsquo;avoir une belle peau \u00e7a n&rsquo;a pas de prix si on nous offre la possibilit\u00e9 de ne pas exploser notre budget, pourquoi s&rsquo;en priver. La ligne <i>\u00c9clat du jour<\/i> se compose de 3 gestes beaut\u00e9 :<\/p>\n<h2 id=\"le-geste-beaute\"><span style=\"color: #4fb8a6;\">Le geste beaut\u00e9<\/span><b><\/b><span style=\"color: #0f9095;\"><b><br \/>\n<\/b><\/span><\/h2>\n<p style=\"text-align: center;\"><img data-recalc-dims=\"1\" decoding=\"async\" src=\"https:\/\/i0.wp.com\/www.shunrize.com\/blog\/wp-content\/uploads\/2010\/01\/gel-clarins.jpg?w=700\" alt=\"\" \/><\/p>\n<p style=\"text-align: justify;\">Le gel d\u00e9maquille et \u00e9limine toutes les impuret\u00e9s du teint. Il peut \u00eatre utilis\u00e9 matin et soir.<br \/>\n\u273f Fragrance Fra\u00eeche et fruit\u00e9e<br \/>\nSaponaire : \u00e9limine en douceur les impuret\u00e9s<br \/>\nGraine de moringa : r\u00e9v\u00e8le l&rsquo;\u00e9clat de la peau<br \/>\n<span style=\"text-decoration: underline;\">Prix indicatif<\/span> : 13\u20ac50 le tube de 75ml<\/p>\n<h2 id=\"la-lotion-energisante\"><span style=\"color: #0f9095;\"><span style=\"color: #4fb8a6;\">La lotion \u00e9nergisante<\/span><b><br \/>\n<\/b><\/span><\/h2>\n<p style=\"text-align: center;\"><img data-recalc-dims=\"1\" decoding=\"async\" src=\"https:\/\/i0.wp.com\/www.shunrize.com\/blog\/wp-content\/uploads\/2010\/01\/lotion-clarins.jpg?w=700\" alt=\"\" \/><\/p>\n<p style=\"text-align: justify;\">La lotion s&rsquo;applique apr\u00e8s le gel nettoyant et avant le soin hydratant.<br \/>\n\u273f Fragrance Fra\u00eeche et fruit\u00e9e<br \/>\nCaf\u00e9 vert : r\u00e9-\u00e9nergisant les cellules cutan\u00e9es<br \/>\nGinseng : tonifie la peau<br \/>\nTh\u00e9 blanc : prot\u00e8ge des radicaux libres<br \/>\nCacao : prot\u00e8ge des radicaux libres<br \/>\nGroseille : fixe l&rsquo;eau dans l&rsquo;\u00e9piderme<br \/>\n<span style=\"text-decoration: underline;\">Prix indicatif<\/span> : 20\u20ac le flacon de 125ml<\/p>\n<h2 id=\"le-soin-hydratant\"><span style=\"color: #4fb8a6;\">Le soin hydratant<\/span><br \/>\n<img data-recalc-dims=\"1\" decoding=\"async\" class=\" aligncenter\" src=\"https:\/\/i0.wp.com\/www.shunrize.com\/blog\/wp-content\/uploads\/2010\/01\/3-textures.jpg?w=610\" alt=\"\"  \/><\/h2>\n<p style=\"text-align: justify;\">Le soin hydratant est disponible en trois textures afin de r\u00e9pondre aux besoins de toutes les peaux et aux envies de chacune. Le fluide SPF15 pour tous les types de peau, la cr\u00e8me pour les peaux normales \u00e0 s\u00e8ches et la Gel\u00e9e pour les peaux normales \u00e0 mixtes. La cr\u00e8me s&rsquo;applique apr\u00e8s la lotion pour parfaire l&rsquo;hydratation de la peau.<br \/>\n\u273f Fragrance Fra\u00eeche et fruit\u00e9e<br \/>\nVitamine C : stimule les d\u00e9fenses de la peau<br \/>\nCurcuma : stimule les d\u00e9fenses de la peau<br \/>\nAlch\u00e9mille : freine l&rsquo;exc\u00e8s de s\u00e9bum<br \/>\nGinkgo biloba : favorise la micro-circulation cutan\u00e9e<br \/>\nFiltre solaire pour le fluide : prot\u00e8ge des UV<br \/>\n<span style=\"text-decoration: underline;\">Prix indicatif<\/span> : 32\u20ac le flacon et flacon pompe de 30ml<\/p>\n<p style=\"text-align: right;\"><img data-recalc-dims=\"1\" decoding=\"async\" src=\"https:\/\/i0.wp.com\/www.shunrize.com\/2017\/cadeau.png?w=700\" \/><\/p>\n","protected":false},"excerpt":{"rendered":"<p>Depuis 1954, Clarins offre son expertise aux femmes du monde entier en commercialisant des produits cosm\u00e9tiques haut de gamme. Cette ann\u00e9e, la marque a d\u00e9cid\u00e9 de lancer une nouvelle ligne de soins destin\u00e9e aux jeunes femmes : \u00c9clat du jour. Jeudi dernier, c&rsquo;est en compagnie de M\u00e9lanie Doutey que nous avons pu d\u00e9couvrir l&rsquo;ensemble de [&hellip;]<\/p>\n","protected":false},"author":1,"featured_media":32504,"comment_status":"open","ping_status":"open","sticky":false,"template":"","format":"standard","meta":{"jetpack_post_was_ever_published":false,"_jetpack_newsletter_access":"","_jetpack_dont_email_post_to_subs":false,"_jetpack_newsletter_tier_id":0,"_jetpack_memberships_contains_paywalled_content":false,"csco_page_load_nextpost":"","csco_post_video_location":[],"csco_post_video_location_hash":"","csco_post_video_url":"","csco_post_video_bg_start_time":0,"csco_post_video_bg_end_time":0,"csco_post_text_color":"","_jetpack_memberships_contains_paid_content":false,"footnotes":"","jetpack_publicize_message":"","jetpack_publicize_feature_enabled":true,"jetpack_social_post_already_shared":false,"jetpack_social_options":{"image_generator_settings":{"template":"highway","default_image_id":0,"font":"","enabled":false},"version":2}},"categories":[2002],"tags":[7366],"class_list":{"0":"post-10223","1":"post","2":"type-post","3":"status-publish","4":"format-standard","5":"has-post-thumbnail","7":"category-lifestyle","8":"tag-beaute","9":"cs-entry","10":"cs-video-wrap"},"aioseo_notices":[],"jetpack_publicize_connections":[],"jetpack_featured_media_url":"https:\/\/i0.wp.com\/shunrize.com\/blog\/wp-content\/uploads\/2010\/01\/skin-clarins.jpg?fit=628%2C356&ssl=1","jetpack-related-posts":[{"id":54127,"url":"https:\/\/shunrize.com\/blog\/prix-de-la-beaute-plurielle-palmares-2017\/","url_meta":{"origin":10223,"position":0},"title":"Prix de la Beaut\u00e9 Plurielle : palmar\u00e8s 2017","author":"Val\u00e9rie Denise","date":"16\/11\/2017","format":false,"excerpt":"Le 9 novembre dernier a eu lieu la toute premi\u00e8re \u00e9dition des Prix de la Beaut\u00e9 Plurielle au sein de L'Appart Lafayette. Un tr\u00e8s bel \u00e9v\u00e9nement parisien initi\u00e9 par l\u2019infatigable Virginie Bapaume, fondatrice de l\u2019agence Ivy Agency et de Beaut\u00e9 Plurielle. L\u2019objectif\u00a0? R\u00e9compenser et mettre en avant les marques ayant\u2026","rel":"","context":"Dans &quot;LIFESTYLE&quot;","block_context":{"text":"LIFESTYLE","link":"https:\/\/shunrize.com\/blog\/category\/lifestyle\/"},"img":{"alt_text":"","src":"https:\/\/i0.wp.com\/shunrize.com\/blog\/wp-content\/uploads\/2017\/11\/beaute-plurielle-palmares-2017.jpg?fit=1200%2C520&ssl=1&resize=350%2C200","width":350,"height":200,"srcset":"https:\/\/i0.wp.com\/shunrize.com\/blog\/wp-content\/uploads\/2017\/11\/beaute-plurielle-palmares-2017.jpg?fit=1200%2C520&ssl=1&resize=350%2C200 1x, https:\/\/i0.wp.com\/shunrize.com\/blog\/wp-content\/uploads\/2017\/11\/beaute-plurielle-palmares-2017.jpg?fit=1200%2C520&ssl=1&resize=525%2C300 1.5x, https:\/\/i0.wp.com\/shunrize.com\/blog\/wp-content\/uploads\/2017\/11\/beaute-plurielle-palmares-2017.jpg?fit=1200%2C520&ssl=1&resize=700%2C400 2x, https:\/\/i0.wp.com\/shunrize.com\/blog\/wp-content\/uploads\/2017\/11\/beaute-plurielle-palmares-2017.jpg?fit=1200%2C520&ssl=1&resize=1050%2C600 3x"},"classes":[]},{"id":24410,"url":"https:\/\/shunrize.com\/blog\/saint-valentin-royal-monceau\/","url_meta":{"origin":10223,"position":1},"title":"Saint-Valentin : Soir\u00e9e de r\u00eave au Royal Monceau-Raffles","author":"Val\u00e9rie Denise","date":"11\/02\/2012","format":false,"excerpt":"La Saint-Valentin approche \u00e0 grands pas et \u00e0 moins d'\u00eatre c\u00e9libataire ou d'\u00eatre obnubil\u00e9 par cet \u00e9v\u00e9nement, vous n'avez peut-\u00eatre pas encore d\u00e9cid\u00e9 ce que vous alliez faire ce jour-l\u00e0. Que diriez-vous d'un bon plan pour le moins original ? Que diriez-vous de partager avec l'\u00eatre cher une exp\u00e9rience unique\u2026","rel":"","context":"Dans &quot;LIFESTYLE&quot;","block_context":{"text":"LIFESTYLE","link":"https:\/\/shunrize.com\/blog\/category\/lifestyle\/"},"img":{"alt_text":"","src":"https:\/\/i0.wp.com\/shunrize.com\/blog\/wp-content\/uploads\/2012\/02\/royal-monceau.jpg?fit=628%2C356&ssl=1&resize=350%2C200","width":350,"height":200,"srcset":"https:\/\/i0.wp.com\/shunrize.com\/blog\/wp-content\/uploads\/2012\/02\/royal-monceau.jpg?fit=628%2C356&ssl=1&resize=350%2C200 1x, https:\/\/i0.wp.com\/shunrize.com\/blog\/wp-content\/uploads\/2012\/02\/royal-monceau.jpg?fit=628%2C356&ssl=1&resize=525%2C300 1.5x"},"classes":[]},{"id":55293,"url":"https:\/\/shunrize.com\/blog\/beaute-plurielle-mars-2018\/","url_meta":{"origin":10223,"position":2},"title":"Beaut\u00e9 Plurielle by Vivi","author":"Val\u00e9rie Denise","date":"15\/03\/2018","format":false,"excerpt":"Le 10 mars dernier, Beaut\u00e9 Plurielle a r\u00e9uni Activilong Paris, Miss Ferling, Evoluderm, Elikya et Beaut\u00e9 Insolente chez So.Skaia pour r\u00e9pondre aux probl\u00e9matiques de peau, cheveux et maquillage de 40 blogueuses et lectrices. Un joli rendez-vous riche en d\u00e9couvertes.","rel":"","context":"Dans &quot;LIFESTYLE&quot;","block_context":{"text":"LIFESTYLE","link":"https:\/\/shunrize.com\/blog\/category\/lifestyle\/"},"img":{"alt_text":"","src":"https:\/\/i0.wp.com\/shunrize.com\/blog\/wp-content\/uploads\/2018\/03\/beaute-plurielle-by-vivi-mars-2018.jpg?fit=1200%2C520&ssl=1&resize=350%2C200","width":350,"height":200,"srcset":"https:\/\/i0.wp.com\/shunrize.com\/blog\/wp-content\/uploads\/2018\/03\/beaute-plurielle-by-vivi-mars-2018.jpg?fit=1200%2C520&ssl=1&resize=350%2C200 1x, https:\/\/i0.wp.com\/shunrize.com\/blog\/wp-content\/uploads\/2018\/03\/beaute-plurielle-by-vivi-mars-2018.jpg?fit=1200%2C520&ssl=1&resize=525%2C300 1.5x, https:\/\/i0.wp.com\/shunrize.com\/blog\/wp-content\/uploads\/2018\/03\/beaute-plurielle-by-vivi-mars-2018.jpg?fit=1200%2C520&ssl=1&resize=700%2C400 2x, https:\/\/i0.wp.com\/shunrize.com\/blog\/wp-content\/uploads\/2018\/03\/beaute-plurielle-by-vivi-mars-2018.jpg?fit=1200%2C520&ssl=1&resize=1050%2C600 3x"},"classes":[]},{"id":56435,"url":"https:\/\/shunrize.com\/blog\/prix-de-la-beaute-plurielle-2018-le-palmares\/","url_meta":{"origin":10223,"position":3},"title":"Prix de la Beaut\u00e9 Plurielle 2018 : le palmar\u00e8s","author":"Val\u00e9rie Denise","date":"14\/11\/2018","format":false,"excerpt":"Jeudi 8 novembre 2018, la seconde c\u00e9r\u00e9monie de remise des Prix de la Beaut\u00e9 Plurielle s\u2019est tenue en pr\u00e9sence de l\u2019\u00e9g\u00e9rie de marque Neomist Sandrine Qu\u00e9tier, de Miss France 2003 Corinne Coman et de nombreuses personnalit\u00e9s d\u2019Internet. Au sein du showroom parisien So.Skaia, Virginie Bapaume a r\u00e9compens\u00e9 12 soins et\u2026","rel":"","context":"Dans &quot;LIFESTYLE&quot;","block_context":{"text":"LIFESTYLE","link":"https:\/\/shunrize.com\/blog\/category\/lifestyle\/"},"img":{"alt_text":"prix de la beaut\u00e9 plurielle palmar\u00e8s 2018","src":"https:\/\/i0.wp.com\/shunrize.com\/blog\/wp-content\/uploads\/2018\/11\/prix-beaute-plurielle-2018.jpg?fit=1200%2C520&ssl=1&resize=350%2C200","width":350,"height":200,"srcset":"https:\/\/i0.wp.com\/shunrize.com\/blog\/wp-content\/uploads\/2018\/11\/prix-beaute-plurielle-2018.jpg?fit=1200%2C520&ssl=1&resize=350%2C200 1x, https:\/\/i0.wp.com\/shunrize.com\/blog\/wp-content\/uploads\/2018\/11\/prix-beaute-plurielle-2018.jpg?fit=1200%2C520&ssl=1&resize=525%2C300 1.5x, https:\/\/i0.wp.com\/shunrize.com\/blog\/wp-content\/uploads\/2018\/11\/prix-beaute-plurielle-2018.jpg?fit=1200%2C520&ssl=1&resize=700%2C400 2x, https:\/\/i0.wp.com\/shunrize.com\/blog\/wp-content\/uploads\/2018\/11\/prix-beaute-plurielle-2018.jpg?fit=1200%2C520&ssl=1&resize=1050%2C600 3x"},"classes":[]},{"id":37563,"url":"https:\/\/shunrize.com\/blog\/test-mysekit-diversite\/","url_meta":{"origin":10223,"position":4},"title":"Mysekit diversit\u00e9, des kits beaut\u00e9 pour toutes !","author":"Val\u00e9rie Denise","date":"01\/03\/2014","format":false,"excerpt":"D\u00e9couvrez le fruit de la collaboration entre Mysekit et les blogueuses beaut\u00e9 Vivi LaChipie, ArtVintageGallery et Sananas","rel":"","context":"Dans &quot;LIFESTYLE&quot;","block_context":{"text":"LIFESTYLE","link":"https:\/\/shunrize.com\/blog\/category\/lifestyle\/"},"img":{"alt_text":"","src":"https:\/\/i0.wp.com\/shunrize.com\/blog\/wp-content\/uploads\/2014\/03\/Mysekit-mars-2014.jpg?fit=1200%2C520&ssl=1&resize=350%2C200","width":350,"height":200,"srcset":"https:\/\/i0.wp.com\/shunrize.com\/blog\/wp-content\/uploads\/2014\/03\/Mysekit-mars-2014.jpg?fit=1200%2C520&ssl=1&resize=350%2C200 1x, https:\/\/i0.wp.com\/shunrize.com\/blog\/wp-content\/uploads\/2014\/03\/Mysekit-mars-2014.jpg?fit=1200%2C520&ssl=1&resize=525%2C300 1.5x, https:\/\/i0.wp.com\/shunrize.com\/blog\/wp-content\/uploads\/2014\/03\/Mysekit-mars-2014.jpg?fit=1200%2C520&ssl=1&resize=700%2C400 2x, https:\/\/i0.wp.com\/shunrize.com\/blog\/wp-content\/uploads\/2014\/03\/Mysekit-mars-2014.jpg?fit=1200%2C520&ssl=1&resize=1050%2C600 3x"},"classes":[]},{"id":20828,"url":"https:\/\/shunrize.com\/blog\/strivectin-sd-preparez-votre-peau-au-soleil\/","url_meta":{"origin":10223,"position":5},"title":"Strivectin-SD, Pr\u00e9parez votre peau au soleil","author":"Val\u00e9rie Denise","date":"14\/05\/2011","format":false,"excerpt":"Pr\u00eate \u00e0 accueillir l\u2019\u00e9t\u00e9 ? Strivectin nous a concoct\u00e9 un kit de soins pour nous aider \u00e0 retrouver une peau rayonnante et . Les beaux jours sont d\u00e9j\u00e0 l\u00e0 et les vacances ne vont pas tarder. Il est grand temps de nous refaire une petite beaut\u00e9 en nous d\u00e9barrassant de\u2026","rel":"","context":"Dans &quot;LIFESTYLE&quot;","block_context":{"text":"LIFESTYLE","link":"https:\/\/shunrize.com\/blog\/category\/lifestyle\/"},"img":{"alt_text":"","src":"https:\/\/i0.wp.com\/shunrize.com\/blog\/wp-content\/uploads\/2011\/05\/Strivectin-ete.jpg?fit=628%2C356&ssl=1&resize=350%2C200","width":350,"height":200,"srcset":"https:\/\/i0.wp.com\/shunrize.com\/blog\/wp-content\/uploads\/2011\/05\/Strivectin-ete.jpg?fit=628%2C356&ssl=1&resize=350%2C200 1x, https:\/\/i0.wp.com\/shunrize.com\/blog\/wp-content\/uploads\/2011\/05\/Strivectin-ete.jpg?fit=628%2C356&ssl=1&resize=525%2C300 1.5x"},"classes":[]}],"jetpack_sharing_enabled":true,"_links":{"self":[{"href":"https:\/\/shunrize.com\/blog\/wp-json\/wp\/v2\/posts\/10223","targetHints":{"allow":["GET"]}}],"collection":[{"href":"https:\/\/shunrize.com\/blog\/wp-json\/wp\/v2\/posts"}],"about":[{"href":"https:\/\/shunrize.com\/blog\/wp-json\/wp\/v2\/types\/post"}],"author":[{"embeddable":true,"href":"https:\/\/shunrize.com\/blog\/wp-json\/wp\/v2\/users\/1"}],"replies":[{"embeddable":true,"href":"https:\/\/shunrize.com\/blog\/wp-json\/wp\/v2\/comments?post=10223"}],"version-history":[{"count":0,"href":"https:\/\/shunrize.com\/blog\/wp-json\/wp\/v2\/posts\/10223\/revisions"}],"wp:featuredmedia":[{"embeddable":true,"href":"https:\/\/shunrize.com\/blog\/wp-json\/wp\/v2\/media\/32504"}],"wp:attachment":[{"href":"https:\/\/shunrize.com\/blog\/wp-json\/wp\/v2\/media?parent=10223"}],"wp:term":[{"taxonomy":"category","embeddable":true,"href":"https:\/\/shunrize.com\/blog\/wp-json\/wp\/v2\/categories?post=10223"},{"taxonomy":"post_tag","embeddable":true,"href":"https:\/\/shunrize.com\/blog\/wp-json\/wp\/v2\/tags?post=10223"}],"curies":[{"name":"wp","href":"https:\/\/api.w.org\/{rel}","templated":true}]}}