{"id":10154,"date":"2010-01-19T14:28:31","date_gmt":"2010-01-19T13:28:31","guid":{"rendered":"http:\/\/www.shunrize.com\/wordpress\/?p=10154"},"modified":"2023-02-14T13:20:00","modified_gmt":"2023-02-14T12:20:00","slug":"critique-la-horde","status":"publish","type":"post","link":"https:\/\/shunrize.com\/blog\/critique-la-horde\/","title":{"rendered":"Cin\u00e9ma | La Horde &#8211; Critique"},"content":{"rendered":"<p style=\"text-align: justify;\"><strong>Le film de Yannick Dahan ne sortira sur nos \u00e9crans que le 10 f\u00e9vrier prochain et le moins que l&rsquo;on puisse dire c&rsquo;est que La Horde est d\u00e9j\u00e0 l&rsquo;objet de toutes sortes de sp\u00e9culations.<\/strong><\/p>\n<p style=\"text-align: justify;\">A force de fustiger r\u00e9guli\u00e8rement ses confr\u00e8res, <b>Yannick Dahan<\/b> \u00e9tait attendu au tournant. Et autant vous le dire tout de suite, m&rsquo;\u00e9tant un peu investi dans ce premier long-m\u00e9trage en tant que co-productrice, j&rsquo;\u00e9tais tout aussi f\u00e9brile de voir le r\u00e9sultat. C&rsquo;est donc avec une certaine appr\u00e9hension que j&rsquo;ai assist\u00e9e \u00e0 la projection en avant-premi\u00e8re qui avait lieu le 7 janvier dernier \u00e0 Paris.<\/p>\n<p style=\"text-align: justify;\">Mon implication n&rsquo;aura pas eu raison de mon objectivit\u00e9 et c&rsquo;est \u00e0 grand regret que j&rsquo;ai trouv\u00e9 le d\u00e9but digne d&rsquo;un mauvais t\u00e9l\u00e9film. Quelque peu alambiqu\u00e9e, la pr\u00e9sentation des personnages d\u00e9bouche finalement sur un canevas des plus basique : une rivalit\u00e9 entre flics et gangsters. Si l&rsquo;interpr\u00e9tation \u00e0 la limite du supportable d&rsquo;<b>Aur\u00e9lien Recoing<\/b> ne m&rsquo;a pas achev\u00e9e, les dialogues empreints de clich\u00e9s m&rsquo;obligent \u00e0 m&rsquo;interroger sur ma pr\u00e9sence dans la salle.<\/p>\n<p style=\"text-align: justify;\">Fort heureusement, le reste du film n&rsquo;est pas du m\u00eame acabit. Lorsque l&rsquo;entr\u00e9e dans la tour HLM pointe le bout de son nez, LA HORDE passe \u00e0 la vitesse sup\u00e9rieure. Les r\u00e9alisateurs qui se sont inspir\u00e9s de la trame du c\u00e9l\u00e8bre ASSAUT de <b>John Carpenter<\/b>, ont r\u00e9ussi \u00e0 instaurer peu \u00e0 peu une tension palpable et n&rsquo;ont pas l\u00e9sin\u00e9 sur les sc\u00e8nes d&rsquo;action. Une mention sp\u00e9ciale pour <b>Claude Perron<\/b> qui lorsqu&rsquo;il s&rsquo;agit d&rsquo;en d\u00e9coudre avec les zombies assoiff\u00e9s de sang n&rsquo;a rien \u00e0 envier \u00e0 ses comparses masculins et \u00e0 <b>Yves Pignot<\/b> dont l&rsquo;arriv\u00e9e au milieu de cette \u00e9quipe inhabituelle donne lieu \u00e0 des dialogues fleuris et plut\u00f4t dr\u00f4les.<\/p>\n<p style=\"text-align: justify;\">Quant \u00e0 la derni\u00e8re partie du film, elle est tout simplement jouissive avec ses explosions de t\u00eate, ses hectolitres d&rsquo;h\u00e9moglobine et son cam\u00e9o des plus savoureux. On nous promettait un film d\u2019horreur efficace et bien que LA HORDE souffre ind\u00e9niablement de d\u00e9fauts inh\u00e9rents \u00e0 une premi\u00e8re r\u00e9alisation, fort m&rsquo;est besoin de constater qu&rsquo;il rempli tout de m\u00eame le cahier des charges d&rsquo;un film Badddddddasssssssss !<\/p>\n","protected":false},"excerpt":{"rendered":"<p>Le film de Yannick Dahan ne sortira sur nos \u00e9crans que le 10 f\u00e9vrier prochain et le moins que l&rsquo;on puisse dire c&rsquo;est que La Horde est d\u00e9j\u00e0 l&rsquo;objet de toutes sortes de sp\u00e9culations. A force de fustiger r\u00e9guli\u00e8rement ses confr\u00e8res, Yannick Dahan \u00e9tait attendu au tournant. Et autant vous le dire tout de suite, [&hellip;]<\/p>\n","protected":false},"author":1,"featured_media":62327,"comment_status":"open","ping_status":"open","sticky":false,"template":"","format":"standard","meta":{"jetpack_post_was_ever_published":false,"_jetpack_newsletter_access":"","_jetpack_dont_email_post_to_subs":false,"_jetpack_newsletter_tier_id":0,"_jetpack_memberships_contains_paywalled_content":false,"csco_page_load_nextpost":"","csco_post_video_location":[],"csco_post_video_location_hash":"","csco_post_video_url":"","csco_post_video_bg_start_time":0,"csco_post_video_bg_end_time":0,"csco_post_text_color":"","_jetpack_memberships_contains_paid_content":false,"footnotes":"","jetpack_publicize_message":"","jetpack_publicize_feature_enabled":true,"jetpack_social_post_already_shared":false,"jetpack_social_options":{"image_generator_settings":{"template":"highway","default_image_id":0,"font":"","enabled":false},"version":2}},"categories":[7407],"tags":[7285,232],"class_list":{"0":"post-10154","1":"post","2":"type-post","3":"status-publish","4":"format-standard","5":"has-post-thumbnail","7":"category-deviant-zone","8":"tag-cinema","9":"tag-zombies","10":"cs-entry","11":"cs-video-wrap"},"aioseo_notices":[],"jetpack_publicize_connections":[],"jetpack_featured_media_url":"https:\/\/i0.wp.com\/shunrize.com\/blog\/wp-content\/uploads\/2010\/01\/la-horde.jpg?fit=1385%2C600&ssl=1","jetpack-related-posts":[{"id":6541,"url":"https:\/\/shunrize.com\/blog\/remy-linterview\/","url_meta":{"origin":10154,"position":0},"title":"Christophe Berthemin et Romain Basset, r\u00e9alisateurs de Remy","author":"Val\u00e9rie Denise","date":"30\/06\/2009","format":false,"excerpt":"Aujourd'hui, je vous propose de faire plus ample connaissance avec un duo de jeunes r\u00e9alisateurs tr\u00e8s prometteurs : Romain Basset et Christophe Berthemin. Pouvez-vous vous pr\u00e9senter ? Romain Basset : J\u2019ai 25 ans, j\u2019ai fait pas mal d\u2019\u00e9tudes sup\u00e9rieures en sciences et depuis 2005 j\u2019\u00e9cris et r\u00e9alise des courts-m\u00e9trages, la\u2026","rel":"","context":"Dans &quot;INSPIRATION&quot;","block_context":{"text":"INSPIRATION","link":"https:\/\/shunrize.com\/blog\/category\/interview\/"},"img":{"alt_text":"","src":"https:\/\/i0.wp.com\/shunrize.com\/blog\/wp-content\/uploads\/2009\/06\/Remy-Berthemin-Basset.jpg?fit=1200%2C520&ssl=1&resize=350%2C200","width":350,"height":200,"srcset":"https:\/\/i0.wp.com\/shunrize.com\/blog\/wp-content\/uploads\/2009\/06\/Remy-Berthemin-Basset.jpg?fit=1200%2C520&ssl=1&resize=350%2C200 1x, https:\/\/i0.wp.com\/shunrize.com\/blog\/wp-content\/uploads\/2009\/06\/Remy-Berthemin-Basset.jpg?fit=1200%2C520&ssl=1&resize=525%2C300 1.5x, https:\/\/i0.wp.com\/shunrize.com\/blog\/wp-content\/uploads\/2009\/06\/Remy-Berthemin-Basset.jpg?fit=1200%2C520&ssl=1&resize=700%2C400 2x, https:\/\/i0.wp.com\/shunrize.com\/blog\/wp-content\/uploads\/2009\/06\/Remy-Berthemin-Basset.jpg?fit=1200%2C520&ssl=1&resize=1050%2C600 3x"},"classes":[]},{"id":27880,"url":"https:\/\/shunrize.com\/blog\/festival-des-arcs-2012-palmares\/","url_meta":{"origin":10154,"position":1},"title":"Festival des Arcs 2012 : Bilan et Palmar\u00e8s","author":"Val\u00e9rie Denise","date":"23\/12\/2012","format":false,"excerpt":"\u00c9v\u00e9nement culturel majeur install\u00e9 sur l'un des plus beaux domaines skiables au monde, le Festival de Cin\u00e9ma Europ\u00e9en des Arcs s\u2019est achev\u00e9 ce vendredi apr\u00e8s une semaine de festivit\u00e9s au c\u0153ur des Alpes. Le public a ainsi pu d\u00e9couvrir du 15 au 22 d\u00e9cembre derniers pr\u00e8s de 60 \u0153uvres venues\u2026","rel":"","context":"Dans &quot;CULTURE&quot;","block_context":{"text":"CULTURE","link":"https:\/\/shunrize.com\/blog\/category\/culture\/"},"img":{"alt_text":"","src":"https:\/\/i0.wp.com\/shunrize.com\/blog\/wp-content\/uploads\/2012\/12\/festival-des-arcs-2012-bilan.jpg?fit=628%2C356&ssl=1&resize=350%2C200","width":350,"height":200,"srcset":"https:\/\/i0.wp.com\/shunrize.com\/blog\/wp-content\/uploads\/2012\/12\/festival-des-arcs-2012-bilan.jpg?fit=628%2C356&ssl=1&resize=350%2C200 1x, https:\/\/i0.wp.com\/shunrize.com\/blog\/wp-content\/uploads\/2012\/12\/festival-des-arcs-2012-bilan.jpg?fit=628%2C356&ssl=1&resize=525%2C300 1.5x"},"classes":[]},{"id":19190,"url":"https:\/\/shunrize.com\/blog\/interview-zack-snyder\/","url_meta":{"origin":10154,"position":2},"title":"Zack Snyder pour Sucker Punch","author":"Val\u00e9rie Denise","date":"31\/03\/2011","format":false,"excerpt":"Apr\u00e8s WATCHMEN et LE ROYAUME DE GA'HOOLE, Zack Snyder, s'attaque \u00e0 une relecture d'ALICE AU PAYS DES MERVEILLES et nous offre un sombre conte fantastique boost\u00e9 aux effets sp\u00e9ciaux. Rencontre avec ce r\u00e9alisateur passionn\u00e9. H\u00e9ro\u00efnes sexy lourdement arm\u00e9es, horde d'ennemis improbables, B.O survitamin\u00e9e, SUCKER PUNCH nous d\u00e9montre une fois encore\u2026","rel":"","context":"Dans &quot;INSPIRATION&quot;","block_context":{"text":"INSPIRATION","link":"https:\/\/shunrize.com\/blog\/category\/interview\/"},"img":{"alt_text":"","src":"https:\/\/i0.wp.com\/shunrize.com\/blog\/wp-content\/uploads\/2011\/03\/Zack-Snyder-Sucker-Punch.jpg?fit=1200%2C520&ssl=1&resize=350%2C200","width":350,"height":200,"srcset":"https:\/\/i0.wp.com\/shunrize.com\/blog\/wp-content\/uploads\/2011\/03\/Zack-Snyder-Sucker-Punch.jpg?fit=1200%2C520&ssl=1&resize=350%2C200 1x, https:\/\/i0.wp.com\/shunrize.com\/blog\/wp-content\/uploads\/2011\/03\/Zack-Snyder-Sucker-Punch.jpg?fit=1200%2C520&ssl=1&resize=525%2C300 1.5x, https:\/\/i0.wp.com\/shunrize.com\/blog\/wp-content\/uploads\/2011\/03\/Zack-Snyder-Sucker-Punch.jpg?fit=1200%2C520&ssl=1&resize=700%2C400 2x, https:\/\/i0.wp.com\/shunrize.com\/blog\/wp-content\/uploads\/2011\/03\/Zack-Snyder-Sucker-Punch.jpg?fit=1200%2C520&ssl=1&resize=1050%2C600 3x"},"classes":[]},{"id":38601,"url":"https:\/\/shunrize.com\/blog\/soutenez-night-fare-de-julien-seri\/","url_meta":{"origin":10154,"position":3},"title":"Soutenez Night fare, le prochain film de Julien Seri","author":"Val\u00e9rie Denise","date":"31\/07\/2014","format":false,"excerpt":"Fan de cin\u00e9ma de genre ? Participez \u00e0 une aventure cin\u00e9matographique en finan\u00e7ant \u00abNight Fare\u00bb, le nouveau film de Julien Seri.","rel":"","context":"Dans &quot;DEVIANT ZONE&quot;","block_context":{"text":"DEVIANT ZONE","link":"https:\/\/shunrize.com\/blog\/category\/deviant-zone\/"},"img":{"alt_text":"","src":"https:\/\/i0.wp.com\/shunrize.com\/blog\/wp-content\/uploads\/2014\/07\/Night-Fare-Julien-Seri.png?fit=628%2C356&ssl=1&resize=350%2C200","width":350,"height":200,"srcset":"https:\/\/i0.wp.com\/shunrize.com\/blog\/wp-content\/uploads\/2014\/07\/Night-Fare-Julien-Seri.png?fit=628%2C356&ssl=1&resize=350%2C200 1x, https:\/\/i0.wp.com\/shunrize.com\/blog\/wp-content\/uploads\/2014\/07\/Night-Fare-Julien-Seri.png?fit=628%2C356&ssl=1&resize=525%2C300 1.5x"},"classes":[]},{"id":19090,"url":"https:\/\/shunrize.com\/blog\/critique-sucker-punch\/","url_meta":{"origin":10154,"position":4},"title":"Cin\u00e9ma | Sucker Punch &#8211; Critique","author":"Val\u00e9rie Denise","date":"26\/03\/2011","format":false,"excerpt":"Premier long-m\u00e9trage de Zack Snyder qui ne s'inspire pas d'une \u0153uvre existante, SUCKER PUNCH \u00e9tait pourtant tr\u00e8s attendu. Un film o\u00f9 l'on voit des bombasses habill\u00e9es de fa\u00e7on sexy, lourdement arm\u00e9es pour repousser les assauts de zombies nazis, forc\u00e9ment cela attire l'int\u00e9r\u00eat des fanboys et geeks de tous bords. Fustig\u00e9\u2026","rel":"","context":"Dans &quot;CULTURE&quot;","block_context":{"text":"CULTURE","link":"https:\/\/shunrize.com\/blog\/category\/culture\/"},"img":{"alt_text":"","src":"https:\/\/i0.wp.com\/shunrize.com\/blog\/wp-content\/uploads\/2011\/03\/Zack-Snyder-Sucker-Punch.jpg?fit=1200%2C520&ssl=1&resize=350%2C200","width":350,"height":200,"srcset":"https:\/\/i0.wp.com\/shunrize.com\/blog\/wp-content\/uploads\/2011\/03\/Zack-Snyder-Sucker-Punch.jpg?fit=1200%2C520&ssl=1&resize=350%2C200 1x, https:\/\/i0.wp.com\/shunrize.com\/blog\/wp-content\/uploads\/2011\/03\/Zack-Snyder-Sucker-Punch.jpg?fit=1200%2C520&ssl=1&resize=525%2C300 1.5x, https:\/\/i0.wp.com\/shunrize.com\/blog\/wp-content\/uploads\/2011\/03\/Zack-Snyder-Sucker-Punch.jpg?fit=1200%2C520&ssl=1&resize=700%2C400 2x, https:\/\/i0.wp.com\/shunrize.com\/blog\/wp-content\/uploads\/2011\/03\/Zack-Snyder-Sucker-Punch.jpg?fit=1200%2C520&ssl=1&resize=1050%2C600 3x"},"classes":[]},{"id":61353,"url":"https:\/\/shunrize.com\/blog\/les-monteurs-s-affichent-2020-interview-dounia-sichov-et-stephane-elmadjian\/","url_meta":{"origin":10154,"position":5},"title":"Les Monteurs s&rsquo;affichent 2020 : Dounia Sichov et St\u00e9phane Elmadjian sortent de l\u2019ombre","author":"Val\u00e9rie Denise","date":"03\/03\/2020","format":false,"excerpt":"La 4e \u00e9dition du festival Les Monteurs s'affichent se d\u00e9roulera du 04 au 08 mars prochains au cin\u00e9ma Luminor H\u00f4tel de Ville \u00e0 Paris. A la veille de ces 5 jours de projections et de rencontres autour du montage, Dounia Sichov et St\u00e9phane Elmadjian ont r\u00e9pondu \u00e0 mes questions. Oscillant\u2026","rel":"","context":"Dans &quot;INSPIRATION&quot;","block_context":{"text":"INSPIRATION","link":"https:\/\/shunrize.com\/blog\/category\/interview\/"},"img":{"alt_text":"","src":"https:\/\/i0.wp.com\/shunrize.com\/blog\/wp-content\/uploads\/2020\/03\/les-monteurs-s-affichent-bandeau.jpg?fit=1200%2C520&ssl=1&resize=350%2C200","width":350,"height":200,"srcset":"https:\/\/i0.wp.com\/shunrize.com\/blog\/wp-content\/uploads\/2020\/03\/les-monteurs-s-affichent-bandeau.jpg?fit=1200%2C520&ssl=1&resize=350%2C200 1x, https:\/\/i0.wp.com\/shunrize.com\/blog\/wp-content\/uploads\/2020\/03\/les-monteurs-s-affichent-bandeau.jpg?fit=1200%2C520&ssl=1&resize=525%2C300 1.5x, https:\/\/i0.wp.com\/shunrize.com\/blog\/wp-content\/uploads\/2020\/03\/les-monteurs-s-affichent-bandeau.jpg?fit=1200%2C520&ssl=1&resize=700%2C400 2x, https:\/\/i0.wp.com\/shunrize.com\/blog\/wp-content\/uploads\/2020\/03\/les-monteurs-s-affichent-bandeau.jpg?fit=1200%2C520&ssl=1&resize=1050%2C600 3x"},"classes":[]}],"jetpack_sharing_enabled":true,"_links":{"self":[{"href":"https:\/\/shunrize.com\/blog\/wp-json\/wp\/v2\/posts\/10154","targetHints":{"allow":["GET"]}}],"collection":[{"href":"https:\/\/shunrize.com\/blog\/wp-json\/wp\/v2\/posts"}],"about":[{"href":"https:\/\/shunrize.com\/blog\/wp-json\/wp\/v2\/types\/post"}],"author":[{"embeddable":true,"href":"https:\/\/shunrize.com\/blog\/wp-json\/wp\/v2\/users\/1"}],"replies":[{"embeddable":true,"href":"https:\/\/shunrize.com\/blog\/wp-json\/wp\/v2\/comments?post=10154"}],"version-history":[{"count":0,"href":"https:\/\/shunrize.com\/blog\/wp-json\/wp\/v2\/posts\/10154\/revisions"}],"wp:featuredmedia":[{"embeddable":true,"href":"https:\/\/shunrize.com\/blog\/wp-json\/wp\/v2\/media\/62327"}],"wp:attachment":[{"href":"https:\/\/shunrize.com\/blog\/wp-json\/wp\/v2\/media?parent=10154"}],"wp:term":[{"taxonomy":"category","embeddable":true,"href":"https:\/\/shunrize.com\/blog\/wp-json\/wp\/v2\/categories?post=10154"},{"taxonomy":"post_tag","embeddable":true,"href":"https:\/\/shunrize.com\/blog\/wp-json\/wp\/v2\/tags?post=10154"}],"curies":[{"name":"wp","href":"https:\/\/api.w.org\/{rel}","templated":true}]}}